{"id":79400,"date":"2023-03-13T09:48:38","date_gmt":"2023-03-13T12:48:38","guid":{"rendered":"https:\/\/www.centraldenoticias.com.ar\/?p=79400"},"modified":"2023-03-13T09:50:13","modified_gmt":"2023-03-13T12:50:13","slug":"nueva-fecha-para-el-lanzamiento-de-burlando-en-olavarria","status":"publish","type":"post","link":"https:\/\/cdnoticias.com\/index.php\/2023\/03\/13\/nueva-fecha-para-el-lanzamiento-de-burlando-en-olavarria\/","title":{"rendered":"Nueva fecha para el lanzamiento de Burlando en Olavarr\u00eda"},"content":{"rendered":"<p>Ser\u00e1 el viernes 17 de marzo. El precandidato a Gobernador de la Provincia de Buenos Aires realizar\u00e1 una actividad en la plaza Coronel Olavarr\u00eda.<!--more--><\/p>\n<hr \/>\n<p>El precandidato a Gobernador de la provincia de Buenos Aires, Fernando Burlando, estar\u00e1 en Olavarr\u00eda para realizar su <strong>lanzamiento en la s\u00e9ptima secci\u00f3n electoral.<\/strong><\/p>\n<p>&nbsp;<\/p>\n<p>La actividad se concentrar\u00e1 en la <strong>Plaza Coronel Olavarr\u00eda a las 11:00.<\/strong> Luego realizar\u00e1 una conferencia de prensa en la confiter\u00eda TASCA.<\/p>\n<p>&nbsp;<\/p>\n<p>Burlando adem\u00e1s, realizar\u00e1 una caminata y conferencia de prensa en la ciudad de <strong>Azul<\/strong>. En horas de la tarde finalizar\u00e1 la actividad con una caminata por el centro de <strong>25 de Mayo<\/strong>, culminando con un encuentro con los medios de comunicaci\u00f3n.<\/p>\n<p>&nbsp;<\/p>\n<p>En Olavarr\u00eda participar\u00e1 el <strong>referente local de Burlando y anfitri\u00f3n Dr. Vicente Troncoso<\/strong>, acompa\u00f1ado de todos los sectores que integran la junta promotora en Olavarr\u00eda, como as\u00ed tambi\u00e9n estar\u00e1 presente el referente seccional Mat\u00edas Valdez oriundo de Tapalqu\u00e9, que estar\u00e1 acompa\u00f1ado por dirigentes de los 8 distritos de la s\u00e9ptima secci\u00f3n electoral (Azul, Roque P\u00e9rez, Saladillo, Veinticinco de Mayo, Bol\u00edvar, Gral. Alvear, Tapaqu\u00e9).<\/p>\n<p>&nbsp;<\/p>\n<p>Tambi\u00e9n ser\u00e1n parte de la actividad los <strong>dirigentes provinciales<\/strong>, Rodolfo Baqu\u00e9 presidente del MIF, Gast\u00f3n Y\u00e1\u00f1ez apoderado del MIF, Pablo Cuomo MIF y Jorge Coassini ARF (Alternativa Republicana Federal).<\/p>\n","protected":false},"excerpt":{"rendered":"<p>Ser\u00e1 el viernes 17 de marzo. El precandidato a Gobernador de la Provincia de Buenos Aires realizar\u00e1 una actividad en<\/p>\n","protected":false},"author":5,"featured_media":79401,"comment_status":"closed","ping_status":"closed","sticky":false,"template":"","format":"standard","meta":{"_jetpack_memberships_contains_paid_content":false,"footnotes":""},"categories":[4,1],"tags":[],"class_list":["post-79400","post","type-post","status-publish","format-standard","has-post-thumbnail","hentry","category-politica","category-portada"],"jetpack_featured_media_url":"https:\/\/i0.wp.com\/cdnoticias.com\/wp-content\/uploads\/2023\/03\/fernando-bulando-01.jpg?fit=1508%2C839&ssl=1","jetpack_sharing_enabled":true,"_links":{"self":[{"href":"https:\/\/cdnoticias.com\/index.php\/wp-json\/wp\/v2\/posts\/79400","targetHints":{"allow":["GET"]}}],"collection":[{"href":"https:\/\/cdnoticias.com\/index.php\/wp-json\/wp\/v2\/posts"}],"about":[{"href":"https:\/\/cdnoticias.com\/index.php\/wp-json\/wp\/v2\/types\/post"}],"author":[{"embeddable":true,"href":"https:\/\/cdnoticias.com\/index.php\/wp-json\/wp\/v2\/users\/5"}],"replies":[{"embeddable":true,"href":"https:\/\/cdnoticias.com\/index.php\/wp-json\/wp\/v2\/comments?post=79400"}],"version-history":[{"count":0,"href":"https:\/\/cdnoticias.com\/index.php\/wp-json\/wp\/v2\/posts\/79400\/revisions"}],"wp:featuredmedia":[{"embeddable":true,"href":"https:\/\/cdnoticias.com\/index.php\/wp-json\/wp\/v2\/media\/79401"}],"wp:attachment":[{"href":"https:\/\/cdnoticias.com\/index.php\/wp-json\/wp\/v2\/media?parent=79400"}],"wp:term":[{"taxonomy":"category","embeddable":true,"href":"https:\/\/cdnoticias.com\/index.php\/wp-json\/wp\/v2\/categories?post=79400"},{"taxonomy":"post_tag","embeddable":true,"href":"https:\/\/cdnoticias.com\/index.php\/wp-json\/wp\/v2\/tags?post=79400"}],"curies":[{"name":"wp","href":"https:\/\/api.w.org\/{rel}","templated":true}]}}