{"id":79381,"date":"2023-03-12T20:00:32","date_gmt":"2023-03-12T23:00:32","guid":{"rendered":"https:\/\/www.centraldenoticias.com.ar\/?p=79381"},"modified":"2023-03-13T08:16:30","modified_gmt":"2023-03-13T11:16:30","slug":"apresan-a-un-expolicia-por-el-femicidio-de-sofia-vicente","status":"publish","type":"post","link":"https:\/\/cdnoticias.com\/index.php\/2023\/03\/12\/apresan-a-un-expolicia-por-el-femicidio-de-sofia-vicente\/","title":{"rendered":"Apresan a un expolic\u00eda por el femicidio de Sof\u00eda Vicente"},"content":{"rendered":"<p>Se trata de Pablo Mart\u00edn Olalde, quien se neg\u00f3 a declarar ante la fiscal Paula Serrano, a cargo de la UFI N4.<br \/>\n<!--more--><\/p>\n<hr \/>\n<p>Un <strong>expolic\u00eda de 45 a\u00f1os fue detenido acusado de cometer el femicidio de Sof\u00eda Vicente<\/strong>, la joven de 22 a\u00f1os que el jueves hab\u00eda sido <a href=\"https:\/\/cdnoticias.com\/index.php\/2023\/03\/09\/confirman-que-el-cuerpo-hallado-en-un-pozo-es-el-de-sofia-belen-vicente\/\" target=\"_blank\" rel=\"noopener\">encontrada en un pozo ciego de un campo<\/a> tras permanecer desaparecida desde el s\u00e1bado \u00faltimo, y tras ser capturado, <strong>se neg\u00f3 a declarar.<\/strong><\/p>\n<p>&nbsp;<\/p>\n<p>Se trata de <strong>Pablo Mart\u00edn Olalde<\/strong>, quien se neg\u00f3 a declarar ante la <strong>fiscal Paula Serrano,<\/strong> cargo de la Unidad Funcional de Instrucci\u00f3n (UFI) 4, quien lo<strong> imput\u00f3 por el crimen de \u201chomicidio agravado por alevos\u00eda y femicidio<\/strong>\u201d en perjuicio de Sof\u00eda Vicente de 22 a\u00f1os. A su vez, <strong>hay otro sospechoso que se encuentra pr\u00f3fugo<\/strong> y hasta esta tarde era intensamente buscado por las autoridades.<\/p>\n<p>&nbsp;<\/p>\n<p>En tanto, <strong>familiares de la v\u00edctima convocaron a una manifestaci\u00f3n<\/strong> para<strong> exigir \u201cJusticia por Sof\u00eda\u201d<\/strong>, que se realizar\u00e1 <strong>este lunes a partir de las 10:00 frente a la fiscal\u00eda de Olavarr\u00eda<\/strong>, ubicada sobre la calle Rufino Fal 2900.<\/p>\n<p>&nbsp;<\/p>\n<p>Esta movilizaci\u00f3n se realizar\u00e1 luego de que el pasado viernes unas<a href=\"https:\/\/cdnoticias.com\/index.php\/2023\/03\/10\/conmovedora-movilizacion-en-pedido-de-justicia-por-sofia-belen-vicente\/\" target=\"_blank\" rel=\"noopener\"> 5.000 personas participaron de una marcha<\/a>, convocada por la Casa de la Mujer de Olavarr\u00eda, en la que pidieron que se capture a los asesinos de Sof\u00eda.<\/p>\n<p>&nbsp;<\/p>\n<p>El<strong> informe preliminar de la autopsia<\/strong> que recibi\u00f3 la fiscal de la causa, Paula Serrano, indic\u00f3 que<a href=\"https:\/\/cdnoticias.com\/index.php\/2023\/03\/11\/se-conocio-el-resultado-preliminar-de-la-autopsia-de-sofia-belen-vicente\/\" target=\"_blank\" rel=\"noopener\"> la joven recibi\u00f3 el balazo y ten\u00eda signos de ahorcadura<\/a> a lazo, es decir con un cable o una soga.<\/p>\n<p>&nbsp;<\/p>\n<p>Adem\u00e1s, sus piernas estaban atadas y sus ojos vendados, por lo que los pesquisas sospechan que el ataque fue cometido por m\u00e1s de una persona. En tanto, los peritos tambi\u00e9n establecieron que no hab\u00eda signos de abuso sexual.<\/p>\n<p>&nbsp;<\/p>\n<p>Este domingo la <strong>Fiscal\u00eda General de Azul<\/strong> <a href=\"https:\/\/cdnoticias.com\/index.php\/2023\/03\/12\/avanza-la-investigacion-del-femicidio-de-sofia-hay-dos-sospechados\/\" target=\"_blank\" rel=\"noopener\">emiti\u00f3 un comunicado donde dio cuenta de que hab\u00eda dos sospechosos<\/a> pero no se brind\u00f3 m\u00e1s informaci\u00f3n al respecto.<\/p>\n<p>&nbsp;<\/p>\n<p><strong>Ante casos de violencia de g\u00e9nero: L\u00ednea 144: atenci\u00f3n, contenci\u00f3n y asesoramiento en situaciones de violencia de g\u00e9nero. Por WhatsApp: +5491127716463).<\/strong><\/p>\n<p>&nbsp;<\/p>\n<p><em>Fuente: DIB\u00a0<\/em><\/p>\n","protected":false},"excerpt":{"rendered":"<p>Se trata de Pablo Mart\u00edn Olalde, quien se neg\u00f3 a declarar ante la fiscal Paula Serrano, a cargo de la<\/p>\n","protected":false},"author":6,"featured_media":79382,"comment_status":"closed","ping_status":"closed","sticky":false,"template":"","format":"standard","meta":{"_jetpack_memberships_contains_paid_content":false,"footnotes":""},"categories":[14,1],"tags":[],"class_list":["post-79381","post","type-post","status-publish","format-standard","has-post-thumbnail","hentry","category-policiales","category-portada"],"jetpack_featured_media_url":"https:\/\/i0.wp.com\/cdnoticias.com\/wp-content\/uploads\/2023\/03\/sofia-vicente-696x409-1.jpg?fit=696%2C409&ssl=1","jetpack_sharing_enabled":true,"_links":{"self":[{"href":"https:\/\/cdnoticias.com\/index.php\/wp-json\/wp\/v2\/posts\/79381","targetHints":{"allow":["GET"]}}],"collection":[{"href":"https:\/\/cdnoticias.com\/index.php\/wp-json\/wp\/v2\/posts"}],"about":[{"href":"https:\/\/cdnoticias.com\/index.php\/wp-json\/wp\/v2\/types\/post"}],"author":[{"embeddable":true,"href":"https:\/\/cdnoticias.com\/index.php\/wp-json\/wp\/v2\/users\/6"}],"replies":[{"embeddable":true,"href":"https:\/\/cdnoticias.com\/index.php\/wp-json\/wp\/v2\/comments?post=79381"}],"version-history":[{"count":0,"href":"https:\/\/cdnoticias.com\/index.php\/wp-json\/wp\/v2\/posts\/79381\/revisions"}],"wp:featuredmedia":[{"embeddable":true,"href":"https:\/\/cdnoticias.com\/index.php\/wp-json\/wp\/v2\/media\/79382"}],"wp:attachment":[{"href":"https:\/\/cdnoticias.com\/index.php\/wp-json\/wp\/v2\/media?parent=79381"}],"wp:term":[{"taxonomy":"category","embeddable":true,"href":"https:\/\/cdnoticias.com\/index.php\/wp-json\/wp\/v2\/categories?post=79381"},{"taxonomy":"post_tag","embeddable":true,"href":"https:\/\/cdnoticias.com\/index.php\/wp-json\/wp\/v2\/tags?post=79381"}],"curies":[{"name":"wp","href":"https:\/\/api.w.org\/{rel}","templated":true}]}}