{"id":79344,"date":"2023-03-12T12:54:04","date_gmt":"2023-03-12T15:54:04","guid":{"rendered":"https:\/\/www.centraldenoticias.com.ar\/?p=79344"},"modified":"2023-03-12T14:13:17","modified_gmt":"2023-03-12T17:13:17","slug":"coopelectric-trabaja-para-restituir-la-electricidad-en-el-luchador","status":"publish","type":"post","link":"https:\/\/cdnoticias.com\/index.php\/2023\/03\/12\/coopelectric-trabaja-para-restituir-la-electricidad-en-el-luchador\/","title":{"rendered":"Coopelectric trabaja para restituir la electricidad en El Luchador"},"content":{"rendered":"<p>El servicio est\u00e1 cortado desde el viernes por un temporal de viento. Las tareas contin\u00faan este domingo. Ya se repuso la electricidad en Santa Luisa primero y en 16 de Julio, despu\u00e9s.<\/p>\n<p><!--more--><\/p>\n<hr \/>\n<p><strong>Coopelectric inform\u00f3 que durante la madrugada del d\u00eda viernes se registr\u00f3 un temporal con intensas r\u00e1fagas de viento<\/strong> que afect\u00f3 las instalaciones del Servicio El\u00e9ctrico en el sistema rural<strong> Santa Luisa.<\/strong><\/p>\n<p>&nbsp;<\/p>\n<p>\u201cPor tal motivo, <strong>el mismo viernes el personal de Coopelectric realiz\u00f3 tareas en la zona<\/strong>, logrando restablecer el suministro en gran parte del sector\u201d se indic\u00f3.<\/p>\n<p>&nbsp;<\/p>\n<blockquote><p>No obstante, se aclar\u00f3 que \u201cpor la magnitud de los da\u00f1os ocasionados, no fue posible restituirlo en las derivaciones a 16 de Julio y El Luchador\u201d.<\/p><\/blockquote>\n<p>&nbsp;<\/p>\n<p><img data-recalc-dims=\"1\" loading=\"lazy\" decoding=\"async\" class=\"size-full wp-image-79346 aligncenter\" src=\"https:\/\/i0.wp.com\/cdnoticias.com\/wp-content\/uploads\/2023\/03\/coopelectric-temporal-santa-luisa-01.jpg?resize=800%2C445&#038;ssl=1\" alt=\"\" width=\"800\" height=\"445\" srcset=\"https:\/\/i0.wp.com\/cdnoticias.com\/wp-content\/uploads\/2023\/03\/coopelectric-temporal-santa-luisa-01.jpg?w=800&amp;ssl=1 800w, https:\/\/i0.wp.com\/cdnoticias.com\/wp-content\/uploads\/2023\/03\/coopelectric-temporal-santa-luisa-01.jpg?resize=300%2C167&amp;ssl=1 300w, https:\/\/i0.wp.com\/cdnoticias.com\/wp-content\/uploads\/2023\/03\/coopelectric-temporal-santa-luisa-01.jpg?resize=768%2C427&amp;ssl=1 768w\" sizes=\"auto, (max-width: 800px) 100vw, 800px\" \/><\/p>\n<p>&nbsp;<\/p>\n<p>En dichos sectores se realizaron <strong>trabajos de reparaci\u00f3n durante toda la jornada del s\u00e1bado, los cuales contin\u00faan este domingo.<\/strong><\/p>\n<p>&nbsp;<\/p>\n<blockquote><p>En la ma\u00f1ana de este domingo se restituy\u00f3 el suministro a la derivaci\u00f3n 16 de Julio y prosiguen las tareas para poder normalizar El Luchador, destac\u00f3 la cooperativa.<\/p><\/blockquote>\n<p>&nbsp;<\/p>\n","protected":false},"excerpt":{"rendered":"<p>El servicio est\u00e1 cortado desde el viernes por un temporal de viento. Las tareas contin\u00faan este domingo. Ya se repuso<\/p>\n","protected":false},"author":4,"featured_media":79345,"comment_status":"closed","ping_status":"closed","sticky":false,"template":"","format":"standard","meta":{"_jetpack_memberships_contains_paid_content":false,"footnotes":""},"categories":[5,1],"tags":[],"class_list":["post-79344","post","type-post","status-publish","format-standard","has-post-thumbnail","hentry","category-informacion-general","category-portada"],"jetpack_featured_media_url":"https:\/\/i0.wp.com\/cdnoticias.com\/wp-content\/uploads\/2023\/03\/coopelectric-temporal-santa-luisa-00.jpg?fit=800%2C445&ssl=1","jetpack_sharing_enabled":true,"_links":{"self":[{"href":"https:\/\/cdnoticias.com\/index.php\/wp-json\/wp\/v2\/posts\/79344","targetHints":{"allow":["GET"]}}],"collection":[{"href":"https:\/\/cdnoticias.com\/index.php\/wp-json\/wp\/v2\/posts"}],"about":[{"href":"https:\/\/cdnoticias.com\/index.php\/wp-json\/wp\/v2\/types\/post"}],"author":[{"embeddable":true,"href":"https:\/\/cdnoticias.com\/index.php\/wp-json\/wp\/v2\/users\/4"}],"replies":[{"embeddable":true,"href":"https:\/\/cdnoticias.com\/index.php\/wp-json\/wp\/v2\/comments?post=79344"}],"version-history":[{"count":0,"href":"https:\/\/cdnoticias.com\/index.php\/wp-json\/wp\/v2\/posts\/79344\/revisions"}],"wp:featuredmedia":[{"embeddable":true,"href":"https:\/\/cdnoticias.com\/index.php\/wp-json\/wp\/v2\/media\/79345"}],"wp:attachment":[{"href":"https:\/\/cdnoticias.com\/index.php\/wp-json\/wp\/v2\/media?parent=79344"}],"wp:term":[{"taxonomy":"category","embeddable":true,"href":"https:\/\/cdnoticias.com\/index.php\/wp-json\/wp\/v2\/categories?post=79344"},{"taxonomy":"post_tag","embeddable":true,"href":"https:\/\/cdnoticias.com\/index.php\/wp-json\/wp\/v2\/tags?post=79344"}],"curies":[{"name":"wp","href":"https:\/\/api.w.org\/{rel}","templated":true}]}}