{"id":79341,"date":"2023-03-12T14:11:29","date_gmt":"2023-03-12T17:11:29","guid":{"rendered":"https:\/\/www.centraldenoticias.com.ar\/?p=79341"},"modified":"2023-03-12T19:00:51","modified_gmt":"2023-03-12T22:00:51","slug":"avanza-la-investigacion-del-femicidio-de-sofia-hay-dos-sospechados","status":"publish","type":"post","link":"https:\/\/cdnoticias.com\/index.php\/2023\/03\/12\/avanza-la-investigacion-del-femicidio-de-sofia-hay-dos-sospechados\/","title":{"rendered":"Avanza la investigaci\u00f3n del femicidio de Sof\u00eda: hay dos sospechados"},"content":{"rendered":"<p>Lo inform\u00f3 la Fiscal\u00eda General de Azul que expuso ello surge de una hip\u00f3tesis de investigaci\u00f3n en la que \u201cse trabaja diligentemente\u201d desde la UFI 4. \u201cRespeto a la memoria de Sof\u00eda\u201d pidi\u00f3 el Ministerio P\u00fablico.<\/p>\n<p><!--more--><\/p>\n<hr \/>\n<p>En medio de<strong> versiones no confirmadas<\/strong> sobre personas detenidas y aprehendidas por el <strong>femicidio de Sof\u00eda Vicente<\/strong>, <strong>la Fiscal\u00eda General del Departamento Judicial Azul emiti\u00f3 un comunicado este domingo<\/strong> en el que se expusieron los<strong> \u201cavances\u201d en la investigaci\u00f3n<\/strong> para dar cuenta de la \u201cdemanda de informaci\u00f3n\u201d que despierta el tema en la comunidad.<\/p>\n<p>&nbsp;<\/p>\n<blockquote><p>El organismo del Ministerio P\u00fablico que encabeza el fiscal general Marcelo Sobrino inform\u00f3 que, en base a datos aportados por la Unidad Funcional de Instrucci\u00f3n n.\u00ba 4 \u00a0a cargo de la doctora Paula Serrano, que lleva adelante las averiguaciones, \u201cen la causa respecto al femicidio de la joven Sofia Vicente se est\u00e1 avanzando diligentemente en una hip\u00f3tesis de investigaci\u00f3n que incluye al d\u00eda de la fecha al menos dos sospechosos\u201d.<\/p><\/blockquote>\n<p>&nbsp;<\/p>\n<p>\u201cLa diligencia debida impone en este momento<strong> trabajar fuertemente en la obtenci\u00f3n de medios de pruebas que lleven a esclarecer lo ocurrido<\/strong> con Sofia y sirvan de s\u00f3lido basamento para la imputaci\u00f3n de las responsabilidades penales que quepan a los responsables de su muerte\u201d se agreg\u00f3.<\/p>\n<p>&nbsp;<\/p>\n<p><img data-recalc-dims=\"1\" loading=\"lazy\" decoding=\"async\" class=\"size-full wp-image-79109 aligncenter\" src=\"https:\/\/i0.wp.com\/cdnoticias.com\/wp-content\/uploads\/2023\/03\/hallazgo-mujer-camino-a-crotto-04.jpg?resize=800%2C445&#038;ssl=1\" alt=\"\" width=\"800\" height=\"445\" srcset=\"https:\/\/i0.wp.com\/cdnoticias.com\/wp-content\/uploads\/2023\/03\/hallazgo-mujer-camino-a-crotto-04.jpg?w=800&amp;ssl=1 800w, https:\/\/i0.wp.com\/cdnoticias.com\/wp-content\/uploads\/2023\/03\/hallazgo-mujer-camino-a-crotto-04.jpg?resize=300%2C167&amp;ssl=1 300w, https:\/\/i0.wp.com\/cdnoticias.com\/wp-content\/uploads\/2023\/03\/hallazgo-mujer-camino-a-crotto-04.jpg?resize=768%2C427&amp;ssl=1 768w\" sizes=\"auto, (max-width: 800px) 100vw, 800px\" \/><\/p>\n<p>&nbsp;<\/p>\n<p>En ese marco, se plante\u00f3 que <strong>la Fiscal\u00eda General atiende \u201cla demanda de informaci\u00f3n de la investigaci\u00f3n\u201d<\/strong> y por ello se decidi\u00f3 que \u201cse mantendr\u00e1 informada a la sociedad de los avances de la investigaci\u00f3n, siempre que dicha informaci\u00f3n no comprometa el avance de la misma\u201d.<\/p>\n<p>&nbsp;<\/p>\n<blockquote><p>\u201cDurante la jornada de ma\u00f1ana lunes, la dra. Paula Serrano brindar\u00e1 las precisiones de la presente causa penal\u201d adelant\u00f3 el \u00f3rgano Departamental.<\/p><\/blockquote>\n<p>&nbsp;<\/p>\n<p>Por \u00faltimo, est\u00e1 Fiscal\u00eda General Departamental Azul, solicit\u00f3<strong> \u201crespeto a la memoria de Sofia, a sus seres queridos y a la sociedad en conjunto<\/strong> y en el caso que alguien tenga alg\u00fan dato para aportar que se acerque a la UFI 4 de la doctora Serrano\u201d.<\/p>\n<p>&nbsp;<\/p>\n<p>El caso<\/p>\n<p>&nbsp;<\/p>\n<p>El cuerpo de Sof\u00eda Bel\u00e9n Vicente (23) fue hallado <a href=\"https:\/\/cdnoticias.com\/index.php\/2023\/03\/09\/confirman-que-el-cuerpo-hallado-en-un-pozo-es-el-de-sofia-belen-vicente\/\" target=\"_blank\" rel=\"noopener\">el jueves en un campo de inmediaciones de Del Valle y ruta 60<\/a>. <strong>La fiscal Paula Serrano de la UFI N\u00ba 4, a cargo de las averiguaciones, indic\u00f3\u00a0 que se sospecha de la participaci\u00f3n de una o m\u00e1s personas en el crimen<\/strong> y adem\u00e1s <a href=\"https:\/\/cdnoticias.com\/index.php\/2023\/03\/10\/serrano-hubo-intervencion-de-una-o-mas-personas-en-el-asesinato-de-sofia\/\" target=\"_blank\" rel=\"noopener\">dej\u00f3 entrever que se contemplan distintos grados de responsabilidad<\/a> en la variedad de hip\u00f3tesis que se analizan.<\/p>\n<p>&nbsp;<\/p>\n<p>Tal como se revel\u00f3 a partir del <a href=\"https:\/\/cdnoticias.com\/index.php\/2023\/03\/11\/se-conocio-el-resultado-preliminar-de-la-autopsia-de-sofia-belen-vicente\/\" target=\"_blank\" rel=\"noopener\">informe preliminar de autopsia<\/a> <strong>la joven presentaba un disparo en la nuca y signos de ahorcamiento<\/strong>, no pudiendo determinarse con precisi\u00f3n cu\u00e1l de las lesiones fue la causa de muerte.<\/p>\n<p>&nbsp;<\/p>\n<p><img data-recalc-dims=\"1\" loading=\"lazy\" decoding=\"async\" class=\"size-full wp-image-79281 aligncenter\" src=\"https:\/\/i0.wp.com\/cdnoticias.com\/wp-content\/uploads\/2023\/03\/sofia-vicente.jpg?resize=800%2C444&#038;ssl=1\" alt=\"\" width=\"800\" height=\"444\" srcset=\"https:\/\/i0.wp.com\/cdnoticias.com\/wp-content\/uploads\/2023\/03\/sofia-vicente.jpg?w=800&amp;ssl=1 800w, https:\/\/i0.wp.com\/cdnoticias.com\/wp-content\/uploads\/2023\/03\/sofia-vicente.jpg?resize=300%2C167&amp;ssl=1 300w, https:\/\/i0.wp.com\/cdnoticias.com\/wp-content\/uploads\/2023\/03\/sofia-vicente.jpg?resize=768%2C426&amp;ssl=1 768w\" sizes=\"auto, (max-width: 800px) 100vw, 800px\" \/><\/p>\n<p>&nbsp;<\/p>\n<p><strong>Sof\u00eda Vicente fue vista por \u00faltima vez el 4 de marzo<\/strong> en el predio de la Sociedad Rural de nuestra ciudad y <strong>su cuerpo fue hallado cinco d\u00edas despu\u00e9s<\/strong>, oculto en un pozo s\u00e9ptico del campo ya mencionado donde adem\u00e1s<strong> fueron encontradas sus prendas, las cuales estaban en un tambor donde intentaron quemarlas<\/strong>.<\/p>\n<p>&nbsp;<\/p>\n<p>Con los primeros elementos tras este hallazgo se determin\u00f3 con alta precisi\u00f3n la identidad del cuerpo y que <strong>el crimen quedara encuadrado como femicidio<\/strong>.<\/p>\n<p>&nbsp;<\/p>\n<p>Por \u00faltimo, cabe se\u00f1alar que e<strong>n la tarde del viernes se llev\u00f3 adelante un allanamiento en un domicilio de Jun\u00edn y Avellaneda<\/strong>, tambi\u00e9n enmarcado en la investigaci\u00f3n del caso. Dado el hermetismo con que se han manejado los avances de la investigaci\u00f3n, <a href=\"https:\/\/cdnoticias.com\/index.php\/2023\/03\/10\/allanamientos-luego-de-la-aparicion-sin-vida-de-sofia-vicente\/\" target=\"_blank\" rel=\"noopener\">no se pudo precisar con certeza qu\u00e9 relaci\u00f3n guarda el domicilio allanado con el caso<\/a>: <strong>se estim\u00f3 que all\u00ed residir\u00eda uno de los apuntados como sospechosos<\/strong><strong>.<\/strong><\/p>\n<p>&nbsp;<\/p>\n<blockquote class=\"wp-embedded-content\" data-secret=\"hQf0EmAyNG\"><p><a href=\"https:\/\/cdnoticias.com\/index.php\/2023\/03\/10\/conmovedora-movilizacion-en-pedido-de-justicia-por-sofia-belen-vicente\/\">Conmovedora movilizaci\u00f3n en pedido de Justicia por Sof\u00eda Bel\u00e9n Vicente<\/a><\/p><\/blockquote>\n<p><iframe loading=\"lazy\" class=\"wp-embedded-content\" sandbox=\"allow-scripts\" security=\"restricted\" style=\"position: absolute; clip: rect(1px, 1px, 1px, 1px);\" title=\"&#8220;Conmovedora movilizaci\u00f3n en pedido de Justicia por Sof\u00eda Bel\u00e9n Vicente&#8221; &#8212; Central de Noticias | Olavarr\u00eda\" src=\"https:\/\/cdnoticias.com\/index.php\/2023\/03\/10\/conmovedora-movilizacion-en-pedido-de-justicia-por-sofia-belen-vicente\/embed\/#?secret=sXEF46ErdP#?secret=hQf0EmAyNG\" data-secret=\"hQf0EmAyNG\" width=\"600\" height=\"338\" frameborder=\"0\" marginwidth=\"0\" marginheight=\"0\" scrolling=\"no\"><\/iframe><\/p>\n<p>&nbsp;<\/p>\n","protected":false},"excerpt":{"rendered":"<p>Lo inform\u00f3 la Fiscal\u00eda General de Azul que expuso ello surge de una hip\u00f3tesis de investigaci\u00f3n en la que \u201cse<\/p>\n","protected":false},"author":4,"featured_media":79110,"comment_status":"closed","ping_status":"closed","sticky":false,"template":"","format":"standard","meta":{"_jetpack_memberships_contains_paid_content":false,"footnotes":""},"categories":[14,1],"tags":[],"class_list":["post-79341","post","type-post","status-publish","format-standard","has-post-thumbnail","hentry","category-policiales","category-portada"],"jetpack_featured_media_url":"https:\/\/i0.wp.com\/cdnoticias.com\/wp-content\/uploads\/2023\/03\/hallazgo-mujer-camino-a-crotto-05.jpg?fit=800%2C445&ssl=1","jetpack_sharing_enabled":true,"_links":{"self":[{"href":"https:\/\/cdnoticias.com\/index.php\/wp-json\/wp\/v2\/posts\/79341","targetHints":{"allow":["GET"]}}],"collection":[{"href":"https:\/\/cdnoticias.com\/index.php\/wp-json\/wp\/v2\/posts"}],"about":[{"href":"https:\/\/cdnoticias.com\/index.php\/wp-json\/wp\/v2\/types\/post"}],"author":[{"embeddable":true,"href":"https:\/\/cdnoticias.com\/index.php\/wp-json\/wp\/v2\/users\/4"}],"replies":[{"embeddable":true,"href":"https:\/\/cdnoticias.com\/index.php\/wp-json\/wp\/v2\/comments?post=79341"}],"version-history":[{"count":0,"href":"https:\/\/cdnoticias.com\/index.php\/wp-json\/wp\/v2\/posts\/79341\/revisions"}],"wp:featuredmedia":[{"embeddable":true,"href":"https:\/\/cdnoticias.com\/index.php\/wp-json\/wp\/v2\/media\/79110"}],"wp:attachment":[{"href":"https:\/\/cdnoticias.com\/index.php\/wp-json\/wp\/v2\/media?parent=79341"}],"wp:term":[{"taxonomy":"category","embeddable":true,"href":"https:\/\/cdnoticias.com\/index.php\/wp-json\/wp\/v2\/categories?post=79341"},{"taxonomy":"post_tag","embeddable":true,"href":"https:\/\/cdnoticias.com\/index.php\/wp-json\/wp\/v2\/tags?post=79341"}],"curies":[{"name":"wp","href":"https:\/\/api.w.org\/{rel}","templated":true}]}}