{"id":79297,"date":"2023-03-11T19:43:19","date_gmt":"2023-03-11T22:43:19","guid":{"rendered":"https:\/\/www.centraldenoticias.com.ar\/?p=79297"},"modified":"2023-03-11T19:43:19","modified_gmt":"2023-03-11T22:43:19","slug":"se-inaugura-la-fundacion-encuentro-federal-en-olavarria","status":"publish","type":"post","link":"https:\/\/cdnoticias.com\/index.php\/2023\/03\/11\/se-inaugura-la-fundacion-encuentro-federal-en-olavarria\/","title":{"rendered":"Se inaugura la Fundaci\u00f3n Encuentro Federal en Olavarr\u00eda"},"content":{"rendered":"<p>Habr\u00e1 un acto el viernes por la tarde y llegar\u00e1 el presidente de la instituci\u00f3n, Eduardo Mondino.<\/p>\n<p><!--more--><\/p>\n<hr \/>\n<p><strong>Encuentro Republicano Federal Olavarr\u00eda anunci\u00f3 que inaugurar\u00e1 la \u201cFundaci\u00f3n Encuentro Federal Delegaci\u00f3n Olavarr\u00eda \u2013 Regi\u00f3n Centro\u201d<\/strong>. El acto ser\u00e1 el d\u00eda viernes 17 de marzo a las 18 en Sargento Cabral 3332.<\/p>\n<p>&nbsp;<\/p>\n<p>Contar\u00e1 con la presencia de <strong>los referentes locales, Mario Cura, los ediles Miriam Mosescu, Nicol\u00e1s Marinangeli<\/strong>, y llegar\u00e1 especialmente <strong>el presidente de la fundaci\u00f3n, Eduardo Mondino<\/strong>. Luego de la firma del convenio se brindar\u00e1 una conferencia de prensa.<\/p>\n<p>&nbsp;<\/p>\n<p>\u201cLa fundaci\u00f3n tiene origen en nuestro <strong>precandidato a presidente Miguel \u00c1ngel Pichetto<\/strong>, en donde trabajamos en proyectos y propuestas para un pa\u00eds con un destino de trabajo y producci\u00f3n. Una visi\u00f3n moderna e integrada al mundo, que promueva la actividad privada, el desarrollo tecnol\u00f3gico y el avance cient\u00edfico. Un proyecto que promueva el bienestar de los argentinos. Somos un espacio de estudio, de reflexi\u00f3n y de generaci\u00f3n de ideas\u201d se explic\u00f3 sobre el funcionamiento de la instituci\u00f3n.<\/p>\n<p>&nbsp;<\/p>\n<blockquote class=\"wp-embedded-content\" data-secret=\"PEGVJNArvy\"><p><a href=\"https:\/\/cdnoticias.com\/index.php\/2023\/03\/04\/pichetto-ratifico-su-intencion-de-ser-presidente-mario-cura-estuvo-en-el-acto\/\">Pichetto ratific\u00f3 su intenci\u00f3n de ser presidente: Mario Cura estuvo en el acto<\/a><\/p><\/blockquote>\n<p><iframe loading=\"lazy\" class=\"wp-embedded-content\" sandbox=\"allow-scripts\" security=\"restricted\" style=\"position: absolute; clip: rect(1px, 1px, 1px, 1px);\" title=\"&#8220;Pichetto ratific\u00f3 su intenci\u00f3n de ser presidente: Mario Cura estuvo en el acto&#8221; &#8212; Central de Noticias | Olavarr\u00eda\" src=\"https:\/\/cdnoticias.com\/index.php\/2023\/03\/04\/pichetto-ratifico-su-intencion-de-ser-presidente-mario-cura-estuvo-en-el-acto\/embed\/#?secret=JSffCdFUfN#?secret=PEGVJNArvy\" data-secret=\"PEGVJNArvy\" width=\"600\" height=\"338\" frameborder=\"0\" marginwidth=\"0\" marginheight=\"0\" scrolling=\"no\"><\/iframe><\/p>\n<p>&nbsp;<\/p>\n","protected":false},"excerpt":{"rendered":"<p>Habr\u00e1 un acto el viernes por la tarde y llegar\u00e1 el presidente de la instituci\u00f3n, Eduardo Mondino.<\/p>\n","protected":false},"author":4,"featured_media":79298,"comment_status":"closed","ping_status":"closed","sticky":false,"template":"","format":"standard","meta":{"_jetpack_memberships_contains_paid_content":false,"footnotes":""},"categories":[4,1],"tags":[],"class_list":["post-79297","post","type-post","status-publish","format-standard","has-post-thumbnail","hentry","category-politica","category-portada"],"jetpack_featured_media_url":"https:\/\/i0.wp.com\/cdnoticias.com\/wp-content\/uploads\/2023\/03\/fundacion-encuentro-federal.jpg?fit=800%2C445&ssl=1","jetpack_sharing_enabled":true,"_links":{"self":[{"href":"https:\/\/cdnoticias.com\/index.php\/wp-json\/wp\/v2\/posts\/79297","targetHints":{"allow":["GET"]}}],"collection":[{"href":"https:\/\/cdnoticias.com\/index.php\/wp-json\/wp\/v2\/posts"}],"about":[{"href":"https:\/\/cdnoticias.com\/index.php\/wp-json\/wp\/v2\/types\/post"}],"author":[{"embeddable":true,"href":"https:\/\/cdnoticias.com\/index.php\/wp-json\/wp\/v2\/users\/4"}],"replies":[{"embeddable":true,"href":"https:\/\/cdnoticias.com\/index.php\/wp-json\/wp\/v2\/comments?post=79297"}],"version-history":[{"count":0,"href":"https:\/\/cdnoticias.com\/index.php\/wp-json\/wp\/v2\/posts\/79297\/revisions"}],"wp:featuredmedia":[{"embeddable":true,"href":"https:\/\/cdnoticias.com\/index.php\/wp-json\/wp\/v2\/media\/79298"}],"wp:attachment":[{"href":"https:\/\/cdnoticias.com\/index.php\/wp-json\/wp\/v2\/media?parent=79297"}],"wp:term":[{"taxonomy":"category","embeddable":true,"href":"https:\/\/cdnoticias.com\/index.php\/wp-json\/wp\/v2\/categories?post=79297"},{"taxonomy":"post_tag","embeddable":true,"href":"https:\/\/cdnoticias.com\/index.php\/wp-json\/wp\/v2\/tags?post=79297"}],"curies":[{"name":"wp","href":"https:\/\/api.w.org\/{rel}","templated":true}]}}