{"id":79293,"date":"2023-03-11T19:22:36","date_gmt":"2023-03-11T22:22:36","guid":{"rendered":"https:\/\/www.centraldenoticias.com.ar\/?p=79293"},"modified":"2023-03-11T19:22:36","modified_gmt":"2023-03-11T22:22:36","slug":"emiliano-sebastian-escobar-q-e-p-d","status":"publish","type":"post","link":"https:\/\/cdnoticias.com\/index.php\/2023\/03\/11\/emiliano-sebastian-escobar-q-e-p-d\/","title":{"rendered":"Emiliano Sebasti\u00e1n Escobar (Q.E.P.D.)"},"content":{"rendered":"<p>&nbsp;<\/p>\n<p>Falleci\u00f3 en Olavarr\u00eda el d\u00eda 11 de marzo de 2023 a los 33 a\u00f1os de edad.<\/p>\n<p>&nbsp;<\/p>\n<p>Sus padres: Humberto Lorenzo Escobar y Graciela Noem\u00ed Nievas; sus hermanos: Griselda Noem\u00ed y Lucas Ariel Escobar; su hermano pol\u00edtico Mariano Reser; sus sobrinos: Camila y Bruno Reser; su padre en el afecto Carlos Las Heras; sus t\u00edos; sus primos; sus amigos y dem\u00e1s deudos participan su fallecimiento.<\/p>\n<p>&nbsp;<\/p>\n<p>Velatorio: Sala &#8220;D&#8221; de Espa\u00f1a 2942. Responso: Capilla Ardiente. Inhumaci\u00f3n: Cementerio Loma de Paz, domingo 12 a las 9:30. Servicio adherido a Coopelectric.<\/p>\n<p>&nbsp;<\/p>\n<p>Barrio en el que viv\u00eda: Luj\u00e1n<\/p>\n<p>&nbsp;<\/p>\n<p>Lugar de nacimiento: Olavarr\u00eda<\/p>\n<p>&nbsp;<\/p>\n<p>Actividad que desarrollaba: Pensionado<\/p>\n<p>&nbsp;<\/p>\n","protected":false},"excerpt":{"rendered":"<p>&nbsp; Falleci\u00f3 en Olavarr\u00eda el d\u00eda 11 de marzo de 2023 a los 33 a\u00f1os de edad. &nbsp; Sus padres:<\/p>\n","protected":false},"author":4,"featured_media":51544,"comment_status":"closed","ping_status":"closed","sticky":false,"template":"","format":"standard","meta":{"_jetpack_memberships_contains_paid_content":false,"footnotes":""},"categories":[10],"tags":[],"class_list":["post-79293","post","type-post","status-publish","format-standard","has-post-thumbnail","hentry","category-necrologicas"],"jetpack_featured_media_url":"https:\/\/i0.wp.com\/cdnoticias.com\/wp-content\/uploads\/2022\/04\/necrologicas-390-x-240.jpg?fit=390%2C240&ssl=1","jetpack_sharing_enabled":true,"_links":{"self":[{"href":"https:\/\/cdnoticias.com\/index.php\/wp-json\/wp\/v2\/posts\/79293","targetHints":{"allow":["GET"]}}],"collection":[{"href":"https:\/\/cdnoticias.com\/index.php\/wp-json\/wp\/v2\/posts"}],"about":[{"href":"https:\/\/cdnoticias.com\/index.php\/wp-json\/wp\/v2\/types\/post"}],"author":[{"embeddable":true,"href":"https:\/\/cdnoticias.com\/index.php\/wp-json\/wp\/v2\/users\/4"}],"replies":[{"embeddable":true,"href":"https:\/\/cdnoticias.com\/index.php\/wp-json\/wp\/v2\/comments?post=79293"}],"version-history":[{"count":0,"href":"https:\/\/cdnoticias.com\/index.php\/wp-json\/wp\/v2\/posts\/79293\/revisions"}],"wp:featuredmedia":[{"embeddable":true,"href":"https:\/\/cdnoticias.com\/index.php\/wp-json\/wp\/v2\/media\/51544"}],"wp:attachment":[{"href":"https:\/\/cdnoticias.com\/index.php\/wp-json\/wp\/v2\/media?parent=79293"}],"wp:term":[{"taxonomy":"category","embeddable":true,"href":"https:\/\/cdnoticias.com\/index.php\/wp-json\/wp\/v2\/categories?post=79293"},{"taxonomy":"post_tag","embeddable":true,"href":"https:\/\/cdnoticias.com\/index.php\/wp-json\/wp\/v2\/tags?post=79293"}],"curies":[{"name":"wp","href":"https:\/\/api.w.org\/{rel}","templated":true}]}}