{"id":79261,"date":"2023-03-14T08:35:33","date_gmt":"2023-03-14T11:35:33","guid":{"rendered":"https:\/\/www.centraldenoticias.com.ar\/?p=79261"},"modified":"2023-03-14T12:22:52","modified_gmt":"2023-03-14T15:22:52","slug":"se-licitara-la-construccion-del-monumento-olavarria-ciudad-del-trabajo","status":"publish","type":"post","link":"https:\/\/cdnoticias.com\/index.php\/2023\/03\/14\/se-licitara-la-construccion-del-monumento-olavarria-ciudad-del-trabajo\/","title":{"rendered":"El Municipio convoc\u00f3 a licitaci\u00f3n para construir el Monumento \u201cOlavarr\u00eda Ciudad del Trabajo\u201d"},"content":{"rendered":"<p>El presupuesto oficial es de 15,1 millones de pesos. La apertura de sobres de oferentes ser\u00e1 el pr\u00f3ximo 5 de abril. Hace un a\u00f1o se hab\u00eda adelantado c\u00f3mo ser\u00e1 la obra.<!--more--><\/p>\n<hr \/>\n<p>La Municipalidad de Olavarr\u00eda inform\u00f3 que se llevar\u00e1 adelante la <strong>construcci\u00f3n del Monumento<\/strong> <em><strong>&#8220;Olavarr\u00eda Ciudad del Trabajo<\/strong><\/em>&#8221; sobre el acceso a nuestra ciudad por <strong>avenida Pringles<\/strong>, por lo cual se realizar\u00e1 la convocatoria a la Licitaci\u00f3n P\u00fablica 15\/23, cuyo <strong>presupuesto oficial es de $15.102.700 pesos.<\/strong><\/p>\n<p>&nbsp;<\/p>\n<p>La<strong> apertura de sobres de oferentes<\/strong> se llevar\u00e1 a cabo el pr\u00f3ximo<strong> 5 de abril a partir de las 10 horas,<\/strong> en la sede de la Direcci\u00f3n de Licitaciones, ubicada en el Palacio San Mart\u00edn.<\/p>\n<p>&nbsp;<\/p>\n<p>La obra consiste en la materializaci\u00f3n del Monumento, a emplazarse en la<strong> avenida Emiliozzi prolongaci\u00f3n avenida Pringles<\/strong>. Poseer\u00e1 cuatro caras o cuatro bloques de hormig\u00f3n visto, con improntas rehundidas emblem\u00e1ticas del Partido y la producci\u00f3n local, industrial, cultural y agroganadera.<\/p>\n<p>&nbsp;<\/p>\n<figure id=\"attachment_48234\" aria-describedby=\"caption-attachment-48234\" style=\"width: 800px\" class=\"wp-caption aligncenter\"><img data-recalc-dims=\"1\" loading=\"lazy\" decoding=\"async\" class=\"wp-image-48234 size-large\" src=\"https:\/\/i0.wp.com\/cdnoticias.com\/wp-content\/uploads\/2022\/03\/DH-Reunion-Monumento-al-trabajo-2-scaled-1.jpg?resize=800%2C534&#038;ssl=1\" alt=\"\" width=\"800\" height=\"534\" srcset=\"https:\/\/i0.wp.com\/cdnoticias.com\/wp-content\/uploads\/2022\/03\/DH-Reunion-Monumento-al-trabajo-2-scaled-1.jpg?resize=1024%2C684&amp;ssl=1 1024w, https:\/\/i0.wp.com\/cdnoticias.com\/wp-content\/uploads\/2022\/03\/DH-Reunion-Monumento-al-trabajo-2-scaled-1.jpg?resize=300%2C201&amp;ssl=1 300w, https:\/\/i0.wp.com\/cdnoticias.com\/wp-content\/uploads\/2022\/03\/DH-Reunion-Monumento-al-trabajo-2-scaled-1.jpg?resize=768%2C513&amp;ssl=1 768w, https:\/\/i0.wp.com\/cdnoticias.com\/wp-content\/uploads\/2022\/03\/DH-Reunion-Monumento-al-trabajo-2-scaled-1.jpg?resize=1536%2C1027&amp;ssl=1 1536w, https:\/\/i0.wp.com\/cdnoticias.com\/wp-content\/uploads\/2022\/03\/DH-Reunion-Monumento-al-trabajo-2-scaled-1.jpg?resize=2048%2C1369&amp;ssl=1 2048w, https:\/\/i0.wp.com\/cdnoticias.com\/wp-content\/uploads\/2022\/03\/DH-Reunion-Monumento-al-trabajo-2-scaled-1.jpg?resize=272%2C182&amp;ssl=1 272w, https:\/\/i0.wp.com\/cdnoticias.com\/wp-content\/uploads\/2022\/03\/DH-Reunion-Monumento-al-trabajo-2-scaled-1.jpg?w=1600&amp;ssl=1 1600w, https:\/\/i0.wp.com\/cdnoticias.com\/wp-content\/uploads\/2022\/03\/DH-Reunion-Monumento-al-trabajo-2-scaled-1.jpg?w=2400&amp;ssl=1 2400w\" sizes=\"auto, (max-width: 800px) 100vw, 800px\" \/><figcaption id=\"caption-attachment-48234\" class=\"wp-caption-text\">El 7 de marzo del a\u00f1o pasado, los integrantes de la Comisi\u00f3n Pro Monumento del Trabajo fueron recibidos en el Ejecutivo local.<\/figcaption><\/figure>\n<p>&nbsp;<\/p>\n<p>Se trata de una iniciativa que se gest\u00f3 de manera conjunta con la <strong>Comisi\u00f3n Pro Monumento del Trabajo<\/strong>, encabezada por Claudio Filardo y Julio Bid\u00e9, con quienes se han mantenido distintos encuentros en los \u00faltimos tiempos. En ese sentido, cabe recordar que la iniciativa<a href=\"https:\/\/cdnoticias.com\/index.php\/2022\/03\/07\/monumento-al-trabajo-la-recuperacion-de-un-simbolo-emblematico-de-olavarria\/\" target=\"_blank\" rel=\"noopener\"> fue anunciada por Ezequiel Galli en su discurso de apertura de sesiones de 2022 y luego se brindaron detalles de la obra<\/a>.<\/p>\n<p>&nbsp;<\/p>\n<p>En esa senda, fue que a fines del 2017 se coloc\u00f3 la piedra fundacional del Monumento en avenida Pringles casi Ruta Nacional N\u00ba 226, en el marco de un acto protocolar que cont\u00f3 con la participaci\u00f3n de integrantes de la mencionada comisi\u00f3n y concejales.<\/p>\n<p>&nbsp;<\/p>\n<blockquote class=\"wp-embedded-content\" data-secret=\"A7w18w86z7\"><p><a href=\"https:\/\/cdnoticias.com\/index.php\/2022\/03\/07\/monumento-al-trabajo-la-recuperacion-de-un-simbolo-emblematico-de-olavarria\/\">Monumento al Trabajo: la recuperaci\u00f3n de un s\u00edmbolo emblem\u00e1tico de Olavarr\u00eda<\/a><\/p><\/blockquote>\n<p><iframe loading=\"lazy\" class=\"wp-embedded-content\" sandbox=\"allow-scripts\" security=\"restricted\" style=\"position: absolute; clip: rect(1px, 1px, 1px, 1px);\" title=\"&#8220;Monumento al Trabajo: la recuperaci\u00f3n de un s\u00edmbolo emblem\u00e1tico de Olavarr\u00eda&#8221; &#8212; Central de Noticias | Olavarr\u00eda\" src=\"https:\/\/cdnoticias.com\/index.php\/2022\/03\/07\/monumento-al-trabajo-la-recuperacion-de-un-simbolo-emblematico-de-olavarria\/embed\/#?secret=cU7dTMrRW4#?secret=A7w18w86z7\" data-secret=\"A7w18w86z7\" width=\"600\" height=\"338\" frameborder=\"0\" marginwidth=\"0\" marginheight=\"0\" scrolling=\"no\"><\/iframe><\/p>\n<p>&nbsp;<\/p>\n","protected":false},"excerpt":{"rendered":"<p>El presupuesto oficial es de 15,1 millones de pesos. La apertura de sobres de oferentes ser\u00e1 el pr\u00f3ximo 5 de<\/p>\n","protected":false},"author":6,"featured_media":48233,"comment_status":"closed","ping_status":"closed","sticky":false,"template":"","format":"standard","meta":{"_jetpack_memberships_contains_paid_content":false,"footnotes":""},"categories":[5,1],"tags":[],"class_list":["post-79261","post","type-post","status-publish","format-standard","has-post-thumbnail","hentry","category-informacion-general","category-portada"],"jetpack_featured_media_url":"https:\/\/i0.wp.com\/cdnoticias.com\/wp-content\/uploads\/2022\/03\/DH-Reunion-Monumento-al-trabajo-1-scaled-1.jpg?fit=2560%2C1711&ssl=1","jetpack_sharing_enabled":true,"_links":{"self":[{"href":"https:\/\/cdnoticias.com\/index.php\/wp-json\/wp\/v2\/posts\/79261","targetHints":{"allow":["GET"]}}],"collection":[{"href":"https:\/\/cdnoticias.com\/index.php\/wp-json\/wp\/v2\/posts"}],"about":[{"href":"https:\/\/cdnoticias.com\/index.php\/wp-json\/wp\/v2\/types\/post"}],"author":[{"embeddable":true,"href":"https:\/\/cdnoticias.com\/index.php\/wp-json\/wp\/v2\/users\/6"}],"replies":[{"embeddable":true,"href":"https:\/\/cdnoticias.com\/index.php\/wp-json\/wp\/v2\/comments?post=79261"}],"version-history":[{"count":0,"href":"https:\/\/cdnoticias.com\/index.php\/wp-json\/wp\/v2\/posts\/79261\/revisions"}],"wp:featuredmedia":[{"embeddable":true,"href":"https:\/\/cdnoticias.com\/index.php\/wp-json\/wp\/v2\/media\/48233"}],"wp:attachment":[{"href":"https:\/\/cdnoticias.com\/index.php\/wp-json\/wp\/v2\/media?parent=79261"}],"wp:term":[{"taxonomy":"category","embeddable":true,"href":"https:\/\/cdnoticias.com\/index.php\/wp-json\/wp\/v2\/categories?post=79261"},{"taxonomy":"post_tag","embeddable":true,"href":"https:\/\/cdnoticias.com\/index.php\/wp-json\/wp\/v2\/tags?post=79261"}],"curies":[{"name":"wp","href":"https:\/\/api.w.org\/{rel}","templated":true}]}}