{"id":79255,"date":"2023-03-11T12:31:31","date_gmt":"2023-03-11T15:31:31","guid":{"rendered":"https:\/\/www.centraldenoticias.com.ar\/?p=79255"},"modified":"2023-03-11T12:31:31","modified_gmt":"2023-03-11T15:31:31","slug":"se-realizo-la-capacitacion-para-emprendedores-de-foncap-en-olavarria","status":"publish","type":"post","link":"https:\/\/cdnoticias.com\/index.php\/2023\/03\/11\/se-realizo-la-capacitacion-para-emprendedores-de-foncap-en-olavarria\/","title":{"rendered":"Se realiz\u00f3 la capacitaci\u00f3n para emprendedores de FONCAP en Olavarr\u00eda"},"content":{"rendered":"<p>Eduardo Rodr\u00edguez abri\u00f3 la jornada destacando el rol de los emprendedores y la importancia econ\u00f3mica que tienen en Olavarr\u00eda. La actividad tambi\u00e9n fue transmitida v\u00eda streaming y se puede ver en YouTube.<!--more--><\/p>\n<hr \/>\n<p>En la tarde del jueves, el <strong>Fondo Nacional de Capital Social<\/strong> (FONCAP) llev\u00f3 a cabo en nuestra ciudad la<strong> capacitaci\u00f3n <em>\u201cMejor\u00e1 t\u00fa emprendimiento<\/em>\u201d,<\/strong> destinada a <strong>emprendedores y p\u00fablico en general.\u00a0<\/strong><\/p>\n<p>&nbsp;<\/p>\n<p>Estuvieron presentes<strong> Eduardo Rodr\u00edguez, In\u00e9s Creimer <\/strong>y<strong> Gast\u00f3n Sarachu<\/strong>, referentes del Foro Olavarr\u00eda &#8211; Frente Renovador en el Frente de Todos.<\/p>\n<p>&nbsp;<\/p>\n<p>La iniciativa estuvo gestionada por la Escuela de Gobierno y Pol\u00edticas P\u00fablicas del Frente Renovador, \u201c<strong>ProyectAR<\/strong>\u201d, un espacio de formaci\u00f3n de equipos t\u00e9cnicos y de gesti\u00f3n basados en el conocimiento, con solidez y visi\u00f3n de largo plazo, la cual es presidida por Sergio Massa, dirigida por M\u00f3nica Litza y coordinada a nivel local por <strong>Eduardo Rodr\u00edguez.<\/strong><\/p>\n<p>&nbsp;<\/p>\n<p>La capacitaci\u00f3n se realiz\u00f3 de <strong>manera presencial<\/strong> para emprendedores y p\u00fablico en general de Olavarr\u00eda y adem\u00e1s fue<strong> transmitida v\u00eda YouTube<\/strong> para dar participaci\u00f3n a emprendedores de las ciudades que integran la S\u00e9ptima Secci\u00f3n Electoral (Azul, Bol\u00edvar, General Alvear, Roque P\u00e9rez, Saladillo, Tapalqu\u00e9 y Veinticinco de Mayo).<\/p>\n<p>&nbsp;<\/p>\n<p><img data-recalc-dims=\"1\" loading=\"lazy\" decoding=\"async\" class=\"aligncenter wp-image-79256 size-full\" src=\"https:\/\/i0.wp.com\/cdnoticias.com\/wp-content\/uploads\/2023\/03\/Eduardo-Rodriguez-FONCAP-1.jpg?resize=800%2C500&#038;ssl=1\" alt=\"\" width=\"800\" height=\"500\" srcset=\"https:\/\/i0.wp.com\/cdnoticias.com\/wp-content\/uploads\/2023\/03\/Eduardo-Rodriguez-FONCAP-1.jpg?w=800&amp;ssl=1 800w, https:\/\/i0.wp.com\/cdnoticias.com\/wp-content\/uploads\/2023\/03\/Eduardo-Rodriguez-FONCAP-1.jpg?resize=300%2C188&amp;ssl=1 300w, https:\/\/i0.wp.com\/cdnoticias.com\/wp-content\/uploads\/2023\/03\/Eduardo-Rodriguez-FONCAP-1.jpg?resize=768%2C480&amp;ssl=1 768w\" sizes=\"auto, (max-width: 800px) 100vw, 800px\" \/><\/p>\n<p>&nbsp;<\/p>\n<p>Eduardo Rodr\u00edguez se\u00f1al\u00f3 que \u201c<em><strong>gracias al Ministerio de Econom\u00eda, que conduce Sergio Massa, y al presidente del FONCAP, Pablo Garate, podemos contar con propuestas de capacitaci\u00f3n y desarrollo\u201d.<\/strong><\/em><\/p>\n<p>&nbsp;<\/p>\n<p><em>\u201cEste tipo de propuestas es parte de la pol\u00edtica porque hay un modelo de gesti\u00f3n que apuesta al desarrollo y la producci\u00f3n, y otro que elige el camino de la especulaci\u00f3n financiera lo que, claramente, no es nuestro objetivo\u201d,<\/em> agreg\u00f3 Rodr\u00edguez.<\/p>\n<p>&nbsp;<\/p>\n<p>El referente massista plante\u00f3, adem\u00e1s, que \u201c<em><strong>esta pol\u00edtica de capacitaci\u00f3n de emprendedores tiene que ser una pol\u00edtica activa del municipio<\/strong><\/em>\u201d.<\/p>\n<p>&nbsp;<\/p>\n<p>A trav\u00e9s de un temario que abord\u00f3 la planificaci\u00f3n, costos, cr\u00e9dito y ahorro, finanzas digitales, promoci\u00f3n y comercializaci\u00f3n, la capacitaci\u00f3n <strong><em>\u201cMejor\u00e1 tu emprendimiento\u201d<\/em><\/strong> consisti\u00f3 en una clase \u00e1gil y din\u00e1mica en administraci\u00f3n empresarial y financiera para optimizar la gesti\u00f3n de negocios y econom\u00eda.<\/p>\n<p>&nbsp;<\/p>\n<p>La capacitaci\u00f3n se puede ver en el <a href=\"https:\/\/www.youtube.com\/watch?v=-A3sus-3eyM\" target=\"_blank\" rel=\"noopener\">siguiente link.<\/a><\/p>\n<p>&nbsp;<\/p>\n<p><strong>Qu\u00e9 es el FONCAP<\/strong><\/p>\n<p>&nbsp;<\/p>\n<p>El Fondo Nacional de Capital Social (FONCAP) fue creado por el Estado Nacional, en la \u00f3rbita del Ministerio de Econom\u00eda de la Naci\u00f3n, con el objetivo de democratizar el acceso al cr\u00e9dito y promover habilidades econ\u00f3micas y financieras de la poblaci\u00f3n vinculada a microemprendimientos productivos.<\/p>\n<p>&nbsp;<\/p>\n<p>Este organismo financia con l\u00edneas de cr\u00e9dito espec\u00edficas a Instituciones de Microfinanzas (IMF) para que otorguen microcr\u00e9ditos en sus territorios de influencia a emprendedores.<\/p>\n<p>&nbsp;<\/p>\n<p>Adem\u00e1s, desarrolla asistencia t\u00e9cnica a gobiernos e instituciones civiles que quieran avanzar en la gesti\u00f3n de microcr\u00e9ditos, y realiza programas de capacitaci\u00f3n y educaci\u00f3n financiera con emprendedores\/as para promover el acceso y el uso de los servicios financieros, tanto digitales como tradicionales, en todo el pa\u00eds.<\/p>\n<p>&nbsp;<\/p>\n<p>&nbsp;<\/p>\n","protected":false},"excerpt":{"rendered":"<p>Eduardo Rodr\u00edguez abri\u00f3 la jornada destacando el rol de los emprendedores y la importancia econ\u00f3mica que tienen en Olavarr\u00eda. La<\/p>\n","protected":false},"author":6,"featured_media":79257,"comment_status":"closed","ping_status":"closed","sticky":false,"template":"","format":"standard","meta":{"_jetpack_memberships_contains_paid_content":false,"footnotes":""},"categories":[4,1],"tags":[],"class_list":["post-79255","post","type-post","status-publish","format-standard","has-post-thumbnail","hentry","category-politica","category-portada"],"jetpack_featured_media_url":"https:\/\/i0.wp.com\/cdnoticias.com\/wp-content\/uploads\/2023\/03\/FONCAP-grupal.jpg?fit=800%2C500&ssl=1","jetpack_sharing_enabled":true,"_links":{"self":[{"href":"https:\/\/cdnoticias.com\/index.php\/wp-json\/wp\/v2\/posts\/79255","targetHints":{"allow":["GET"]}}],"collection":[{"href":"https:\/\/cdnoticias.com\/index.php\/wp-json\/wp\/v2\/posts"}],"about":[{"href":"https:\/\/cdnoticias.com\/index.php\/wp-json\/wp\/v2\/types\/post"}],"author":[{"embeddable":true,"href":"https:\/\/cdnoticias.com\/index.php\/wp-json\/wp\/v2\/users\/6"}],"replies":[{"embeddable":true,"href":"https:\/\/cdnoticias.com\/index.php\/wp-json\/wp\/v2\/comments?post=79255"}],"version-history":[{"count":0,"href":"https:\/\/cdnoticias.com\/index.php\/wp-json\/wp\/v2\/posts\/79255\/revisions"}],"wp:featuredmedia":[{"embeddable":true,"href":"https:\/\/cdnoticias.com\/index.php\/wp-json\/wp\/v2\/media\/79257"}],"wp:attachment":[{"href":"https:\/\/cdnoticias.com\/index.php\/wp-json\/wp\/v2\/media?parent=79255"}],"wp:term":[{"taxonomy":"category","embeddable":true,"href":"https:\/\/cdnoticias.com\/index.php\/wp-json\/wp\/v2\/categories?post=79255"},{"taxonomy":"post_tag","embeddable":true,"href":"https:\/\/cdnoticias.com\/index.php\/wp-json\/wp\/v2\/tags?post=79255"}],"curies":[{"name":"wp","href":"https:\/\/api.w.org\/{rel}","templated":true}]}}