{"id":79252,"date":"2023-03-11T18:55:18","date_gmt":"2023-03-11T21:55:18","guid":{"rendered":"https:\/\/www.centraldenoticias.com.ar\/?p=79252"},"modified":"2023-03-11T20:26:27","modified_gmt":"2023-03-11T23:26:27","slug":"se-conocio-el-resultado-preliminar-de-la-autopsia-de-sofia-belen-vicente","status":"publish","type":"post","link":"https:\/\/cdnoticias.com\/index.php\/2023\/03\/11\/se-conocio-el-resultado-preliminar-de-la-autopsia-de-sofia-belen-vicente\/","title":{"rendered":"Se conoci\u00f3 el resultado preliminar de la autopsia de Sof\u00eda Bel\u00e9n Vicente"},"content":{"rendered":"<p>El informe determin\u00f3 que fue asesinada de un balazo en la nuca y ten\u00eda signos de ahorcamiento. Adem\u00e1s indic\u00f3 que no hab\u00eda signos de abuso sexual. La fiscal Paula Serrano investiga si en el crimen participaron al menos dos personas.<!--more--><\/p>\n<hr \/>\n<p><strong>Sof\u00eda Bel\u00e9n Vicente,<\/strong> la joven de 22 a\u00f1os que el jueves hab\u00eda sido<a href=\"https:\/\/cdnoticias.com\/index.php\/2023\/03\/09\/confirman-que-el-cuerpo-hallado-en-un-pozo-es-el-de-sofia-belen-vicente\/\" target=\"_blank\" rel=\"noopener\"> encontrada en un pozo ciego de un campo<\/a> tras permanecer desaparecida desde el s\u00e1bado pasado, <strong>fue asesinada de un balazo en la nuca y ten\u00eda signos de ahorcamiento<\/strong>, seg\u00fan confirm\u00f3 el <strong>resultado preliminar de la autopsia<\/strong>, informaron fuentes judiciales.<\/p>\n<p>&nbsp;<\/p>\n<p>El informe, que tambi\u00e9n determin\u00f3 que <strong>no hab\u00eda signos de abuso sexual,<\/strong> fue recibido en las \u00faltimas horas por la<strong> fiscal Paula Serrano<\/strong> que investiga si en el crimen <strong>participaron al menos dos personas.<\/strong><\/p>\n<p>&nbsp;<\/p>\n<blockquote><p>Fuentes de judiciales informaron a T\u00e9lam que el informe preliminar de la autopsia que recibi\u00f3 la fiscal de la causa, Paula Serrano, indic\u00f3 que la joven recibi\u00f3 el balazo y ten\u00eda signos de ahorcadura a lazo, es decir con un cable o una soga.<\/p><\/blockquote>\n<p>&nbsp;<\/p>\n<p>En principio, <strong>el m\u00e9dico legista no determin\u00f3 a\u00fan si la causa de muerte fue por ese tiro, por el ahorcamiento o si fueron cometidos al mismo tiempo,<\/strong> por lo que aguardar\u00e1n estudios complementarios para verificarlo.<\/p>\n<p>&nbsp;<\/p>\n<p><img data-recalc-dims=\"1\" loading=\"lazy\" decoding=\"async\" class=\"size-large wp-image-79282 aligncenter\" src=\"https:\/\/i0.wp.com\/cdnoticias.com\/wp-content\/uploads\/2023\/03\/sofia-vicente-1.jpeg?resize=720%2C445&#038;ssl=1\" alt=\"\" width=\"720\" height=\"445\" srcset=\"https:\/\/i0.wp.com\/cdnoticias.com\/wp-content\/uploads\/2023\/03\/sofia-vicente-1.jpeg?w=720&amp;ssl=1 720w, https:\/\/i0.wp.com\/cdnoticias.com\/wp-content\/uploads\/2023\/03\/sofia-vicente-1.jpeg?resize=300%2C185&amp;ssl=1 300w\" sizes=\"auto, (max-width: 720px) 100vw, 720px\" \/><\/p>\n<p>&nbsp;<\/p>\n<p>No obstante, las fuentes dijeron que <strong>probablemente el deceso se haya producido a ra\u00edz del disparo<\/strong>, ya que la autopsia confirm\u00f3 que <strong>al momento de ser efectuado Sof\u00eda estaba viva.<\/strong><\/p>\n<p>&nbsp;<\/p>\n<p>Adem\u00e1s, <strong>sus piernas estaban atadas y sus ojos vendados<\/strong>, por lo que los pesquisas sospechan que el ataque fue cometido por m\u00e1s de una persona, <a href=\"https:\/\/cdnoticias.com\/index.php\/2023\/03\/10\/serrano-hubo-intervencion-de-una-o-mas-personas-en-el-asesinato-de-sofia\/\" target=\"_blank\" rel=\"noopener\">tal como hab\u00eda estimado la propia fiscal Serrano a pocas horas del hallazgo<\/a>.<\/p>\n<p>&nbsp;<\/p>\n<blockquote><p>Una hip\u00f3tesis es que mientras uno de los femicidas la ahorcaba, otro le dispar\u00f3 en la parte de atr\u00e1s del cr\u00e1neo.<\/p><\/blockquote>\n<p>&nbsp;<\/p>\n<p>En tanto, <strong>los peritos tambi\u00e9n establecieron que no hab\u00eda signos de abuso sexual<\/strong>, a\u00f1adieron los voceros.<\/p>\n<p>&nbsp;<\/p>\n<p><strong>La fiscal Serrano continuaba este s\u00e1bado las diligencias<\/strong> para identificar a el o los agresores a trav\u00e9s de las <strong>c\u00e1maras de seguridad municipales y privadas<\/strong>, entre otros elementos de prueba. <a href=\"https:\/\/cdnoticias.com\/index.php\/2023\/03\/10\/allanamientos-luego-de-la-aparicion-sin-vida-de-sofia-vicente\/\" target=\"_blank\" rel=\"noopener\">Cabe recordar que durante el viernes se llev\u00f3 a cabo un allanamiento<\/a>.<\/p>\n<p>&nbsp;<\/p>\n<p><img data-recalc-dims=\"1\" loading=\"lazy\" decoding=\"async\" class=\"size-full wp-image-79109 aligncenter\" src=\"https:\/\/i0.wp.com\/cdnoticias.com\/wp-content\/uploads\/2023\/03\/hallazgo-mujer-camino-a-crotto-04.jpg?resize=800%2C445&#038;ssl=1\" alt=\"\" width=\"800\" height=\"445\" srcset=\"https:\/\/i0.wp.com\/cdnoticias.com\/wp-content\/uploads\/2023\/03\/hallazgo-mujer-camino-a-crotto-04.jpg?w=800&amp;ssl=1 800w, https:\/\/i0.wp.com\/cdnoticias.com\/wp-content\/uploads\/2023\/03\/hallazgo-mujer-camino-a-crotto-04.jpg?resize=300%2C167&amp;ssl=1 300w, https:\/\/i0.wp.com\/cdnoticias.com\/wp-content\/uploads\/2023\/03\/hallazgo-mujer-camino-a-crotto-04.jpg?resize=768%2C427&amp;ssl=1 768w\" sizes=\"auto, (max-width: 800px) 100vw, 800px\" \/><\/p>\n<p>&nbsp;<\/p>\n<p><strong><span style=\"text-decoration: underline;\">Pedido de Justicia<\/span><\/strong><\/p>\n<p>&nbsp;<\/p>\n<p>En tanto, <strong>por la noche del viernes unas 5.000 personas participaron de una movilizaci\u00f3n<\/strong>, convocada por la Casa de la Mujer, desde el Paseo Jes\u00fas Mend\u00eda a la Municipalidad de Olavarr\u00eda <a href=\"https:\/\/cdnoticias.com\/index.php\/2023\/03\/10\/conmovedora-movilizacion-en-pedido-de-justicia-por-sofia-belen-vicente\/\" target=\"_blank\" rel=\"noopener\">para pedir justicia por Sof\u00eda<\/a>.<\/p>\n<p>&nbsp;<\/p>\n<p>\u201cSe\u00f1or, se\u00f1ora, no sea indiferente, nos matan a las pibas en la cara de la gente\u201d, fue uno de los c\u00e1nticos de los familiares y vecinos de la v\u00edctima, que <strong>marcharon con banderas negras y carteles con la foto de la joven, bajo la consigna &#8220;Olavarr\u00eda, ciudad del horror&#8221;<\/strong>.<\/p>\n<p>&nbsp;<\/p>\n<blockquote><p>Una t\u00eda de la v\u00edctima fue una de las oradoras del acto, en el que dijo que &#8220;Sof\u00eda era paciente psiqui\u00e1trica&#8221; y que por eso no les creyeron.\u00a0&#8220;No nos creyeron, nos dec\u00edan &#8216;Sof\u00eda est\u00e1 en la playa&#8217; y ella estaba a los gritos pidiendo auxilio&#8221;, asever\u00f3 la mujer que recibi\u00f3 el aplauso de la multitud.<\/p><\/blockquote>\n<p>&nbsp;<\/p>\n<p><strong>El hallazgo del cuerpo de la v\u00edctima<\/strong>, quien hab\u00eda sido vista con vida por \u00faltima vez durante el Festival de Doma y Folclore realizado el fin de semana en Olavarr\u00eda <a href=\"https:\/\/cdnoticias.com\/index.php\/2023\/03\/09\/ahora-encontraron-el-cuerpo-de-una-joven-en-un-campo-camino-a-crotto\/\" target=\"_blank\" rel=\"noopener\">ocurri\u00f3 el jueves en un predio situado en avenida Del Valle<\/a>, prolongaci\u00f3n Oeste, camino a Crotto.<\/p>\n<p>&nbsp;<\/p>\n<p><img data-recalc-dims=\"1\" loading=\"lazy\" decoding=\"async\" class=\"size-full wp-image-79284 aligncenter\" src=\"https:\/\/i0.wp.com\/cdnoticias.com\/wp-content\/uploads\/2023\/03\/sofia-vicente-marcha-2.jpg?resize=800%2C445&#038;ssl=1\" alt=\"\" width=\"800\" height=\"445\" srcset=\"https:\/\/i0.wp.com\/cdnoticias.com\/wp-content\/uploads\/2023\/03\/sofia-vicente-marcha-2.jpg?w=800&amp;ssl=1 800w, https:\/\/i0.wp.com\/cdnoticias.com\/wp-content\/uploads\/2023\/03\/sofia-vicente-marcha-2.jpg?resize=300%2C167&amp;ssl=1 300w, https:\/\/i0.wp.com\/cdnoticias.com\/wp-content\/uploads\/2023\/03\/sofia-vicente-marcha-2.jpg?resize=768%2C427&amp;ssl=1 768w\" sizes=\"auto, (max-width: 800px) 100vw, 800px\" \/><\/p>\n<p>&nbsp;<\/p>\n<p><strong>Dos personas que trabajaban en la zona avisaron a la Polic\u00eda<\/strong> a ra\u00edz de un olor nauseabundo que proven\u00eda de un pozo de unos dos metros de profundidad, por lo que personal de la comisar\u00eda local se present\u00f3 de inmediato.\u00a0<strong>Los efectivos constataron que adentro hab\u00eda un cad\u00e1ver de una mujer<\/strong> que result\u00f3 ser el de la joven desaparecida desde el s\u00e1bado 4 de marzo tras ir al festival realizado en el predio de la Rural de Olavarr\u00eda.<\/p>\n<p>&nbsp;<\/p>\n<blockquote><p>&#8220;Lo \u00fanico que s\u00e9 es que ella se fue a trabajar al festival con su mam\u00e1, lleg\u00f3 la noche, dijo que se iba al boliche, pero nunca lleg\u00f3, nunca supimos m\u00e1s nada&#8221;, afirm\u00f3 ayer Mariela, t\u00eda de la joven, quien agreg\u00f3: &#8220;Lo \u00fanico que queremos es justicia, que la gente nos acompa\u00f1e para que no quede impune&#8221;.<\/p><\/blockquote>\n<p>&nbsp;<\/p>\n<p><span style=\"text-decoration: underline;\"><strong>Lo que fue la b\u00fasqueda de Sof\u00eda<\/strong><\/span><\/p>\n<p>&nbsp;<\/p>\n<p>Seg\u00fan las fuentes,<strong> la fiscal Serrano, de la Unidad Funcional de Instrucci\u00f3n (UFI) 4<\/strong> supervis\u00f3 en el lugar del hallazgo las tareas de Polic\u00eda Cient\u00edfica y de Bomberos.<\/p>\n<p>&nbsp;<\/p>\n<p>Desde un primer momento,<strong> los peritos observaron lesiones en el cuerpo de la v\u00edctima<\/strong> que pudieron haber sido provocadas por terceros y<strong> determinaron que se trat\u00f3 de un femicidio.<\/strong><\/p>\n<p>&nbsp;<\/p>\n<p><img data-recalc-dims=\"1\" loading=\"lazy\" decoding=\"async\" class=\"size-full wp-image-79283 aligncenter\" src=\"https:\/\/i0.wp.com\/cdnoticias.com\/wp-content\/uploads\/2023\/03\/sofia-vicente-marcha-1.jpg?resize=800%2C445&#038;ssl=1\" alt=\"\" width=\"800\" height=\"445\" srcset=\"https:\/\/i0.wp.com\/cdnoticias.com\/wp-content\/uploads\/2023\/03\/sofia-vicente-marcha-1.jpg?w=800&amp;ssl=1 800w, https:\/\/i0.wp.com\/cdnoticias.com\/wp-content\/uploads\/2023\/03\/sofia-vicente-marcha-1.jpg?resize=300%2C167&amp;ssl=1 300w, https:\/\/i0.wp.com\/cdnoticias.com\/wp-content\/uploads\/2023\/03\/sofia-vicente-marcha-1.jpg?resize=768%2C427&amp;ssl=1 768w\" sizes=\"auto, (max-width: 800px) 100vw, 800px\" \/><\/p>\n<p>&nbsp;<\/p>\n<p>Sof\u00eda era buscada desde el fin de semana tras una denuncia de su familia por <strong>&#8220;averiguaci\u00f3n de paradero&#8221;.<\/strong><\/p>\n<p>&nbsp;<\/p>\n<p>Durante la b\u00fasqueda, <strong>los investigadores hab\u00edan obtenido el dato de que pod\u00eda haberse dirigido a la ciudad balnearia de Mar del Plata<\/strong>, mientras su familia dijo que necesitaba asistencia m\u00e9dica y farmacol\u00f3gica.<\/p>\n<p>&nbsp;<\/p>\n<p><em>Fuente: T\u00e9lam<\/em><\/p>\n<p>&nbsp;<\/p>\n","protected":false},"excerpt":{"rendered":"<p>El informe determin\u00f3 que fue asesinada de un balazo en la nuca y ten\u00eda signos de ahorcamiento. Adem\u00e1s indic\u00f3 que<\/p>\n","protected":false},"author":6,"featured_media":79281,"comment_status":"closed","ping_status":"closed","sticky":false,"template":"","format":"standard","meta":{"_jetpack_memberships_contains_paid_content":false,"footnotes":""},"categories":[14,1],"tags":[],"class_list":["post-79252","post","type-post","status-publish","format-standard","has-post-thumbnail","hentry","category-policiales","category-portada"],"jetpack_featured_media_url":"https:\/\/i0.wp.com\/cdnoticias.com\/wp-content\/uploads\/2023\/03\/sofia-vicente.jpg?fit=800%2C444&ssl=1","jetpack_sharing_enabled":true,"_links":{"self":[{"href":"https:\/\/cdnoticias.com\/index.php\/wp-json\/wp\/v2\/posts\/79252","targetHints":{"allow":["GET"]}}],"collection":[{"href":"https:\/\/cdnoticias.com\/index.php\/wp-json\/wp\/v2\/posts"}],"about":[{"href":"https:\/\/cdnoticias.com\/index.php\/wp-json\/wp\/v2\/types\/post"}],"author":[{"embeddable":true,"href":"https:\/\/cdnoticias.com\/index.php\/wp-json\/wp\/v2\/users\/6"}],"replies":[{"embeddable":true,"href":"https:\/\/cdnoticias.com\/index.php\/wp-json\/wp\/v2\/comments?post=79252"}],"version-history":[{"count":0,"href":"https:\/\/cdnoticias.com\/index.php\/wp-json\/wp\/v2\/posts\/79252\/revisions"}],"wp:featuredmedia":[{"embeddable":true,"href":"https:\/\/cdnoticias.com\/index.php\/wp-json\/wp\/v2\/media\/79281"}],"wp:attachment":[{"href":"https:\/\/cdnoticias.com\/index.php\/wp-json\/wp\/v2\/media?parent=79252"}],"wp:term":[{"taxonomy":"category","embeddable":true,"href":"https:\/\/cdnoticias.com\/index.php\/wp-json\/wp\/v2\/categories?post=79252"},{"taxonomy":"post_tag","embeddable":true,"href":"https:\/\/cdnoticias.com\/index.php\/wp-json\/wp\/v2\/tags?post=79252"}],"curies":[{"name":"wp","href":"https:\/\/api.w.org\/{rel}","templated":true}]}}