{"id":79211,"date":"2023-03-20T08:12:00","date_gmt":"2023-03-20T11:12:00","guid":{"rendered":"https:\/\/www.centraldenoticias.com.ar\/?p=79211"},"modified":"2023-03-20T08:12:00","modified_gmt":"2023-03-20T11:12:00","slug":"javier-calamaro-presenta-el-regalo-en-el-teatro-municipal","status":"publish","type":"post","link":"https:\/\/cdnoticias.com\/index.php\/2023\/03\/20\/javier-calamaro-presenta-el-regalo-en-el-teatro-municipal\/","title":{"rendered":"Javier Calamaro presenta \u201cEl Regalo\u201d en el Teatro Municipal"},"content":{"rendered":"<p>El espect\u00e1culo ser\u00e1 el 22 de abril a las 21:00. Las entradas ya se encuentran a la venta. <!--more--><\/p>\n<hr \/>\n<p>El <strong>Teatro Municipal<\/strong> recibe nuevamente la visita del <strong>m\u00fasico Javier Calamaro<\/strong>, quien presentar\u00e1 su <strong>\u00faltimo material discogr\u00e1fico<\/strong> <em><strong>\u00abEl regalo\u00bb. <\/strong><\/em>El espect\u00e1culo ser\u00e1 el <strong>22 de abril a las 21:00<\/strong> y las entradas ya se encuentran a la venta.<\/p>\n<p>&nbsp;<\/p>\n<p><em>&#8220;Este disco es un canto lleno vida, un gusto personal que Javier Calamaro comparte con todos ustedes e invita a disfrutar, disco que presentar\u00e1 en todo el pa\u00eds durante el 2023, y en diferentes ciudades de Latinoam\u00e9rica y lo posicionan como una de las mejores voces del rock argentino<\/em>&#8221; expresaron.<\/p>\n<p>&nbsp;<\/p>\n<p><strong>Valor de entradas <\/strong>(por la compra online deber\u00e1 sumarse el 5% por el cargo por servicio de Articket)<\/p>\n<p>Sin numerar<\/p>\n<p>$3300 Platea Baja<\/p>\n<p>$2750 Platea Alta<\/p>\n<p>$2200 Pullman<\/p>\n<p>&nbsp;<\/p>\n<p>Venta en el Teatro con tarjetas de cr\u00e9dito y d\u00e9bito.<\/p>\n<p>Venta online www.articket.com.ar con cr\u00e9dito y d\u00e9bito.<\/p>\n<p>Venta en Tecnocentro (Rivadavia 3065) en efectivo<\/p>\n","protected":false},"excerpt":{"rendered":"<p>El espect\u00e1culo ser\u00e1 el 22 de abril a las 21:00. Las entradas ya se encuentran a la venta.<\/p>\n","protected":false},"author":6,"featured_media":79212,"comment_status":"closed","ping_status":"closed","sticky":false,"template":"","format":"standard","meta":{"_jetpack_memberships_contains_paid_content":false,"footnotes":""},"categories":[9,1],"tags":[],"class_list":["post-79211","post","type-post","status-publish","format-standard","has-post-thumbnail","hentry","category-cultura","category-portada"],"jetpack_featured_media_url":"https:\/\/i0.wp.com\/cdnoticias.com\/wp-content\/uploads\/2023\/03\/Teatro-Javier-Calamaro-1024x683-1.jpg?fit=1024%2C683&ssl=1","jetpack_sharing_enabled":true,"_links":{"self":[{"href":"https:\/\/cdnoticias.com\/index.php\/wp-json\/wp\/v2\/posts\/79211","targetHints":{"allow":["GET"]}}],"collection":[{"href":"https:\/\/cdnoticias.com\/index.php\/wp-json\/wp\/v2\/posts"}],"about":[{"href":"https:\/\/cdnoticias.com\/index.php\/wp-json\/wp\/v2\/types\/post"}],"author":[{"embeddable":true,"href":"https:\/\/cdnoticias.com\/index.php\/wp-json\/wp\/v2\/users\/6"}],"replies":[{"embeddable":true,"href":"https:\/\/cdnoticias.com\/index.php\/wp-json\/wp\/v2\/comments?post=79211"}],"version-history":[{"count":0,"href":"https:\/\/cdnoticias.com\/index.php\/wp-json\/wp\/v2\/posts\/79211\/revisions"}],"wp:featuredmedia":[{"embeddable":true,"href":"https:\/\/cdnoticias.com\/index.php\/wp-json\/wp\/v2\/media\/79212"}],"wp:attachment":[{"href":"https:\/\/cdnoticias.com\/index.php\/wp-json\/wp\/v2\/media?parent=79211"}],"wp:term":[{"taxonomy":"category","embeddable":true,"href":"https:\/\/cdnoticias.com\/index.php\/wp-json\/wp\/v2\/categories?post=79211"},{"taxonomy":"post_tag","embeddable":true,"href":"https:\/\/cdnoticias.com\/index.php\/wp-json\/wp\/v2\/tags?post=79211"}],"curies":[{"name":"wp","href":"https:\/\/api.w.org\/{rel}","templated":true}]}}