{"id":7921,"date":"2020-12-01T17:08:55","date_gmt":"2020-12-01T20:08:55","guid":{"rendered":"http:\/\/www.centraldenoticias.com.ar\/?p=7921"},"modified":"2020-12-01T17:08:55","modified_gmt":"2020-12-01T20:08:55","slug":"como-es-el-protocolo-para-las-visitas-en-geriatricos","status":"publish","type":"post","link":"https:\/\/cdnoticias.com\/index.php\/2020\/12\/01\/como-es-el-protocolo-para-las-visitas-en-geriatricos\/","title":{"rendered":"C\u00f3mo es el protocolo para las visitas en geri\u00e1tricos"},"content":{"rendered":"<p>A partir de este martes ya se encuentran permitidas. Ingresa y conoce los detalles.<\/p>\n<p><!--more--><\/p>\n<hr \/>\n<p>Tal como lo anunci\u00f3 en la noche del \u00faltimo lunes en conferencia de prensa, <a href=\"https:\/\/cdnoticias.com\/index.php\/2020\/11\/30\/habilitan-reuniones-sociales-hasta-20-personas-y-mas-actividades\/\" target=\"_blank\" rel=\"noopener\">en el marco de una decena de nuevos permisos y excepciones<\/a>, <strong>el intendente Ezequiel Galli inform\u00f3 que desde este martes 1 de diciembre se encuentran en vigencia el protocolo para la visita de geri\u00e1tricos<\/strong>.<\/p>\n<p>&nbsp;<\/p>\n<p>Seg\u00fan fue enfatizado desde el Ejecutivo local, <strong>\u201cel principal objetivo es restablecer los v\u00ednculos entre las personas que residen en geri\u00e1tricos y sus familiares y redes afectivas\u201d<\/strong>. A la par, se enfatiz\u00f3 que \u201cel protocolo no supone\u00a0 que est\u00e1n habilitadas las visitas libremente, sino que\u00a0 cada instituci\u00f3n tiene que seguir el mismo rigurosamente\u201d.<\/p>\n<p>&nbsp;<\/p>\n<p><img data-recalc-dims=\"1\" loading=\"lazy\" decoding=\"async\" class=\"alignnone size-full wp-image-7858\" src=\"https:\/\/i0.wp.com\/cdnoticias.com\/wp-content\/uploads\/2020\/11\/conferenciagallicaputo3.jpg?resize=800%2C392&#038;ssl=1\" alt=\"\" width=\"800\" height=\"392\" srcset=\"https:\/\/i0.wp.com\/cdnoticias.com\/wp-content\/uploads\/2020\/11\/conferenciagallicaputo3.jpg?w=1009&amp;ssl=1 1009w, https:\/\/i0.wp.com\/cdnoticias.com\/wp-content\/uploads\/2020\/11\/conferenciagallicaputo3.jpg?resize=300%2C147&amp;ssl=1 300w, https:\/\/i0.wp.com\/cdnoticias.com\/wp-content\/uploads\/2020\/11\/conferenciagallicaputo3.jpg?resize=768%2C376&amp;ssl=1 768w\" sizes=\"auto, (max-width: 800px) 100vw, 800px\" \/><\/p>\n<p>&nbsp;<\/p>\n<p><strong>\u201cVenimos trabajando de manera sostenida desde el comienzo de este proceso con las 52 residencias de adultos mayores y sus referentes, hemos recorrido juntos un complejo camino y\u00a0 conocemos los pasos a seguir para adecuar las visitas en pandemia\u201d<\/strong>, indic\u00f3 en esa rueda de prensa el secretario de Salud del Municipio Germ\u00e1n Caputo.<\/p>\n<p>&nbsp;<\/p>\n<p>Sobre a lo que estipula el protocolo en s\u00ed el punto inicial para poder comenzar a aplicar un r\u00e9gimen de visitas es que <strong>las instituciones hayan acreditado 14 d\u00edas sin ning\u00fan caso confirmado de COVID-19.<\/strong><\/p>\n<p>&nbsp;<\/p>\n<p>Posteriormente, <strong>se deber\u00e1 contar con espacios adaptados para la realizaci\u00f3n de las visitas, los cuales, en lo posible, deber\u00e1n ser en sitios abiertos o sino con buena ventilaci\u00f3n, todo sujeto tambi\u00e9n a las posibilidades edilicias de cada residencia<\/strong>.<\/p>\n<p>&nbsp;<\/p>\n<p>Claro est\u00e1 que, a la par, <strong>se deber\u00e1n respetar las medidas de bioseguridad vigentes en la ciudad<\/strong>, tales como la utilizaci\u00f3n de tapabocas, alcohol en gel, distanciamiento social y el correcto uso de los elementos de protecci\u00f3n personal indicados para cada caso.<\/p>\n<p>&nbsp;<\/p>\n<p><img data-recalc-dims=\"1\" loading=\"lazy\" decoding=\"async\" class=\"alignnone size-full wp-image-7854\" src=\"https:\/\/i0.wp.com\/cdnoticias.com\/wp-content\/uploads\/2020\/11\/conferenciagallicaputo2.jpg?resize=800%2C500&#038;ssl=1\" alt=\"\" width=\"800\" height=\"500\" \/><\/p>\n<p>&nbsp;<\/p>\n<p>En todos los casos<strong> las visitas ser\u00e1n programadas con anticipaci\u00f3n y tendr\u00e1n una duraci\u00f3n m\u00e1xima de 30 minutos<\/strong>. Adem\u00e1s,<strong> no podr\u00e1n ser de m\u00e1s de 4 personas convivientes entre s\u00ed por residente visitado y por turno<\/strong>. Deber\u00e1n estar espaciadas por un lapso de media hora para realizar la desinfecci\u00f3n del espacio. Previo al ingreso de los familiares, se les tomar\u00e1 la fiebre y\u00a0 se le brindar\u00e1n elementos de higiene de manos y de protecci\u00f3n personal.<\/p>\n<p>&nbsp;<\/p>\n<p>Si se detecta un nuevo caso sospechoso o confirmado de COVID-19, las autoridades del geri\u00e1trico deber\u00e1n informarlo de manera inmediata, poner en marcha los protocolos sanitarios y <strong>suspender todas las visitas hasta que se regularice la situaci\u00f3n y sea seguro retomarlas.<\/strong><\/p>\n<p>&nbsp;<\/p>\n<p>Por \u00faltimo, <strong>se destaca la importancia de sostener las comunicaciones v\u00eda telef\u00f3nica y las videollamadas como alternativas complementarias a las visitas presenciales<\/strong>.<\/p>\n","protected":false},"excerpt":{"rendered":"<p>A partir de este martes ya se encuentran permitidas. Ingresa y conoce los detalles.<\/p>\n","protected":false},"author":3,"featured_media":7922,"comment_status":"closed","ping_status":"closed","sticky":false,"template":"","format":"standard","meta":{"_jetpack_memberships_contains_paid_content":false,"footnotes":""},"categories":[5,1],"tags":[],"class_list":["post-7921","post","type-post","status-publish","format-standard","has-post-thumbnail","hentry","category-informacion-general","category-portada"],"jetpack_featured_media_url":"https:\/\/i0.wp.com\/cdnoticias.com\/wp-content\/uploads\/2020\/12\/Salud-Visita-Residencias-Adultos-Mayores-2-1024x682.jpg?fit=1024%2C682&ssl=1","jetpack_sharing_enabled":true,"_links":{"self":[{"href":"https:\/\/cdnoticias.com\/index.php\/wp-json\/wp\/v2\/posts\/7921","targetHints":{"allow":["GET"]}}],"collection":[{"href":"https:\/\/cdnoticias.com\/index.php\/wp-json\/wp\/v2\/posts"}],"about":[{"href":"https:\/\/cdnoticias.com\/index.php\/wp-json\/wp\/v2\/types\/post"}],"author":[{"embeddable":true,"href":"https:\/\/cdnoticias.com\/index.php\/wp-json\/wp\/v2\/users\/3"}],"replies":[{"embeddable":true,"href":"https:\/\/cdnoticias.com\/index.php\/wp-json\/wp\/v2\/comments?post=7921"}],"version-history":[{"count":0,"href":"https:\/\/cdnoticias.com\/index.php\/wp-json\/wp\/v2\/posts\/7921\/revisions"}],"wp:featuredmedia":[{"embeddable":true,"href":"https:\/\/cdnoticias.com\/index.php\/wp-json\/wp\/v2\/media\/7922"}],"wp:attachment":[{"href":"https:\/\/cdnoticias.com\/index.php\/wp-json\/wp\/v2\/media?parent=7921"}],"wp:term":[{"taxonomy":"category","embeddable":true,"href":"https:\/\/cdnoticias.com\/index.php\/wp-json\/wp\/v2\/categories?post=7921"},{"taxonomy":"post_tag","embeddable":true,"href":"https:\/\/cdnoticias.com\/index.php\/wp-json\/wp\/v2\/tags?post=7921"}],"curies":[{"name":"wp","href":"https:\/\/api.w.org\/{rel}","templated":true}]}}