{"id":79197,"date":"2023-03-13T17:42:51","date_gmt":"2023-03-13T20:42:51","guid":{"rendered":"https:\/\/www.centraldenoticias.com.ar\/?p=79197"},"modified":"2023-03-13T17:42:51","modified_gmt":"2023-03-13T20:42:51","slug":"nueva-campana-de-recoleccion-de-basura-electronica-4","status":"publish","type":"post","link":"https:\/\/cdnoticias.com\/index.php\/2023\/03\/13\/nueva-campana-de-recoleccion-de-basura-electronica-4\/","title":{"rendered":"Nueva campa\u00f1a de recolecci\u00f3n de basura electr\u00f3nica"},"content":{"rendered":"<p>Ser\u00e1 el mi\u00e9rcoles 22 de marzo en el Ecopunto del Parque Avellaneda. <!--more--><\/p>\n<hr \/>\n<p>El <strong>mi\u00e9rcoles 22 de marzo<\/strong> se realizar\u00e1 una <strong>nueva campa\u00f1a de recolecci\u00f3n de RAEEs <\/strong>(Residuos de Aparatos El\u00e9ctricos y Electr\u00f3nicos), com\u00fanmente denominados como <strong>basura electr\u00f3nica.<\/strong><\/p>\n<p>&nbsp;<\/p>\n<p>La actividad se llevar\u00e1 a cabo en el <strong>Ecopunto del Parque Avellaneda<\/strong>, desde las <strong>9 a 12 horas.<\/strong> Se indic\u00f3 que la jornada se suspender\u00e1 en caso de <strong>condiciones clim\u00e1ticas adversas.<\/strong><\/p>\n<p>&nbsp;<\/p>\n<p>La campa\u00f1a se enmarca dentro del Programa DRTD (Disposici\u00f3n y Reutilizaci\u00f3n de Tecnolog\u00edas en Desuso) del Ministerio de Justicia, que tiene como objeto principal el <strong>reciclado de aquellos aparatos o equipos electr\u00f3nicos de consumo que est\u00e1n da\u00f1ados o ya no son utilizados<\/strong>, para as\u00ed mitigar los da\u00f1os que producen estos residuos al ambiente.<\/p>\n<p>&nbsp;<\/p>\n<p>Los <strong>residuos que se reciben<\/strong> son: computadoras, impresoras, monitores, celulares, televisores, centrales telef\u00f3nicas, routers, electrodom\u00e9sticos peque\u00f1os, radios, videoc\u00e1maras, relojes y videojuegos.<\/p>\n<p>&nbsp;<\/p>\n<p><strong>No se recibir\u00e1n<\/strong>: heladeras, lavarropas, cocinas, lavavajillas, tonners, bater\u00edas, pilas y l\u00e1mparas.<\/p>\n<p>&nbsp;<\/p>\n<p>Para m\u00e1s informaci\u00f3n se pueden comunicar con la Direcci\u00f3n de Desarrollo Sustentable al tel\u00e9fono 412600. Instagram \/ Facebook: Desarrollo Sustentable Olavarr\u00eda.<\/p>\n","protected":false},"excerpt":{"rendered":"<p>Ser\u00e1 el mi\u00e9rcoles 22 de marzo en el Ecopunto del Parque Avellaneda.<\/p>\n","protected":false},"author":6,"featured_media":79198,"comment_status":"closed","ping_status":"closed","sticky":false,"template":"","format":"standard","meta":{"_jetpack_memberships_contains_paid_content":false,"footnotes":""},"categories":[5,1],"tags":[],"class_list":["post-79197","post","type-post","status-publish","format-standard","has-post-thumbnail","hentry","category-informacion-general","category-portada"],"jetpack_featured_media_url":"https:\/\/i0.wp.com\/cdnoticias.com\/wp-content\/uploads\/2023\/03\/DE-Basura-Electronica-1024x682-1.jpg?fit=1024%2C682&ssl=1","jetpack_sharing_enabled":true,"_links":{"self":[{"href":"https:\/\/cdnoticias.com\/index.php\/wp-json\/wp\/v2\/posts\/79197","targetHints":{"allow":["GET"]}}],"collection":[{"href":"https:\/\/cdnoticias.com\/index.php\/wp-json\/wp\/v2\/posts"}],"about":[{"href":"https:\/\/cdnoticias.com\/index.php\/wp-json\/wp\/v2\/types\/post"}],"author":[{"embeddable":true,"href":"https:\/\/cdnoticias.com\/index.php\/wp-json\/wp\/v2\/users\/6"}],"replies":[{"embeddable":true,"href":"https:\/\/cdnoticias.com\/index.php\/wp-json\/wp\/v2\/comments?post=79197"}],"version-history":[{"count":0,"href":"https:\/\/cdnoticias.com\/index.php\/wp-json\/wp\/v2\/posts\/79197\/revisions"}],"wp:featuredmedia":[{"embeddable":true,"href":"https:\/\/cdnoticias.com\/index.php\/wp-json\/wp\/v2\/media\/79198"}],"wp:attachment":[{"href":"https:\/\/cdnoticias.com\/index.php\/wp-json\/wp\/v2\/media?parent=79197"}],"wp:term":[{"taxonomy":"category","embeddable":true,"href":"https:\/\/cdnoticias.com\/index.php\/wp-json\/wp\/v2\/categories?post=79197"},{"taxonomy":"post_tag","embeddable":true,"href":"https:\/\/cdnoticias.com\/index.php\/wp-json\/wp\/v2\/tags?post=79197"}],"curies":[{"name":"wp","href":"https:\/\/api.w.org\/{rel}","templated":true}]}}