{"id":79193,"date":"2023-03-11T18:29:55","date_gmt":"2023-03-11T21:29:55","guid":{"rendered":"https:\/\/www.centraldenoticias.com.ar\/?p=79193"},"modified":"2023-03-11T18:29:55","modified_gmt":"2023-03-11T21:29:55","slug":"entrega-de-pases-libres-de-transporte-para-personas-con-discapacidad","status":"publish","type":"post","link":"https:\/\/cdnoticias.com\/index.php\/2023\/03\/11\/entrega-de-pases-libres-de-transporte-para-personas-con-discapacidad\/","title":{"rendered":"Entrega de Pases Libres de transporte para personas con discapacidad"},"content":{"rendered":"<p>Se inform\u00f3 que recibieron una partida de alrededor de 250 Pases Multimodales provinciales tramitados en meses previos.<!--more--><\/p>\n<hr \/>\n<p>El Programa de Promoci\u00f3n de Derechos para Personas con Discapacidad y Personas Mayores del Municipio de Olavarr\u00eda, inform\u00f3 que recibieron una partida de alrededor de 250 Pases Multimodales provinciales tramitados en meses previos.<\/p>\n<p>&nbsp;<\/p>\n<p>Los Pases est\u00e1n disponibles para <strong>retirar de lunes a viernes en el horario de 8 a 12 horas,<\/strong> en las oficinas de <strong>avenida Sarmiento 2458<\/strong> del mencionado Programa municipal, y quienes se acerquen a retirarlos, <strong>deber\u00e1n hacerlo con su DNI.<\/strong><\/p>\n<p>&nbsp;<\/p>\n<p><em>&#8220;Esto fue posible gracias a gestiones conjuntas de la Secretar\u00eda de Desarrollo Humano y Calidad de Vida, y la Secretar\u00eda de Gobierno municipal, que facilitaron los medios para acelerar la llegada de estos documentos a nuestra ciudad&#8221;<\/em> expresaron.<\/p>\n<p>&nbsp;<\/p>\n<p>El Pase de Transporte Multimodal es un instrumento que facilita e<strong>l acceso libre y gratuito al transporte p\u00fablico terrestre y fluvial a las personas con discapacidad<\/strong> dentro de la Provincia de Buenos Aires, y a nivel local, en los <strong>micros internos e interurbanos<\/strong> que unen las localidades serranas.<\/p>\n<p>&nbsp;<\/p>\n","protected":false},"excerpt":{"rendered":"<p>Se inform\u00f3 que recibieron una partida de alrededor de 250 Pases Multimodales provinciales tramitados en meses previos.<\/p>\n","protected":false},"author":6,"featured_media":79194,"comment_status":"closed","ping_status":"closed","sticky":false,"template":"","format":"standard","meta":{"_jetpack_memberships_contains_paid_content":false,"footnotes":""},"categories":[5,1],"tags":[],"class_list":["post-79193","post","type-post","status-publish","format-standard","has-post-thumbnail","hentry","category-informacion-general","category-portada"],"jetpack_featured_media_url":"https:\/\/i0.wp.com\/cdnoticias.com\/wp-content\/uploads\/2023\/03\/DH-Pase-libre-transporte-1024x683-1.jpg?fit=1024%2C683&ssl=1","jetpack_sharing_enabled":true,"_links":{"self":[{"href":"https:\/\/cdnoticias.com\/index.php\/wp-json\/wp\/v2\/posts\/79193","targetHints":{"allow":["GET"]}}],"collection":[{"href":"https:\/\/cdnoticias.com\/index.php\/wp-json\/wp\/v2\/posts"}],"about":[{"href":"https:\/\/cdnoticias.com\/index.php\/wp-json\/wp\/v2\/types\/post"}],"author":[{"embeddable":true,"href":"https:\/\/cdnoticias.com\/index.php\/wp-json\/wp\/v2\/users\/6"}],"replies":[{"embeddable":true,"href":"https:\/\/cdnoticias.com\/index.php\/wp-json\/wp\/v2\/comments?post=79193"}],"version-history":[{"count":0,"href":"https:\/\/cdnoticias.com\/index.php\/wp-json\/wp\/v2\/posts\/79193\/revisions"}],"wp:featuredmedia":[{"embeddable":true,"href":"https:\/\/cdnoticias.com\/index.php\/wp-json\/wp\/v2\/media\/79194"}],"wp:attachment":[{"href":"https:\/\/cdnoticias.com\/index.php\/wp-json\/wp\/v2\/media?parent=79193"}],"wp:term":[{"taxonomy":"category","embeddable":true,"href":"https:\/\/cdnoticias.com\/index.php\/wp-json\/wp\/v2\/categories?post=79193"},{"taxonomy":"post_tag","embeddable":true,"href":"https:\/\/cdnoticias.com\/index.php\/wp-json\/wp\/v2\/tags?post=79193"}],"curies":[{"name":"wp","href":"https:\/\/api.w.org\/{rel}","templated":true}]}}