{"id":79189,"date":"2023-03-11T13:31:08","date_gmt":"2023-03-11T16:31:08","guid":{"rendered":"https:\/\/www.centraldenoticias.com.ar\/?p=79189"},"modified":"2023-03-11T13:31:08","modified_gmt":"2023-03-11T16:31:08","slug":"coopelectric-se-reunio-con-vecinos-del-barrio-luz-y-fuerza","status":"publish","type":"post","link":"https:\/\/cdnoticias.com\/index.php\/2023\/03\/11\/coopelectric-se-reunio-con-vecinos-del-barrio-luz-y-fuerza\/","title":{"rendered":"Coopelectric se reuni\u00f3 con vecinos del barrio Luz y Fuerza"},"content":{"rendered":"<p>Fue en el marco del Programa &#8220;Di\u00e1logos Comunitarios&#8221;. Entre los temas principales se encontraron el vandalismo y los hechos de inseguridad en el barrio.<br \/>\n<!--more--><\/p>\n<hr \/>\n<p>En el marco del <strong>Programa \u201cDi\u00e1logos Comunitarios\u201d,<\/strong> vecinos del barrio <strong>Luz y Fuerza<\/strong> fueron recibidos en la sede administrativa de<strong> Coopelectric. <\/strong><\/p>\n<p>&nbsp;<\/p>\n<p>Participaron el titular del Consejo de Administraci\u00f3n Cruz Arouxet, el vicepresidente Ignacio Aramburu, el prosecretario Oscar Angeletti, el vocal Jos\u00e9 Mor\u00e1n, el presidente del Cuerpo de Delegados Ignacio Pagano, el s\u00edndico Horacio Balbiani, el Delegado Gabriel Castro, el gerente de Coordinaci\u00f3n Ejecutiva Oscar L\u00f3pez y el gerente de Distribuci\u00f3n del Servicio El\u00e9ctrico Claudio N\u00e1poli.<\/p>\n<p>&nbsp;<\/p>\n<p>Uno de los temas salientes de la reuni\u00f3n fue el<strong> sistema de alumbrado p\u00fablico,<\/strong> por lo que se abord\u00f3 la tarea de Coopelectric en cuanto a su operaci\u00f3n y mantenimiento. En tal sentido los vecinos brindaron informaci\u00f3n sobre l\u00e1mparas apagadas en el sector, las cuales ser\u00e1n reparadas a la brevedad. Desde el \u00e1rea t\u00e9cnica tambi\u00e9n se les inform\u00f3 que se aguarda la llegada de reflectores para poder reemplazar los que est\u00e1n da\u00f1ados en la plaza del barrio. Por otro lado, y ante la inquietud de colocar nuevas luminarias en espacios que a\u00fan no cuentan con iluminaci\u00f3n p\u00fablica se les brind\u00f3 el asesoramiento pertinente.<\/p>\n<p>&nbsp;<\/p>\n<p>El <strong>vandalismo, el da\u00f1o que sufren los artefactos lum\u00ednicos a causa de ello y hechos de inseguridad<\/strong> registrados en el barrio durante el \u00faltimo tiempo, fueron las principales preocupaciones transmitidas por los vecinos del barrio Luz y Fuerza.<\/p>\n<p>&nbsp;<\/p>\n<p>Desde Coopelectric se subray\u00f3 la importancia de efectuar los reclamos a trav\u00e9s de las v\u00edas de comunicaci\u00f3n habilitadas (Tel. 412305, WhatsApp 2284-230707, SM 15-680000) dado que facilita la tarea y permite evaluar su trazabilidad.<\/p>\n<p>&nbsp;<\/p>\n<p><em><strong>\u201cPara tomar conocimiento y poder actuar en consecuencia es fundamental que los reclamos est\u00e9n registrados. No s\u00f3lo insistimos con la importancia de realizar los reclamos propios de la cuadra de cada vecino, sino tambi\u00e9n de los espacios p\u00fablicos como por ejemplo la plaza del barrio<\/strong><\/em>\u201d expresaron.<\/p>\n<p>&nbsp;<\/p>\n<p>Durante la charla tambi\u00e9n se realizaron consultas sobre el<strong> funcionamiento del servicio sanitario<\/strong>, especialmente durante el per\u00edodo estival. En esa l\u00ednea, desde Coopelectric se explic\u00f3 que todos los pozos de extracci\u00f3n est\u00e1n funcionando con normalidad, se mencionaron los inconvenientes vinculados a la presi\u00f3n del agua producto de la ubicaci\u00f3n de los tanques domiciliarios en el barrio y al mismo tiempo se brind\u00f3 informaci\u00f3n de las obras que se concretar\u00e1n durante el transcurso del a\u00f1o para contribuir a la mejora del servicio en la zona.<\/p>\n<p>&nbsp;<\/p>\n<p>El presidente del Consejo de Administraci\u00f3n agradeci\u00f3 la presencia de los vecinos y se refiri\u00f3 a los objetivos del encuentro. \u201cNuestra intenci\u00f3n es escucharlos, atender sus demandas, brindarles informaci\u00f3n sobre los derechos y obligaciones tanto de la Cooperativa como de los asociados, brindarles asesoramiento en lo que necesiten y principalmente estar cerca porque esta entidad nos pertenece a todos los olavarrienses\u201d.<\/p>\n<p>&nbsp;<\/p>\n<p><strong>Programa \u201cDi\u00e1logos Comunitarios\u201d<\/strong><\/p>\n<p>&nbsp;<\/p>\n<p>Consiste en promover<strong> espacios de encuentro<\/strong> con referentes de juntas vecinales, sociedades de fomento, entidades barriales, instituciones deportivas, educativas, asociaciones civiles sin fines de lucro, ONG\u00b4s, entre otras; con la finalidad de abordar tem\u00e1ticas vinculadas a las prestaciones de Coopelectric, acordar acciones de trabajo conjuntas y profundizar el v\u00ednculo que Coopelectric mantiene con todas las entidades intermedias de la ciudad.<\/p>\n<p>&nbsp;<\/p>\n<p>Las entidades que est\u00e9n interesadas en participar pueden solicitar un encuentro acerc\u00e1ndose de lunes a viernes de 7:30 a 14:30 al \u00e1rea de Secretar\u00eda en la sede de Belgrano 2850 o contact\u00e1ndose a trav\u00e9s de la casilla de correo secretariaadministracion@coopelectric.com.ar<\/p>\n<p>&nbsp;<\/p>\n<p>&nbsp;<\/p>\n","protected":false},"excerpt":{"rendered":"<p>Fue en el marco del Programa &#8220;Di\u00e1logos Comunitarios&#8221;. Entre los temas principales se encontraron el vandalismo y los hechos de<\/p>\n","protected":false},"author":6,"featured_media":79190,"comment_status":"closed","ping_status":"closed","sticky":false,"template":"","format":"standard","meta":{"_jetpack_memberships_contains_paid_content":false,"footnotes":""},"categories":[5],"tags":[],"class_list":["post-79189","post","type-post","status-publish","format-standard","has-post-thumbnail","hentry","category-informacion-general"],"jetpack_featured_media_url":"https:\/\/i0.wp.com\/cdnoticias.com\/wp-content\/uploads\/2023\/03\/Barrio-Luz-y-Fuerza.jpeg?fit=1496%2C976&ssl=1","jetpack_sharing_enabled":true,"_links":{"self":[{"href":"https:\/\/cdnoticias.com\/index.php\/wp-json\/wp\/v2\/posts\/79189","targetHints":{"allow":["GET"]}}],"collection":[{"href":"https:\/\/cdnoticias.com\/index.php\/wp-json\/wp\/v2\/posts"}],"about":[{"href":"https:\/\/cdnoticias.com\/index.php\/wp-json\/wp\/v2\/types\/post"}],"author":[{"embeddable":true,"href":"https:\/\/cdnoticias.com\/index.php\/wp-json\/wp\/v2\/users\/6"}],"replies":[{"embeddable":true,"href":"https:\/\/cdnoticias.com\/index.php\/wp-json\/wp\/v2\/comments?post=79189"}],"version-history":[{"count":0,"href":"https:\/\/cdnoticias.com\/index.php\/wp-json\/wp\/v2\/posts\/79189\/revisions"}],"wp:featuredmedia":[{"embeddable":true,"href":"https:\/\/cdnoticias.com\/index.php\/wp-json\/wp\/v2\/media\/79190"}],"wp:attachment":[{"href":"https:\/\/cdnoticias.com\/index.php\/wp-json\/wp\/v2\/media?parent=79189"}],"wp:term":[{"taxonomy":"category","embeddable":true,"href":"https:\/\/cdnoticias.com\/index.php\/wp-json\/wp\/v2\/categories?post=79189"},{"taxonomy":"post_tag","embeddable":true,"href":"https:\/\/cdnoticias.com\/index.php\/wp-json\/wp\/v2\/tags?post=79189"}],"curies":[{"name":"wp","href":"https:\/\/api.w.org\/{rel}","templated":true}]}}