{"id":79162,"date":"2023-03-10T12:05:36","date_gmt":"2023-03-10T15:05:36","guid":{"rendered":"https:\/\/www.centraldenoticias.com.ar\/?p=79162"},"modified":"2023-03-10T13:33:54","modified_gmt":"2023-03-10T16:33:54","slug":"tenemos-el-objetivo-de-una-provincia-que-sea-viable","status":"publish","type":"post","link":"https:\/\/cdnoticias.com\/index.php\/2023\/03\/10\/tenemos-el-objetivo-de-una-provincia-que-sea-viable\/","title":{"rendered":"\u201cTenemos el objetivo de una Provincia que sea viable\u201d"},"content":{"rendered":"<p>Lo dijo Maximiliano Abad, precandidato a gobernador de UCR. Estuvo este jueves en Olavarr\u00eda y particip\u00f3 de una cena con unos 250 simpatizantes del sector Adelante Olavarr\u00eda.<\/p>\n<p><!--more--><\/p>\n<hr \/>\n<p><strong>Este jueves estuvo en Olavarr\u00eda el presidente de la UCR de la provincia de Buenos Aires, Maximiliano Abad<\/strong>, en el marco de<strong> su postulaci\u00f3n a la gobernaci\u00f3n.<\/strong> El dirigente mantuvo varias actividades en la ciudad, entre ellas una visita al campus de Unicen y a la Facultad de Ingenier\u00eda, y una reuni\u00f3n con la Uni\u00f3n Industrial.<\/p>\n<p>&nbsp;<\/p>\n<p>Por la noche, <strong>encabez\u00f3 una cena en la Sociedad de Fomento Mariano Moreno con militantes y afiliados del radicalismo del sector de Adelante Olavarr\u00eda (Adelante Radicales)<\/strong>. Asistieron unas 250 personas. Estuvieron el <strong>precandidato a intendente de este sector, Marcelo Spina<\/strong>, y los <strong>legisladores provinciales, Alejandro Cellillo y Alejandra Lorden<\/strong>.<\/p>\n<p>&nbsp;<\/p>\n<p><img data-recalc-dims=\"1\" loading=\"lazy\" decoding=\"async\" class=\"size-large wp-image-79139 aligncenter\" src=\"https:\/\/i0.wp.com\/cdnoticias.com\/wp-content\/uploads\/2023\/03\/adelante-olavarria00.jpg?resize=800%2C445&#038;ssl=1\" alt=\"\" width=\"800\" height=\"445\" srcset=\"https:\/\/i0.wp.com\/cdnoticias.com\/wp-content\/uploads\/2023\/03\/adelante-olavarria00-scaled.jpg?resize=1024%2C570&amp;ssl=1 1024w, https:\/\/i0.wp.com\/cdnoticias.com\/wp-content\/uploads\/2023\/03\/adelante-olavarria00-scaled.jpg?resize=300%2C167&amp;ssl=1 300w, https:\/\/i0.wp.com\/cdnoticias.com\/wp-content\/uploads\/2023\/03\/adelante-olavarria00-scaled.jpg?resize=768%2C427&amp;ssl=1 768w, https:\/\/i0.wp.com\/cdnoticias.com\/wp-content\/uploads\/2023\/03\/adelante-olavarria00-scaled.jpg?resize=1536%2C854&amp;ssl=1 1536w, https:\/\/i0.wp.com\/cdnoticias.com\/wp-content\/uploads\/2023\/03\/adelante-olavarria00-scaled.jpg?resize=2048%2C1139&amp;ssl=1 2048w, https:\/\/i0.wp.com\/cdnoticias.com\/wp-content\/uploads\/2023\/03\/adelante-olavarria00-scaled.jpg?resize=800%2C445&amp;ssl=1 800w, https:\/\/i0.wp.com\/cdnoticias.com\/wp-content\/uploads\/2023\/03\/adelante-olavarria00-scaled.jpg?w=1600&amp;ssl=1 1600w, https:\/\/i0.wp.com\/cdnoticias.com\/wp-content\/uploads\/2023\/03\/adelante-olavarria00-scaled.jpg?w=2400&amp;ssl=1 2400w\" sizes=\"auto, (max-width: 800px) 100vw, 800px\" \/><\/p>\n<p>&nbsp;<\/p>\n<p>Con Abad, lleg\u00f3 el<strong> economista Alfonso Prat Gay<\/strong>, ex presidente del Banco Central (2002-2004) y ex ministro de Hacienda y Finanzas entre 2015 y 2016. Tambi\u00e9n fue diputado nacional por la Ciudad de Buenos Aires (2009-2013) electo por Acuerdo C\u00edvico y Social (ACyS).<\/p>\n<p>&nbsp;<\/p>\n<p>Durante la cena, los oradores principales fueron los precandidatos. <strong>Spina<\/strong> habl\u00f3 de sus antecedentes, de su trabajo desde la universidad y c\u00f3mo desde all\u00ed articul\u00f3 con much\u00edsimos actores entre los que destac\u00f3 distintos agrupamientos y sectores empresarios.<strong> \u201cHa servido para aprender y desarrollar conocimientos para conocer la realidad de Olavarr\u00eda\u201d defini\u00f3<\/strong>.<\/p>\n<p>&nbsp;<\/p>\n<blockquote><p>El dirigente subray\u00f3 que con su precandidatura \u201cme pidieron que como grupo provoquemos un cambio social, y ah\u00ed estamos yendo\u201d.<\/p><\/blockquote>\n<p>&nbsp;<\/p>\n<p>[soliloquy id=&#8221;79136&#8243;]<\/p>\n<p>&nbsp;<\/p>\n<p>Luego, <strong>Abad agradeci\u00f3 a Marcelo Spina por \u201cponer el cuerpo para pensar en construir una nueva Olavarr\u00eda.<\/strong> Trabajar y tener el objetivo cierto de que una nueva Olavarr\u00eda es posible\u201d.<\/p>\n<p>&nbsp;<\/p>\n<blockquote><p>Contextualiz\u00f3 la \u201chistoria en com\u00fan\u201d entre ambos con los valores de la UCR y \u201cel orgullo\u201d del recuerdo de la gesta democr\u00e1tica de Ra\u00fal Alfons\u00edn. \u201cTenemos el objetivo de una Provincia que sea viable, vivible y motor de desarrollo de la Argentina\u201d enfatiz\u00f3.<\/p><\/blockquote>\n<p>&nbsp;<\/p>\n<p>El tambi\u00e9n diputado provincial contrapuso su propuesta de gesti\u00f3n \u2013<strong>\u201cun modelo democr\u00e1tico, republicano y progresista\u201d<\/strong>&#8211; al \u201cpopulismo\u201d para asegurar que \u201cgenera malos resultados, m\u00e1s exclusi\u00f3n, debilidad institucional y aislamiento internacional\u201d.<\/p>\n<p>&nbsp;<\/p>\n<p><span style=\"text-decoration: underline;\"><strong>La falta de divisas y las oportunidades<\/strong><\/span><\/p>\n<p>&nbsp;<\/p>\n<p>En contacto con los medios, <strong>Alfonso Prat Gay<\/strong> refiri\u00f3 que<strong> en la reuni\u00f3n con los industriales \u201cmencionaron el problema del acceso a los d\u00f3lares para poder importar<\/strong>. Toda la cadena productiva empieza a sufrir, no est\u00e1n los insumos y no se puede producir\u201d. En este se\u00f1alamiento apunt\u00f3 contra el ministro de Econom\u00eda nacional:<strong> \u201ceste es un problema que Massa, m\u00e1s que resolverlo, lo ha profundizado.<\/strong> Esta estrategia de sobornar a un sector d\u00e1ndole un tipo de cambio m\u00e1s alto para que liquide es una estrategia que se agota, confunde, que demora la venta de algunos exportadores que esperan para que les den un d\u00f3lar diferenciado\u201d.<\/p>\n<p>&nbsp;<\/p>\n<p><img data-recalc-dims=\"1\" loading=\"lazy\" decoding=\"async\" class=\"size-large wp-image-79144 aligncenter\" src=\"https:\/\/i0.wp.com\/cdnoticias.com\/wp-content\/uploads\/2023\/03\/pratgay-adelante-olavarria.jpg?resize=800%2C445&#038;ssl=1\" alt=\"\" width=\"800\" height=\"445\" srcset=\"https:\/\/i0.wp.com\/cdnoticias.com\/wp-content\/uploads\/2023\/03\/pratgay-adelante-olavarria-scaled.jpg?resize=1024%2C570&amp;ssl=1 1024w, https:\/\/i0.wp.com\/cdnoticias.com\/wp-content\/uploads\/2023\/03\/pratgay-adelante-olavarria-scaled.jpg?resize=300%2C167&amp;ssl=1 300w, https:\/\/i0.wp.com\/cdnoticias.com\/wp-content\/uploads\/2023\/03\/pratgay-adelante-olavarria-scaled.jpg?resize=768%2C427&amp;ssl=1 768w, https:\/\/i0.wp.com\/cdnoticias.com\/wp-content\/uploads\/2023\/03\/pratgay-adelante-olavarria-scaled.jpg?resize=1536%2C855&amp;ssl=1 1536w, https:\/\/i0.wp.com\/cdnoticias.com\/wp-content\/uploads\/2023\/03\/pratgay-adelante-olavarria-scaled.jpg?resize=2048%2C1140&amp;ssl=1 2048w, https:\/\/i0.wp.com\/cdnoticias.com\/wp-content\/uploads\/2023\/03\/pratgay-adelante-olavarria-scaled.jpg?resize=800%2C445&amp;ssl=1 800w, https:\/\/i0.wp.com\/cdnoticias.com\/wp-content\/uploads\/2023\/03\/pratgay-adelante-olavarria-scaled.jpg?w=1600&amp;ssl=1 1600w, https:\/\/i0.wp.com\/cdnoticias.com\/wp-content\/uploads\/2023\/03\/pratgay-adelante-olavarria-scaled.jpg?w=2400&amp;ssl=1 2400w\" sizes=\"auto, (max-width: 800px) 100vw, 800px\" \/><\/p>\n<p>&nbsp;<\/p>\n<blockquote><p>\u201cLa situaci\u00f3n es cr\u00edtica con todos los errores que cometi\u00f3 el Gobierno desde el inicio y una mala gesti\u00f3n de Massa y porque, adem\u00e1s, se van acumulando esos errores. Y sobre ello viene la sequ\u00eda que es tremenda\u201d plante\u00f3 el economista. Afirm\u00f3 que en la UCR \u201cestamos muy preocupados por el peque\u00f1o productor\u201d en virtud de la situaci\u00f3n que advierten en la recorrida por la provincia.<\/p><\/blockquote>\n<p>&nbsp;<\/p>\n<p>Luego retom\u00f3 su planteo sobre la falta de divisas y adelant\u00f3 que \u201cvamos a descubrir que hay una deuda de casi 10 mil millones de d\u00f3lares que no se puede cubrir\u201d. \u201cUn pa\u00eds sin reservas es un pa\u00eds con cepo, con tipo de cambio m\u00faltiple, con trucos para cada sector y en cada momento.<strong> Es un pa\u00eds inviable\u201d<\/strong> agreg\u00f3. Prat Gay proyecto que \u201ccreemos que eso es lo que va a cambiar desde diciembre\u201d con el nuevo gobierno electo.<\/p>\n<p>&nbsp;<\/p>\n<p><strong>Luego sostuvo que \u201ces un pa\u00eds que se puede rescatar y se va a rescatar.<\/strong> Argentina tiene un futuro muy promisorio si ordenamos algunas cuestiones y a trav\u00e9s del di\u00e1logo nos aseguramos que esas cuestiones se puedan mantener a lo largo del tiempo\u201d.<\/p>\n<p>&nbsp;<\/p>\n<p>Tras criticar que \u201ceste Gobierno ha hecho trizas el valor de la palabra\u201d apunt\u00f3 a que<strong> \u201cning\u00fan pa\u00eds tiene la inflaci\u00f3n que tiene Argentina y todos tuvieron pandemia, y la guerra (entre Rusia y Ucrania) en todo caso nos benefici\u00f3<\/strong> porque los precios de las cosas que exportamos subieron m\u00e1s que de las que importamos. Y lo que importamos no nos debiera preocupar si ellos se hubieran tomado el trabajo de hacer el gasoducto que dejaron pasar 3 a\u00f1os para iniciarlo\u201d.<\/p>\n<p>&nbsp;<\/p>\n<p><img data-recalc-dims=\"1\" loading=\"lazy\" decoding=\"async\" class=\"size-large wp-image-79143 aligncenter\" src=\"https:\/\/i0.wp.com\/cdnoticias.com\/wp-content\/uploads\/2023\/03\/pratgay-abad-adelante-olavarria.jpg?resize=800%2C445&#038;ssl=1\" alt=\"\" width=\"800\" height=\"445\" srcset=\"https:\/\/i0.wp.com\/cdnoticias.com\/wp-content\/uploads\/2023\/03\/pratgay-abad-adelante-olavarria-scaled.jpg?resize=1024%2C569&amp;ssl=1 1024w, https:\/\/i0.wp.com\/cdnoticias.com\/wp-content\/uploads\/2023\/03\/pratgay-abad-adelante-olavarria-scaled.jpg?resize=300%2C167&amp;ssl=1 300w, https:\/\/i0.wp.com\/cdnoticias.com\/wp-content\/uploads\/2023\/03\/pratgay-abad-adelante-olavarria-scaled.jpg?resize=768%2C427&amp;ssl=1 768w, https:\/\/i0.wp.com\/cdnoticias.com\/wp-content\/uploads\/2023\/03\/pratgay-abad-adelante-olavarria-scaled.jpg?resize=1536%2C854&amp;ssl=1 1536w, https:\/\/i0.wp.com\/cdnoticias.com\/wp-content\/uploads\/2023\/03\/pratgay-abad-adelante-olavarria-scaled.jpg?resize=2048%2C1139&amp;ssl=1 2048w, https:\/\/i0.wp.com\/cdnoticias.com\/wp-content\/uploads\/2023\/03\/pratgay-abad-adelante-olavarria-scaled.jpg?resize=800%2C445&amp;ssl=1 800w, https:\/\/i0.wp.com\/cdnoticias.com\/wp-content\/uploads\/2023\/03\/pratgay-abad-adelante-olavarria-scaled.jpg?w=1600&amp;ssl=1 1600w, https:\/\/i0.wp.com\/cdnoticias.com\/wp-content\/uploads\/2023\/03\/pratgay-abad-adelante-olavarria-scaled.jpg?w=2400&amp;ssl=1 2400w\" sizes=\"auto, (max-width: 800px) 100vw, 800px\" \/><\/p>\n<p>&nbsp;<\/p>\n<blockquote><p>\u201cLa situaci\u00f3n que vamos a heredar va a ser muy compleja. Mucho peor que la de 2015 que ya fue dif\u00edcil. Pero si nos toca a nosotros, en Juntos por el Cambio, la gran diferencia es que esta vez vamos a estar cerca de tener mayor\u00eda en las dos C\u00e1maras en el congreso y eso es un punto de partida muy diferente: lo implica el apoyo popular y tener los votos para ir adelante\u201d subray\u00f3 el economista.<\/p><\/blockquote>\n<p>&nbsp;<\/p>\n<p>Se\u00f1al\u00f3 como <strong>oportunidades a futuro para la econom\u00eda del pa\u00eds \u201cel litio, con la miner\u00eda,<\/strong> Olavarr\u00eda es una ciudad minera, pero toda la miner\u00eda que est\u00e1 subexplotada en la Cordillera le puede dar a Argentina muchas divisas\u201d. A ello a\u00f1adi\u00f3 las \u201coportunidades\u201d de turismo, la construcci\u00f3n del gasoducto \u201cN\u00e9stor Kirchner\u201d y Vaca Muerta. <strong>\u201cEs posible imaginar que en los pr\u00f3ximos dos o tres a\u00f1os puede haber un aumento fuerte de las exportaciones que nos hagan un poco m\u00e1s llevadero el tr\u00e1mite hacia una Argentina normalizada\u201d.<\/strong><\/p>\n<p>&nbsp;<\/p>\n<p><span style=\"text-decoration: underline;\"><strong>Internas en la provincia<\/strong><\/span><\/p>\n<p>&nbsp;<\/p>\n<p><strong>Alejandra Lorden<\/strong> hizo hincapi\u00e9 en las fortalezas y la legitimaci\u00f3n de Abad en la presidencia del partido:<strong> \u201ccon todo este acompa\u00f1amiento no va a ser necesaria una interna abierta\u201d<\/strong> dijo.\u00a0Tal como plante\u00f3 <a href=\"https:\/\/cdnoticias.com\/index.php\/2023\/03\/08\/para-alejandra-lorden-la-ucr-tiene-un-volumen-como-para-competir-en-las-paso\/\" target=\"_blank\" rel=\"noopener\">en una charla con<strong> Central de Noticias<\/strong> d\u00edas pasados<\/a>, la diputada adelant\u00f3 que \u201cen poco tiempo se va dirimir y ordenar cu\u00e1l es la mejor oferta electoral para una estrategia electoral que claramente decidir\u00e1 el votante\u201d.<\/p>\n<p>&nbsp;<\/p>\n<p>En ese marco, <strong>el senador provincial Alejandro Cellillo<\/strong> remarc\u00f3 que \u201cuno de los capitales m\u00e1s grandes que tiene el radicalismo es que viene regularmente haciendo<strong> la renovaci\u00f3n de sus dirigentes\u201d.<\/strong><\/p>\n<p>&nbsp;<\/p>\n<p><img data-recalc-dims=\"1\" loading=\"lazy\" decoding=\"async\" class=\"size-large wp-image-79141 aligncenter\" src=\"https:\/\/i0.wp.com\/cdnoticias.com\/wp-content\/uploads\/2023\/03\/cellillo-pratgay-abad-adelante-olavarria-01.jpg?resize=800%2C445&#038;ssl=1\" alt=\"\" width=\"800\" height=\"445\" srcset=\"https:\/\/i0.wp.com\/cdnoticias.com\/wp-content\/uploads\/2023\/03\/cellillo-pratgay-abad-adelante-olavarria-01-scaled.jpg?resize=1024%2C570&amp;ssl=1 1024w, https:\/\/i0.wp.com\/cdnoticias.com\/wp-content\/uploads\/2023\/03\/cellillo-pratgay-abad-adelante-olavarria-01-scaled.jpg?resize=300%2C167&amp;ssl=1 300w, https:\/\/i0.wp.com\/cdnoticias.com\/wp-content\/uploads\/2023\/03\/cellillo-pratgay-abad-adelante-olavarria-01-scaled.jpg?resize=768%2C427&amp;ssl=1 768w, https:\/\/i0.wp.com\/cdnoticias.com\/wp-content\/uploads\/2023\/03\/cellillo-pratgay-abad-adelante-olavarria-01-scaled.jpg?resize=1536%2C854&amp;ssl=1 1536w, https:\/\/i0.wp.com\/cdnoticias.com\/wp-content\/uploads\/2023\/03\/cellillo-pratgay-abad-adelante-olavarria-01-scaled.jpg?resize=2048%2C1139&amp;ssl=1 2048w, https:\/\/i0.wp.com\/cdnoticias.com\/wp-content\/uploads\/2023\/03\/cellillo-pratgay-abad-adelante-olavarria-01-scaled.jpg?resize=800%2C445&amp;ssl=1 800w, https:\/\/i0.wp.com\/cdnoticias.com\/wp-content\/uploads\/2023\/03\/cellillo-pratgay-abad-adelante-olavarria-01-scaled.jpg?w=1600&amp;ssl=1 1600w, https:\/\/i0.wp.com\/cdnoticias.com\/wp-content\/uploads\/2023\/03\/cellillo-pratgay-abad-adelante-olavarria-01-scaled.jpg?w=2400&amp;ssl=1 2400w\" sizes=\"auto, (max-width: 800px) 100vw, 800px\" \/><\/p>\n<p>&nbsp;<\/p>\n<blockquote><p>Avanz\u00f3 m\u00e1s adelante en cr\u00edticas a Axel Kicillof: \u201cel gobernador pas\u00f3 todo el a\u00f1o sin rendir las cuentas que corresponden \u201c.<\/p><\/blockquote>\n<p>&nbsp;<\/p>\n<p><strong>\u201cEst\u00e1 a la vista que no se han solucionado los problemas y tampoco sabemos claramente c\u00f3mo se usaron los fondos que autorizamos con las emergencias\u201d<\/strong> indic\u00f3 Cellilo. Lorden agreg\u00f3: \u201ccreo que hemos sido una oposici\u00f3n responsable a la hora de votar en plena pandemia todas las emergencias; mientras que el Gobierno Nacional no tuvo presupuesto, el Gobierno Provincial s\u00ed tuvo, pero acotado y eso tambi\u00e9n tiene que ver el di\u00e1logo del presidente del bloque de Juntos, Maxi Abad. De cualquier manera <strong>necesitamos, para hacer las reformas necesarias para la Provincia, de una mayor\u00eda legislativa y de una mayor\u00eda social que nos acompa\u00f1e\u201d<\/strong>.<\/p>\n<p>&nbsp;<\/p>\n<p><span style=\"text-decoration: underline;\"><strong>La interna en Olavarr\u00eda<\/strong><\/span><\/p>\n<p>&nbsp;<\/p>\n<p>Lorden afirm\u00f3 que <strong>\u201csiempre hay di\u00e1logo\u201d entre las l\u00edneas internas del radicalismo olavarriense<\/strong>, ante la consulta por el contacto con el sector alineado a Evoluci\u00f3n que hoy gobierna el comit\u00e9 local. \u201cLa integraci\u00f3n del comit\u00e9 ha sido como result\u00f3 de las elecciones. Eso no quiere decir que desde nuestro espacio, de Adelante Buenos Aires y Adelante radicales de Olavarr\u00eda, no tengamos gente con vocaci\u00f3n de transformar los destinos de Olavarr\u00eda. <strong>Esto hace grande al radicalismo en general. No es contra nadie. Es a favor del radicalismo y a favor de la coalici\u00f3n de Juntos\u201d.<\/strong><\/p>\n<p>&nbsp;<\/p>\n<blockquote><p>Acerca del precandidato Marcelo Spina defini\u00f3 que \u201cpara nosotros es un activo y deber\u00eda serlo para el radicalismo en general y para Juntos por el Cambio en general\u201d.<\/p><\/blockquote>\n<p>&nbsp;<\/p>\n<p><img data-recalc-dims=\"1\" loading=\"lazy\" decoding=\"async\" class=\"size-large wp-image-79147 aligncenter\" src=\"https:\/\/i0.wp.com\/cdnoticias.com\/wp-content\/uploads\/2023\/03\/spina-lorden-adelante-olavarria01.jpg?resize=800%2C445&#038;ssl=1\" alt=\"\" width=\"800\" height=\"445\" srcset=\"https:\/\/i0.wp.com\/cdnoticias.com\/wp-content\/uploads\/2023\/03\/spina-lorden-adelante-olavarria01-scaled.jpg?resize=1024%2C570&amp;ssl=1 1024w, https:\/\/i0.wp.com\/cdnoticias.com\/wp-content\/uploads\/2023\/03\/spina-lorden-adelante-olavarria01-scaled.jpg?resize=300%2C167&amp;ssl=1 300w, https:\/\/i0.wp.com\/cdnoticias.com\/wp-content\/uploads\/2023\/03\/spina-lorden-adelante-olavarria01-scaled.jpg?resize=768%2C427&amp;ssl=1 768w, https:\/\/i0.wp.com\/cdnoticias.com\/wp-content\/uploads\/2023\/03\/spina-lorden-adelante-olavarria01-scaled.jpg?resize=1536%2C855&amp;ssl=1 1536w, https:\/\/i0.wp.com\/cdnoticias.com\/wp-content\/uploads\/2023\/03\/spina-lorden-adelante-olavarria01-scaled.jpg?resize=2048%2C1140&amp;ssl=1 2048w, https:\/\/i0.wp.com\/cdnoticias.com\/wp-content\/uploads\/2023\/03\/spina-lorden-adelante-olavarria01-scaled.jpg?resize=800%2C445&amp;ssl=1 800w, https:\/\/i0.wp.com\/cdnoticias.com\/wp-content\/uploads\/2023\/03\/spina-lorden-adelante-olavarria01-scaled.jpg?w=1600&amp;ssl=1 1600w, https:\/\/i0.wp.com\/cdnoticias.com\/wp-content\/uploads\/2023\/03\/spina-lorden-adelante-olavarria01-scaled.jpg?w=2400&amp;ssl=1 2400w\" sizes=\"auto, (max-width: 800px) 100vw, 800px\" \/><\/p>\n<p>&nbsp;<\/p>\n","protected":false},"excerpt":{"rendered":"<p>Lo dijo Maximiliano Abad, precandidato a gobernador de UCR. Estuvo este jueves en Olavarr\u00eda y particip\u00f3 de una cena con<\/p>\n","protected":false},"author":4,"featured_media":79138,"comment_status":"closed","ping_status":"closed","sticky":false,"template":"","format":"standard","meta":{"_jetpack_memberships_contains_paid_content":false,"footnotes":""},"categories":[4,1],"tags":[],"class_list":["post-79162","post","type-post","status-publish","format-standard","has-post-thumbnail","hentry","category-politica","category-portada"],"jetpack_featured_media_url":"https:\/\/i0.wp.com\/cdnoticias.com\/wp-content\/uploads\/2023\/03\/abad-adelante-olavarria02-scaled.jpg?fit=2560%2C1424&ssl=1","jetpack_sharing_enabled":true,"_links":{"self":[{"href":"https:\/\/cdnoticias.com\/index.php\/wp-json\/wp\/v2\/posts\/79162","targetHints":{"allow":["GET"]}}],"collection":[{"href":"https:\/\/cdnoticias.com\/index.php\/wp-json\/wp\/v2\/posts"}],"about":[{"href":"https:\/\/cdnoticias.com\/index.php\/wp-json\/wp\/v2\/types\/post"}],"author":[{"embeddable":true,"href":"https:\/\/cdnoticias.com\/index.php\/wp-json\/wp\/v2\/users\/4"}],"replies":[{"embeddable":true,"href":"https:\/\/cdnoticias.com\/index.php\/wp-json\/wp\/v2\/comments?post=79162"}],"version-history":[{"count":0,"href":"https:\/\/cdnoticias.com\/index.php\/wp-json\/wp\/v2\/posts\/79162\/revisions"}],"wp:featuredmedia":[{"embeddable":true,"href":"https:\/\/cdnoticias.com\/index.php\/wp-json\/wp\/v2\/media\/79138"}],"wp:attachment":[{"href":"https:\/\/cdnoticias.com\/index.php\/wp-json\/wp\/v2\/media?parent=79162"}],"wp:term":[{"taxonomy":"category","embeddable":true,"href":"https:\/\/cdnoticias.com\/index.php\/wp-json\/wp\/v2\/categories?post=79162"},{"taxonomy":"post_tag","embeddable":true,"href":"https:\/\/cdnoticias.com\/index.php\/wp-json\/wp\/v2\/tags?post=79162"}],"curies":[{"name":"wp","href":"https:\/\/api.w.org\/{rel}","templated":true}]}}