{"id":79160,"date":"2023-03-10T11:45:47","date_gmt":"2023-03-10T14:45:47","guid":{"rendered":"https:\/\/www.centraldenoticias.com.ar\/?p=79160"},"modified":"2023-03-10T14:52:53","modified_gmt":"2023-03-10T17:52:53","slug":"serrano-hubo-intervencion-de-una-o-mas-personas-en-el-asesinato-de-sofia","status":"publish","type":"post","link":"https:\/\/cdnoticias.com\/index.php\/2023\/03\/10\/serrano-hubo-intervencion-de-una-o-mas-personas-en-el-asesinato-de-sofia\/","title":{"rendered":"Serrano: \u201chubo intervenci\u00f3n de una o m\u00e1s personas en el asesinato de Sof\u00eda\u201d"},"content":{"rendered":"<p>La fiscal a cargo de la causa habl\u00f3 sobre el femicidio de la joven. Asegur\u00f3 que \u201ctenemos l\u00edneas investigativas bastante directas\u201d. Las caracter\u00edsticas del hecho y el lugar donde fue encontrado el cuerpo. <!--more--><\/p>\n<hr \/>\n<p>La <strong>fiscal Mar\u00eda Paula Serrano<\/strong> habl\u00f3 durante la ma\u00f1ana de este viernes con la periodista<em> Claudia Bilbao (Desayuno con Noticias. Radio M)<\/em> sobre el <a href=\"https:\/\/cdnoticias.com\/index.php\/2023\/03\/09\/confirman-que-el-cuerpo-hallado-en-un-pozo-es-el-de-sofia-belen-vicente\/\" target=\"_blank\" rel=\"noopener\">femicidio de Sof\u00eda Bel\u00e9n Vicente<\/a>, la joven de 23 a\u00f1os que era buscada desde el s\u00e1bado 4 de marzo.<\/p>\n<p>&nbsp;<\/p>\n<p>La doctora Serrano a cargo de la investigaci\u00f3n habl\u00f3 sobre las tareas que llevan adelante desde la fiscal\u00eda y las caracter\u00edsticas de la escena, <strong>un campo ubicado en avenida Del Valle prolongaci\u00f3n oeste. \u00a0<\/strong><\/p>\n<p>&nbsp;<\/p>\n<p>En primer lugar, indic\u00f3 que <strong>alrededor de las 17:00 del jueves<\/strong> \u201cnos comunicaron que hab\u00edan hallado un cuerpo en un pozo ciego en desuso en un campo, por la zona detr\u00e1s de la Sociedad Rural. Nos hicimos presentes y ya estaba trabajando personal policial de Patrulla Rural. Convocamos a Polic\u00eda Cient\u00edfica para hacer el relevamiento primario y despu\u00e9s nos quedamos trabajando para poder extraer el cuerpo y hacer las pericias del caso\u201d.<\/p>\n<p>&nbsp;<\/p>\n<p><img data-recalc-dims=\"1\" loading=\"lazy\" decoding=\"async\" class=\"aligncenter size-full wp-image-79110\" src=\"https:\/\/i0.wp.com\/cdnoticias.com\/wp-content\/uploads\/2023\/03\/hallazgo-mujer-camino-a-crotto-05.jpg?resize=800%2C445&#038;ssl=1\" alt=\"\" width=\"800\" height=\"445\" srcset=\"https:\/\/i0.wp.com\/cdnoticias.com\/wp-content\/uploads\/2023\/03\/hallazgo-mujer-camino-a-crotto-05.jpg?w=800&amp;ssl=1 800w, https:\/\/i0.wp.com\/cdnoticias.com\/wp-content\/uploads\/2023\/03\/hallazgo-mujer-camino-a-crotto-05.jpg?resize=300%2C167&amp;ssl=1 300w, https:\/\/i0.wp.com\/cdnoticias.com\/wp-content\/uploads\/2023\/03\/hallazgo-mujer-camino-a-crotto-05.jpg?resize=768%2C427&amp;ssl=1 768w\" sizes=\"auto, (max-width: 800px) 100vw, 800px\" \/><\/p>\n<p>&nbsp;<\/p>\n<p>Respecto al hallazgo la doctora Serrano se\u00f1al\u00f3 que \u201c<strong>el cuerpo fue encontrado por una persona que hace unos d\u00edas comenz\u00f3 a limpiar el lugar para hacerse cargo y ayer fue con un amigo y se encontraron con esta situaci\u00f3n<\/strong> e inmediatamente llamaron a la Patrulla Rural\u201d.<\/p>\n<p>&nbsp;<\/p>\n<blockquote><p>Adem\u00e1s, indic\u00f3 que Sof\u00eda \u201cestaba solo con su ropa interior y parte de las prendas fueron encontradas en un tambor de 200 litros quemadas, pero no totalmente\u201d y aclar\u00f3 que \u201cpodemos presumir que es ella porque hay tatuajes que la pueden identificar y no estamos buscando a ninguna otra mujer en la zona no, pero cien por ciento no lo puedo confirmar porque no tenemos las pericias por el estado que estaba el cuerpo\u201d.<\/p><\/blockquote>\n<p>&nbsp;<\/p>\n<p>Serrano afirm\u00f3 que <strong>\u201ces un caso de femicidio\u201d<\/strong> y asegur\u00f3 que \u201cno es una escena de un accidente y tampoco es la escena de un suicidio\u201d. Adem\u00e1s indic\u00f3 que <strong>\u201chubo intervenci\u00f3n de una o m\u00e1s personas en el asesinato de Sof\u00eda\u201d.<\/strong><\/p>\n<p>&nbsp;<\/p>\n<p>Por otra parte, dio cuenta de \u201csignos de violencia\u201d sobre el cuerpo de la v\u00edctima, aunque aclar\u00f3 que con<strong> la autopsia que se va a realizar a las 14:00 en Azul<\/strong> \u201cvamos a poder determinar la causa de su fallecimiento, si fue por violencia f\u00edsica o por la intervenci\u00f3n de elementos\u201d.<\/p>\n<p>&nbsp;<\/p>\n<p><img data-recalc-dims=\"1\" loading=\"lazy\" decoding=\"async\" class=\"aligncenter size-full wp-image-79109\" src=\"https:\/\/i0.wp.com\/cdnoticias.com\/wp-content\/uploads\/2023\/03\/hallazgo-mujer-camino-a-crotto-04.jpg?resize=800%2C445&#038;ssl=1\" alt=\"\" width=\"800\" height=\"445\" srcset=\"https:\/\/i0.wp.com\/cdnoticias.com\/wp-content\/uploads\/2023\/03\/hallazgo-mujer-camino-a-crotto-04.jpg?w=800&amp;ssl=1 800w, https:\/\/i0.wp.com\/cdnoticias.com\/wp-content\/uploads\/2023\/03\/hallazgo-mujer-camino-a-crotto-04.jpg?resize=300%2C167&amp;ssl=1 300w, https:\/\/i0.wp.com\/cdnoticias.com\/wp-content\/uploads\/2023\/03\/hallazgo-mujer-camino-a-crotto-04.jpg?resize=768%2C427&amp;ssl=1 768w\" sizes=\"auto, (max-width: 800px) 100vw, 800px\" \/><\/p>\n<p>&nbsp;<\/p>\n<p><strong>El operativo de rescate del cuerpo <\/strong><\/p>\n<p>&nbsp;<\/p>\n<p>La fiscal Serrano destac\u00f3 \u201c<strong>la labor impecable que hicieron Polic\u00eda Cient\u00edfica, Bomberos, Defensa Civil, se trabaj\u00f3 con una pala m\u00e9canica, el palero y su asistente. Se hizo un pozo paralelo<\/strong> para poder retirar el cuerpo sin que se derrumbe donde estaba Sof\u00eda y evitar que se pierdan pruebas importantes\u201d.<\/p>\n<p>&nbsp;<\/p>\n<p>La joven \u201c<strong>estaba atada en sus pies<\/strong>, probablemente eso lo hayan utilizado para bajarla de manera vertical. El pozo ten\u00eda una boca de 50 cent\u00edmetros de di\u00e1metro, adentro si era grande pero la dificultad era llevar a ella sin que se viniera la tierra encima\u201d, se\u00f1al\u00f3.<\/p>\n<p>&nbsp;<\/p>\n<blockquote><p>\u201cTodas las causas son dif\u00edciles, la verdad que el contexto en el que Sof\u00eda pierde la vida es tremendo, es macabro. Es lamentable que en Olavarr\u00eda pasen estas cosas\u201d, agreg\u00f3.<\/p><\/blockquote>\n<p>&nbsp;<\/p>\n<p><img data-recalc-dims=\"1\" loading=\"lazy\" decoding=\"async\" class=\"aligncenter size-full wp-image-79106\" src=\"https:\/\/i0.wp.com\/cdnoticias.com\/wp-content\/uploads\/2023\/03\/hallazgo-mujer-camino-a-crotto-02.jpg?resize=800%2C445&#038;ssl=1\" alt=\"\" width=\"800\" height=\"445\" srcset=\"https:\/\/i0.wp.com\/cdnoticias.com\/wp-content\/uploads\/2023\/03\/hallazgo-mujer-camino-a-crotto-02.jpg?w=800&amp;ssl=1 800w, https:\/\/i0.wp.com\/cdnoticias.com\/wp-content\/uploads\/2023\/03\/hallazgo-mujer-camino-a-crotto-02.jpg?resize=300%2C167&amp;ssl=1 300w, https:\/\/i0.wp.com\/cdnoticias.com\/wp-content\/uploads\/2023\/03\/hallazgo-mujer-camino-a-crotto-02.jpg?resize=768%2C427&amp;ssl=1 768w\" sizes=\"auto, (max-width: 800px) 100vw, 800px\" \/><\/p>\n<p>&nbsp;<\/p>\n<p><strong>Las l\u00edneas de investigaci\u00f3n <\/strong><\/p>\n<p>&nbsp;<\/p>\n<p><strong>\u201cTenemos l\u00edneas investigativas bastante directas pero no puedo avanzar p\u00fablicamente\u201d<\/strong>, resalt\u00f3 la doctora Serrano. Durante la ma\u00f1ana de este viernes volver\u00e1n a la escena del crimen \u201cporque ayer se hizo de noche y el lugar es un predio muy amplio y hay que relevarlo minuciosamente por si se encuentran rastros de las personas que la pueden haber agredido\u201d. Adem\u00e1s, <strong>se encuentran analizando las c\u00e1maras de seguridad.<\/strong><\/p>\n<p>&nbsp;<\/p>\n<p>Respecto al inicio de la investigaci\u00f3n se\u00f1al\u00f3 que \u201chubo muchas personas que brindaron informaci\u00f3n\u201d y a ra\u00edz de eso <strong>\u201cse hicieron rastrillajes en distintos puntos de la ciudad\u201d<\/strong>. Tambi\u00e9n hizo referencia a la hip\u00f3tesis sobre la posibilidad de un <strong>viaje a Mar del Plata<\/strong>: \u201cfue una versi\u00f3n que brind\u00f3 un testigo, una de las \u00faltimas personas que la vio y era una posibilidad porque Sof\u00eda era de hacer viajes a la costa\u201d.<\/p>\n<p>&nbsp;<\/p>\n<p>\u201cElla estuvo en el Festival de Folclore ayudando a su mama en un puesto de comida y <strong>se retir\u00f3 caminando.<\/strong> Estamos haciendo un seguimiento a trav\u00e9s de las c\u00e1maras de seguridad de monitoreo\u201d, se\u00f1al\u00f3.<\/p>\n<p>&nbsp;<\/p>\n<blockquote class=\"wp-embedded-content\" data-secret=\"M3v4s9L1MH\"><p><a href=\"https:\/\/cdnoticias.com\/index.php\/2023\/03\/10\/marcha-por-sofia-belen-vicente-otra-vez-tenemos-que-salir-a-la-calle-a-reclamar-justicia\/\">Marcha por Sof\u00eda Bel\u00e9n Vicente: \u201cOtra vez tenemos que salir a la calle a reclamar Justicia\u201d<\/a><\/p><\/blockquote>\n<p><iframe loading=\"lazy\" class=\"wp-embedded-content\" sandbox=\"allow-scripts\" security=\"restricted\" style=\"position: absolute; clip: rect(1px, 1px, 1px, 1px);\" title=\"&#8220;Marcha por Sof\u00eda Bel\u00e9n Vicente: \u201cOtra vez tenemos que salir a la calle a reclamar Justicia\u201d&#8221; &#8212; Central de Noticias | Olavarr\u00eda\" src=\"https:\/\/cdnoticias.com\/index.php\/2023\/03\/10\/marcha-por-sofia-belen-vicente-otra-vez-tenemos-que-salir-a-la-calle-a-reclamar-justicia\/embed\/#?secret=glzNqkpIGf#?secret=M3v4s9L1MH\" data-secret=\"M3v4s9L1MH\" width=\"600\" height=\"338\" frameborder=\"0\" marginwidth=\"0\" marginheight=\"0\" scrolling=\"no\"><\/iframe><\/p>\n","protected":false},"excerpt":{"rendered":"<p>La fiscal a cargo de la causa habl\u00f3 sobre el femicidio de la joven. Asegur\u00f3 que \u201ctenemos l\u00edneas investigativas bastante<\/p>\n","protected":false},"author":5,"featured_media":74116,"comment_status":"closed","ping_status":"closed","sticky":false,"template":"","format":"standard","meta":{"_jetpack_memberships_contains_paid_content":false,"footnotes":""},"categories":[14,1],"tags":[],"class_list":["post-79160","post","type-post","status-publish","format-standard","has-post-thumbnail","hentry","category-policiales","category-portada"],"jetpack_featured_media_url":"https:\/\/i0.wp.com\/cdnoticias.com\/wp-content\/uploads\/2023\/01\/serrano.jpg?fit=861%2C573&ssl=1","jetpack_sharing_enabled":true,"_links":{"self":[{"href":"https:\/\/cdnoticias.com\/index.php\/wp-json\/wp\/v2\/posts\/79160","targetHints":{"allow":["GET"]}}],"collection":[{"href":"https:\/\/cdnoticias.com\/index.php\/wp-json\/wp\/v2\/posts"}],"about":[{"href":"https:\/\/cdnoticias.com\/index.php\/wp-json\/wp\/v2\/types\/post"}],"author":[{"embeddable":true,"href":"https:\/\/cdnoticias.com\/index.php\/wp-json\/wp\/v2\/users\/5"}],"replies":[{"embeddable":true,"href":"https:\/\/cdnoticias.com\/index.php\/wp-json\/wp\/v2\/comments?post=79160"}],"version-history":[{"count":0,"href":"https:\/\/cdnoticias.com\/index.php\/wp-json\/wp\/v2\/posts\/79160\/revisions"}],"wp:featuredmedia":[{"embeddable":true,"href":"https:\/\/cdnoticias.com\/index.php\/wp-json\/wp\/v2\/media\/74116"}],"wp:attachment":[{"href":"https:\/\/cdnoticias.com\/index.php\/wp-json\/wp\/v2\/media?parent=79160"}],"wp:term":[{"taxonomy":"category","embeddable":true,"href":"https:\/\/cdnoticias.com\/index.php\/wp-json\/wp\/v2\/categories?post=79160"},{"taxonomy":"post_tag","embeddable":true,"href":"https:\/\/cdnoticias.com\/index.php\/wp-json\/wp\/v2\/tags?post=79160"}],"curies":[{"name":"wp","href":"https:\/\/api.w.org\/{rel}","templated":true}]}}