{"id":79082,"date":"2023-03-11T11:00:29","date_gmt":"2023-03-11T14:00:29","guid":{"rendered":"https:\/\/www.centraldenoticias.com.ar\/?p=79082"},"modified":"2023-03-11T11:03:48","modified_gmt":"2023-03-11T14:03:48","slug":"este-domingo-se-realizara-una-nueva-feria-en-el-paseo-de-los-artesanos","status":"publish","type":"post","link":"https:\/\/cdnoticias.com\/index.php\/2023\/03\/11\/este-domingo-se-realizara-una-nueva-feria-en-el-paseo-de-los-artesanos\/","title":{"rendered":"Este domingo se realizar\u00e1 una nueva feria en el &#8220;Paseo de los Artesanos&#8221;"},"content":{"rendered":"<p>Ser\u00e1 en avenida Del Valle y Almirante Brown. Adem\u00e1s, habr\u00e1 una variet\u00e9 de circo y m\u00fasicos en vivo. <!--more--><\/p>\n<hr \/>\n<p>Este <strong>domingo 12 de marzo<\/strong> se realizar\u00e1 una nueva<strong> feria de artesanos<\/strong> fiscalizados en el paseo ubicado sobre <strong>avenida Del Valle y Almirante Brown <\/strong>desde las 18:30.<\/p>\n<p>&nbsp;<\/p>\n<p>De la actividad participar\u00e1n <strong>artesanos locales<\/strong> que utilizan diferentes t\u00e9cnicas tales como papel mach\u00e9, orfebrer\u00eda, tejido en telar, hilado, encuadernaci\u00f3n, cester\u00eda ecol\u00f3gica, tejido en paja vizcachera, cer\u00e1mica, vitrofusi\u00f3n, marroquiner\u00eda, madera, amigurumis, macram\u00e9, velas, pintura art\u00edstica, bordado, artesan\u00eda reciclada y resignificaci\u00f3n.<\/p>\n<p>&nbsp;<\/p>\n<p>&#8220;El objetivo de esta propuesta es impulsar y reconocer la actividad artesanal en el Partido de Olavarr\u00eda, y que a trav\u00e9s de este tipo de eventos se permita dar un espacio de encuentro y sociabilizaci\u00f3n, generando v\u00ednculos y colaborando a la econom\u00eda social&#8221; se indic\u00f3.<\/p>\n<p>&nbsp;<\/p>\n<p>Asimismo, estar\u00e1n present\u00e1ndose<strong> m\u00fasicos locales<\/strong> para complementar la propuesta cultural. En esta oportunidad habr\u00e1 una <strong>Variet\u00e9 de Circo a cargo de \u201cEze Circo<\/strong>\u201d, posteriormente se presentar\u00e1 el <strong>m\u00fasico<\/strong> <strong>Nicol\u00e1s Centineo<\/strong> junto a su grupo y como cierre estar\u00e1 la banda <strong>\u201cAlejados rock\u201d.<\/strong><\/p>\n<p>&nbsp;<\/p>\n","protected":false},"excerpt":{"rendered":"<p>Ser\u00e1 en avenida Del Valle y Almirante Brown. Adem\u00e1s, habr\u00e1 una variet\u00e9 de circo y m\u00fasicos en vivo.<\/p>\n","protected":false},"author":6,"featured_media":75733,"comment_status":"closed","ping_status":"closed","sticky":false,"template":"","format":"standard","meta":{"_jetpack_memberships_contains_paid_content":false,"footnotes":""},"categories":[9,1],"tags":[],"class_list":["post-79082","post","type-post","status-publish","format-standard","has-post-thumbnail","hentry","category-cultura","category-portada"],"jetpack_featured_media_url":"https:\/\/i0.wp.com\/cdnoticias.com\/wp-content\/uploads\/2023\/01\/paseo-de-los-artesanos-0.jpg?fit=800%2C445&ssl=1","jetpack_sharing_enabled":true,"_links":{"self":[{"href":"https:\/\/cdnoticias.com\/index.php\/wp-json\/wp\/v2\/posts\/79082","targetHints":{"allow":["GET"]}}],"collection":[{"href":"https:\/\/cdnoticias.com\/index.php\/wp-json\/wp\/v2\/posts"}],"about":[{"href":"https:\/\/cdnoticias.com\/index.php\/wp-json\/wp\/v2\/types\/post"}],"author":[{"embeddable":true,"href":"https:\/\/cdnoticias.com\/index.php\/wp-json\/wp\/v2\/users\/6"}],"replies":[{"embeddable":true,"href":"https:\/\/cdnoticias.com\/index.php\/wp-json\/wp\/v2\/comments?post=79082"}],"version-history":[{"count":0,"href":"https:\/\/cdnoticias.com\/index.php\/wp-json\/wp\/v2\/posts\/79082\/revisions"}],"wp:featuredmedia":[{"embeddable":true,"href":"https:\/\/cdnoticias.com\/index.php\/wp-json\/wp\/v2\/media\/75733"}],"wp:attachment":[{"href":"https:\/\/cdnoticias.com\/index.php\/wp-json\/wp\/v2\/media?parent=79082"}],"wp:term":[{"taxonomy":"category","embeddable":true,"href":"https:\/\/cdnoticias.com\/index.php\/wp-json\/wp\/v2\/categories?post=79082"},{"taxonomy":"post_tag","embeddable":true,"href":"https:\/\/cdnoticias.com\/index.php\/wp-json\/wp\/v2\/tags?post=79082"}],"curies":[{"name":"wp","href":"https:\/\/api.w.org\/{rel}","templated":true}]}}