{"id":79058,"date":"2023-03-10T18:01:30","date_gmt":"2023-03-10T21:01:30","guid":{"rendered":"https:\/\/www.centraldenoticias.com.ar\/?p=79058"},"modified":"2023-03-10T18:01:30","modified_gmt":"2023-03-10T21:01:30","slug":"mas-de-26-900-bonaerenses-se-inscribieron-a-termina-la-secundaria","status":"publish","type":"post","link":"https:\/\/cdnoticias.com\/index.php\/2023\/03\/10\/mas-de-26-900-bonaerenses-se-inscribieron-a-termina-la-secundaria\/","title":{"rendered":"M\u00e1s de 26.900 bonaerenses se inscribieron a \u201cTermin\u00e1 la secundaria\u201d"},"content":{"rendered":"<p>La cifra representa casi la mitad del total de anotados de todo el pa\u00eds hasta el momento para cursar este a\u00f1o. La inscripci\u00f3n contin\u00faa abierta. <!--more--><\/p>\n<hr \/>\n<p><strong>M\u00e1s de 26.900 bonaerenses <\/strong>se apuntaron a <em><strong>\u201cTermin\u00e1 la secundaria<\/strong><\/em>\u201d, el <strong>programa de estudios 100% virtual y gratuito<\/strong>, impulsado por el Gobierno de la Ciudad de Buenos Aires.<\/p>\n<p>&nbsp;<\/p>\n<p>La propuesta, que permite obtener el <strong>t\u00edtulo de Bachiller con orientaci\u00f3n en Ciencias Sociales y Humanidades<\/strong>, fue elegida por <strong>26.962 habitantes de la provincia de Buenos Aires<\/strong>, lo que representa el 48,2% de 55.894, el total de inscriptos en lo que va de 2023.<\/p>\n<p>&nbsp;<\/p>\n<p><em>\u201cNo importa si ten\u00e9s 18 o 70 a\u00f1os. Si viv\u00eds en Buenos Aires, en La Quiaca o en Ushuaia, pod\u00e9s terminar la secundaria de forma gratuita, virtual, y desde cualquier lugar del pa\u00eds. Con educaci\u00f3n hay futuro<\/em>\u201d, sostuvo el jefe de Gobierno de la Ciudad de Buenos Aires, <strong>Horacio Rodr\u00edguez Larreta.\u00a0<\/strong><\/p>\n<p>&nbsp;<\/p>\n<p>El referente y precandidato a la presidencia de Juntos por el Cambio asegur\u00f3: \u201c<em><strong>Tenemos el firme compromiso de ayudar a todos los argentinos, vivan donde vivan, a terminar sus estudios y retomar el camino de progreso que construyen la educaci\u00f3n y el trabajo\u201d.<\/strong><\/em><\/p>\n<p>&nbsp;<\/p>\n<p>Para inscribirse, s\u00f3lo hay que reunir <strong>cuatro requisitos<\/strong>: vivir en Argentina, ser mayor de 18 a\u00f1os, haber finalizado la escuela primaria y contar con alg\u00fan dispositivo que tenga acceso a internet.<\/p>\n<p>&nbsp;<\/p>\n<p><strong>Las inscripciones contin\u00faan abiertas durante todo el a\u00f1o<\/strong>. Los interesados deber\u00e1n ingresar sus datos en el <a href=\"https:\/\/buenosaires.gob.ar\/educacion\/estudiantes\/terminalasecundaria\" target=\"_blank\" rel=\"noopener\">siguiente link<\/a> y luego podr\u00e1n autogestionar su cursada.<\/p>\n<p>&nbsp;<\/p>\n<p>Para obtener el t\u00edtulo, que cuenta con<strong> validez nacional,<\/strong> se deber\u00e1n rendir un total de <strong>27 materias en un periodo aproximado de tres a\u00f1os;<\/strong> aunque la duraci\u00f3n depender\u00e1 del tiempo que cada estudiante pueda dedicarle y de la cantidad de materias a cursar.<\/p>\n<p>&nbsp;<\/p>\n<p>Por \u00faltimo, se indic\u00f3 que a lo largo del proceso educativo los alumnos contar\u00e1n con<strong> tutor\u00edas y apoyo escolar<\/strong> brindado por los docentes facilitadores pedag\u00f3gicos y\/o profesores. Adem\u00e1s, gracias a la amplia disponibilidad horaria que ofrece, los estudiantes que trabajen podr\u00e1n combinar ambas actividades.<\/p>\n","protected":false},"excerpt":{"rendered":"<p>La cifra representa casi la mitad del total de anotados de todo el pa\u00eds hasta el momento para cursar este<\/p>\n","protected":false},"author":6,"featured_media":79059,"comment_status":"closed","ping_status":"closed","sticky":false,"template":"","format":"standard","meta":{"_jetpack_memberships_contains_paid_content":false,"footnotes":""},"categories":[6],"tags":[],"class_list":["post-79058","post","type-post","status-publish","format-standard","has-post-thumbnail","hentry","category-nacionales"],"jetpack_featured_media_url":"https:\/\/i0.wp.com\/cdnoticias.com\/wp-content\/uploads\/2023\/03\/WhatsApp-Image-2023-03-09-at-13.16.22.jpeg?fit=1000%2C578&ssl=1","jetpack_sharing_enabled":true,"_links":{"self":[{"href":"https:\/\/cdnoticias.com\/index.php\/wp-json\/wp\/v2\/posts\/79058","targetHints":{"allow":["GET"]}}],"collection":[{"href":"https:\/\/cdnoticias.com\/index.php\/wp-json\/wp\/v2\/posts"}],"about":[{"href":"https:\/\/cdnoticias.com\/index.php\/wp-json\/wp\/v2\/types\/post"}],"author":[{"embeddable":true,"href":"https:\/\/cdnoticias.com\/index.php\/wp-json\/wp\/v2\/users\/6"}],"replies":[{"embeddable":true,"href":"https:\/\/cdnoticias.com\/index.php\/wp-json\/wp\/v2\/comments?post=79058"}],"version-history":[{"count":0,"href":"https:\/\/cdnoticias.com\/index.php\/wp-json\/wp\/v2\/posts\/79058\/revisions"}],"wp:featuredmedia":[{"embeddable":true,"href":"https:\/\/cdnoticias.com\/index.php\/wp-json\/wp\/v2\/media\/79059"}],"wp:attachment":[{"href":"https:\/\/cdnoticias.com\/index.php\/wp-json\/wp\/v2\/media?parent=79058"}],"wp:term":[{"taxonomy":"category","embeddable":true,"href":"https:\/\/cdnoticias.com\/index.php\/wp-json\/wp\/v2\/categories?post=79058"},{"taxonomy":"post_tag","embeddable":true,"href":"https:\/\/cdnoticias.com\/index.php\/wp-json\/wp\/v2\/tags?post=79058"}],"curies":[{"name":"wp","href":"https:\/\/api.w.org\/{rel}","templated":true}]}}