{"id":79018,"date":"2023-03-10T17:30:44","date_gmt":"2023-03-10T20:30:44","guid":{"rendered":"https:\/\/www.centraldenoticias.com.ar\/?p=79018"},"modified":"2023-03-10T17:30:44","modified_gmt":"2023-03-10T20:30:44","slug":"diana-maffia-en-el-8m-cuando-una-mujer-avanza-ningun-hombre-retrocede","status":"publish","type":"post","link":"https:\/\/cdnoticias.com\/index.php\/2023\/03\/10\/diana-maffia-en-el-8m-cuando-una-mujer-avanza-ningun-hombre-retrocede\/","title":{"rendered":"Diana Maff\u00eda en el 8M: \u201cCuando una mujer avanza, ning\u00fan hombre retrocede\u201d"},"content":{"rendered":"<p>As\u00ed lo expres\u00f3 la reconocida filosofa feminista Diana Maff\u00eda en la charla por el D\u00eda Internacional de la Mujer Trabajadora que se llev\u00f3 a cabo en la sede gremial del Centro Empleados de Comercio Olavarr\u00eda.<!--more--><\/p>\n<hr \/>\n<p>Este mi\u00e9rcoles 8 de marzo, en el marco del <strong>D\u00eda Internacional de la Mujer Trabajadora<\/strong>, en el Centro Empleados de Comercio se llev\u00f3 a cabo la charla abierta \u201c\u00bfQu\u00e9 significa el 8M? que estuvo a cargo de la reconocida fil\u00f3sofa Diana Maff\u00eda. La conferencia cont\u00f3 con una<strong> gran participaci\u00f3n de mujeres representantes del \u00e1mbito sindical, pol\u00edtico y educativo, y la comunidad en general<\/strong> que llen\u00f3 el sal\u00f3n de usos m\u00faltiples del sindicato.<\/p>\n<p>&nbsp;<\/p>\n<p>En primer lugar, <strong>Miguel Santell\u00e1n, secretario general del CECO<\/strong>, brind\u00f3 unas palabras de agradecimiento, destac\u00f3 la participaci\u00f3n femenina a lo largo de la historia en nuestro pa\u00eds e hizo \u00e9nfasis en la inclusi\u00f3n de las mujeres en la toma de decisiones del sindicato en las \u00faltimas d\u00e9cadas. A continuaci\u00f3n, Viviana G\u00f3mez, quien est\u00e1 a cargo de la secretar\u00eda de Mujer, G\u00e9nero y Diversidad, explic\u00f3 el trabajo que se realiza desde la secretar\u00eda y se hizo eco del reclamo por la aparici\u00f3n con vida de Sofia Vicente quien se encuentra desaparecida desde el s\u00e1bado pasado.<\/p>\n<p>&nbsp;<\/p>\n<p><img data-recalc-dims=\"1\" loading=\"lazy\" decoding=\"async\" class=\"aligncenter size-full wp-image-79020\" src=\"https:\/\/i0.wp.com\/cdnoticias.com\/wp-content\/uploads\/2023\/03\/Charla-Diana-Maffia-2.jpeg?resize=800%2C445&#038;ssl=1\" alt=\"\" width=\"800\" height=\"445\" srcset=\"https:\/\/i0.wp.com\/cdnoticias.com\/wp-content\/uploads\/2023\/03\/Charla-Diana-Maffia-2.jpeg?w=1526&amp;ssl=1 1526w, https:\/\/i0.wp.com\/cdnoticias.com\/wp-content\/uploads\/2023\/03\/Charla-Diana-Maffia-2.jpeg?resize=300%2C167&amp;ssl=1 300w, https:\/\/i0.wp.com\/cdnoticias.com\/wp-content\/uploads\/2023\/03\/Charla-Diana-Maffia-2.jpeg?resize=1024%2C570&amp;ssl=1 1024w, https:\/\/i0.wp.com\/cdnoticias.com\/wp-content\/uploads\/2023\/03\/Charla-Diana-Maffia-2.jpeg?resize=768%2C427&amp;ssl=1 768w, https:\/\/i0.wp.com\/cdnoticias.com\/wp-content\/uploads\/2023\/03\/Charla-Diana-Maffia-2.jpeg?resize=800%2C445&amp;ssl=1 800w\" sizes=\"auto, (max-width: 800px) 100vw, 800px\" \/><\/p>\n<p><img data-recalc-dims=\"1\" loading=\"lazy\" decoding=\"async\" class=\"aligncenter size-full wp-image-79022\" src=\"https:\/\/i0.wp.com\/cdnoticias.com\/wp-content\/uploads\/2023\/03\/Charla-Diana-Maffia-4.jpeg?resize=800%2C445&#038;ssl=1\" alt=\"\" width=\"800\" height=\"445\" srcset=\"https:\/\/i0.wp.com\/cdnoticias.com\/wp-content\/uploads\/2023\/03\/Charla-Diana-Maffia-4.jpeg?w=1600&amp;ssl=1 1600w, https:\/\/i0.wp.com\/cdnoticias.com\/wp-content\/uploads\/2023\/03\/Charla-Diana-Maffia-4.jpeg?resize=300%2C167&amp;ssl=1 300w, https:\/\/i0.wp.com\/cdnoticias.com\/wp-content\/uploads\/2023\/03\/Charla-Diana-Maffia-4.jpeg?resize=1024%2C570&amp;ssl=1 1024w, https:\/\/i0.wp.com\/cdnoticias.com\/wp-content\/uploads\/2023\/03\/Charla-Diana-Maffia-4.jpeg?resize=768%2C427&amp;ssl=1 768w, https:\/\/i0.wp.com\/cdnoticias.com\/wp-content\/uploads\/2023\/03\/Charla-Diana-Maffia-4.jpeg?resize=1536%2C854&amp;ssl=1 1536w, https:\/\/i0.wp.com\/cdnoticias.com\/wp-content\/uploads\/2023\/03\/Charla-Diana-Maffia-4.jpeg?resize=800%2C445&amp;ssl=1 800w\" sizes=\"auto, (max-width: 800px) 100vw, 800px\" \/><\/p>\n<p>&nbsp;<\/p>\n<p>Maff\u00eda, de amplio recorrido acad\u00e9mico, hizo un repaso sobre la <strong>historia del movimiento feminista en el \u00e1mbito laboral<\/strong> desde finales del siglo XIX. Adem\u00e1s, destac\u00f3 la labor que se realiza desde los sindicatos: <strong>\u201ctenemos que seguir trabajando por la igualdad de derechos, eliminando las barreras que impiden el desarrollo de las mujeres en todos los \u00e1mbitos, entendiendo que cuando una mujer avanza, ning\u00fan hombre retrocede\u201d.<\/strong><\/p>\n<p>&nbsp;<\/p>\n<p><img data-recalc-dims=\"1\" loading=\"lazy\" decoding=\"async\" class=\"aligncenter size-full wp-image-79021\" src=\"https:\/\/i0.wp.com\/cdnoticias.com\/wp-content\/uploads\/2023\/03\/Charla-Diana-Maffia-8.jpeg?resize=800%2C445&#038;ssl=1\" alt=\"\" width=\"800\" height=\"445\" srcset=\"https:\/\/i0.wp.com\/cdnoticias.com\/wp-content\/uploads\/2023\/03\/Charla-Diana-Maffia-8.jpeg?w=1600&amp;ssl=1 1600w, https:\/\/i0.wp.com\/cdnoticias.com\/wp-content\/uploads\/2023\/03\/Charla-Diana-Maffia-8.jpeg?resize=300%2C167&amp;ssl=1 300w, https:\/\/i0.wp.com\/cdnoticias.com\/wp-content\/uploads\/2023\/03\/Charla-Diana-Maffia-8.jpeg?resize=1024%2C570&amp;ssl=1 1024w, https:\/\/i0.wp.com\/cdnoticias.com\/wp-content\/uploads\/2023\/03\/Charla-Diana-Maffia-8.jpeg?resize=768%2C427&amp;ssl=1 768w, https:\/\/i0.wp.com\/cdnoticias.com\/wp-content\/uploads\/2023\/03\/Charla-Diana-Maffia-8.jpeg?resize=1536%2C854&amp;ssl=1 1536w, https:\/\/i0.wp.com\/cdnoticias.com\/wp-content\/uploads\/2023\/03\/Charla-Diana-Maffia-8.jpeg?resize=800%2C445&amp;ssl=1 800w\" sizes=\"auto, (max-width: 800px) 100vw, 800px\" \/><\/p>\n<p><img data-recalc-dims=\"1\" loading=\"lazy\" decoding=\"async\" class=\"aligncenter size-full wp-image-79019\" src=\"https:\/\/i0.wp.com\/cdnoticias.com\/wp-content\/uploads\/2023\/03\/Charla-Diana-Maffia-5.jpeg?resize=800%2C445&#038;ssl=1\" alt=\"\" width=\"800\" height=\"445\" srcset=\"https:\/\/i0.wp.com\/cdnoticias.com\/wp-content\/uploads\/2023\/03\/Charla-Diana-Maffia-5.jpeg?w=1600&amp;ssl=1 1600w, https:\/\/i0.wp.com\/cdnoticias.com\/wp-content\/uploads\/2023\/03\/Charla-Diana-Maffia-5.jpeg?resize=300%2C167&amp;ssl=1 300w, https:\/\/i0.wp.com\/cdnoticias.com\/wp-content\/uploads\/2023\/03\/Charla-Diana-Maffia-5.jpeg?resize=1024%2C570&amp;ssl=1 1024w, https:\/\/i0.wp.com\/cdnoticias.com\/wp-content\/uploads\/2023\/03\/Charla-Diana-Maffia-5.jpeg?resize=768%2C427&amp;ssl=1 768w, https:\/\/i0.wp.com\/cdnoticias.com\/wp-content\/uploads\/2023\/03\/Charla-Diana-Maffia-5.jpeg?resize=1536%2C854&amp;ssl=1 1536w, https:\/\/i0.wp.com\/cdnoticias.com\/wp-content\/uploads\/2023\/03\/Charla-Diana-Maffia-5.jpeg?resize=800%2C445&amp;ssl=1 800w\" sizes=\"auto, (max-width: 800px) 100vw, 800px\" \/><\/p>\n<p>&nbsp;<\/p>\n<p>Por otra parte, se mostr\u00f3 agradecida: \u201cdesde el a\u00f1o pasado, las compa\u00f1eras y compa\u00f1eros del CECO me invitaron a brindar esta charla. En este 8 de marzo, un d\u00eda tan importante para nosotras las feministas, yo <strong>eleg\u00ed estar en Olavarr\u00eda acompa\u00f1ando a un sindicato que va a cumplir 120 a\u00f1os<\/strong>\u201d. Por \u00faltimo, tom\u00f3 como actividad final una reflexi\u00f3n sobre la participaci\u00f3n sindical, las tareas de cuidado y como se puede mejorar en este aspecto para incorporar m\u00e1s mujeres a la vida gremial. Recordamos que esta charla dio inicio al ciclo de actividades que se desarrollar\u00e1n en el marco del 120 aniversario del Centro Empleados de Comercio Olavarr\u00eda.<\/p>\n","protected":false},"excerpt":{"rendered":"<p>As\u00ed lo expres\u00f3 la reconocida filosofa feminista Diana Maff\u00eda en la charla por el D\u00eda Internacional de la Mujer Trabajadora<\/p>\n","protected":false},"author":5,"featured_media":79023,"comment_status":"closed","ping_status":"closed","sticky":false,"template":"","format":"standard","meta":{"_jetpack_memberships_contains_paid_content":false,"footnotes":""},"categories":[3,1],"tags":[],"class_list":["post-79018","post","type-post","status-publish","format-standard","has-post-thumbnail","hentry","category-genero","category-portada"],"jetpack_featured_media_url":"https:\/\/i0.wp.com\/cdnoticias.com\/wp-content\/uploads\/2023\/03\/Charla-Diana-Maffia-3.jpeg?fit=1107%2C616&ssl=1","jetpack_sharing_enabled":true,"_links":{"self":[{"href":"https:\/\/cdnoticias.com\/index.php\/wp-json\/wp\/v2\/posts\/79018","targetHints":{"allow":["GET"]}}],"collection":[{"href":"https:\/\/cdnoticias.com\/index.php\/wp-json\/wp\/v2\/posts"}],"about":[{"href":"https:\/\/cdnoticias.com\/index.php\/wp-json\/wp\/v2\/types\/post"}],"author":[{"embeddable":true,"href":"https:\/\/cdnoticias.com\/index.php\/wp-json\/wp\/v2\/users\/5"}],"replies":[{"embeddable":true,"href":"https:\/\/cdnoticias.com\/index.php\/wp-json\/wp\/v2\/comments?post=79018"}],"version-history":[{"count":0,"href":"https:\/\/cdnoticias.com\/index.php\/wp-json\/wp\/v2\/posts\/79018\/revisions"}],"wp:featuredmedia":[{"embeddable":true,"href":"https:\/\/cdnoticias.com\/index.php\/wp-json\/wp\/v2\/media\/79023"}],"wp:attachment":[{"href":"https:\/\/cdnoticias.com\/index.php\/wp-json\/wp\/v2\/media?parent=79018"}],"wp:term":[{"taxonomy":"category","embeddable":true,"href":"https:\/\/cdnoticias.com\/index.php\/wp-json\/wp\/v2\/categories?post=79018"},{"taxonomy":"post_tag","embeddable":true,"href":"https:\/\/cdnoticias.com\/index.php\/wp-json\/wp\/v2\/tags?post=79018"}],"curies":[{"name":"wp","href":"https:\/\/api.w.org\/{rel}","templated":true}]}}