{"id":78917,"date":"2023-03-08T20:19:21","date_gmt":"2023-03-08T23:19:21","guid":{"rendered":"https:\/\/www.centraldenoticias.com.ar\/?p=78917"},"modified":"2023-07-27T16:10:53","modified_gmt":"2023-07-27T19:10:53","slug":"abren-el-proceso-licitatorio-para-extender-la-red-de-gas-en-barrio-coronel-dorrego","status":"publish","type":"post","link":"https:\/\/cdnoticias.com\/index.php\/2023\/03\/08\/abren-el-proceso-licitatorio-para-extender-la-red-de-gas-en-barrio-coronel-dorrego\/","title":{"rendered":"Abren el proceso licitatorio para extender la red de gas en barrio Coronel Dorrego"},"content":{"rendered":"<p>Ser\u00e1 para la chacra 398, en un trabajo realizado con el gobierno nacional para disponer de terrenos \u201cy m\u00e1s olavarrienses puedan construir su vivienda\u201d. <!--more--><\/p>\n<hr \/>\n<p>La Municipalidad de Olavarr\u00eda inform\u00f3 este mi\u00e9rcoles que <strong>se llevar\u00e1 a cabo la licitaci\u00f3n p\u00fablica para la construcci\u00f3n de la extensi\u00f3n de la red de gas en la chacra 398, en el barrio Coronel Dorrego.<\/strong><\/p>\n<p>&nbsp;<\/p>\n<p>La obra hab\u00eda fue anticipada por el intendente municipal Ezequiel Galli, quien en el discurso de apertura de las sesiones ordinarias del Concejo Deliberante expres\u00f3 que <strong><em>\u201cvamos a extender la red de gas en la Chacra 398, lugar donde, producto del trabajo articulado con el gobierno nacional, m\u00e1s olavarrienses podr\u00e1n construir su vivienda\u201d.<\/em><\/strong><\/p>\n<p>&nbsp;<\/p>\n<blockquote><p>Se trata del sector delimitado por la avenida Daniel M\u00e1rquez, Vicente Bah\u00eda, Dorrego y Sargento Cabral.<\/p><\/blockquote>\n<p>&nbsp;<\/p>\n<p>La apertura de sobres de oferentes se llevar\u00e1 a cabo el pr\u00f3ximo 3 de abril a partir de las 10 horas en la sede de la Direcci\u00f3n de Licitaciones, ubicada en el Palacio San Mart\u00edn. <strong>El presupuesto oficial es de 24.814.384,47 pesos.<\/strong><\/p>\n<p>&nbsp;<\/p>\n<p>La obra tiene como objetivo<em> &#8220;mejorar la calidad de vida de los ciudadanos que son beneficiarios de la red de gas y, adem\u00e1s, cumple con la necesidad del servicio de los vecinos&#8221;.<\/em><\/p>\n<p>&nbsp;<\/p>\n<p><strong>Se realizar\u00e1n 1065.5 metros lineales de red de gas<\/strong>, la cual ser\u00e1 conectada mediante ca\u00f1o de 125 a la red existente, ubicada aproximadamente a 250 metros del predio.<\/p>\n<p>&nbsp;<\/p>\n<p>La licitaci\u00f3n incluye tambi\u00e9n <strong>la ejecuci\u00f3n de 112 conexiones domiciliarias con gabinete medidor y accesorios.<\/strong><\/p>\n","protected":false},"excerpt":{"rendered":"<p>Ser\u00e1 para la chacra 398, en un trabajo realizado con el gobierno nacional para disponer de terrenos \u201cy m\u00e1s olavarrienses<\/p>\n","protected":false},"author":2,"featured_media":78802,"comment_status":"closed","ping_status":"closed","sticky":false,"template":"","format":"standard","meta":{"_jetpack_memberships_contains_paid_content":false,"footnotes":""},"categories":[5,1],"tags":[],"class_list":["post-78917","post","type-post","status-publish","format-standard","has-post-thumbnail","hentry","category-informacion-general","category-portada"],"jetpack_featured_media_url":"https:\/\/i0.wp.com\/cdnoticias.com\/wp-content\/uploads\/2023\/03\/Licitaciones-Conducto-Pluvial-1024x683-1.jpg?fit=1024%2C683&ssl=1","jetpack_sharing_enabled":true,"_links":{"self":[{"href":"https:\/\/cdnoticias.com\/index.php\/wp-json\/wp\/v2\/posts\/78917","targetHints":{"allow":["GET"]}}],"collection":[{"href":"https:\/\/cdnoticias.com\/index.php\/wp-json\/wp\/v2\/posts"}],"about":[{"href":"https:\/\/cdnoticias.com\/index.php\/wp-json\/wp\/v2\/types\/post"}],"author":[{"embeddable":true,"href":"https:\/\/cdnoticias.com\/index.php\/wp-json\/wp\/v2\/users\/2"}],"replies":[{"embeddable":true,"href":"https:\/\/cdnoticias.com\/index.php\/wp-json\/wp\/v2\/comments?post=78917"}],"version-history":[{"count":0,"href":"https:\/\/cdnoticias.com\/index.php\/wp-json\/wp\/v2\/posts\/78917\/revisions"}],"wp:featuredmedia":[{"embeddable":true,"href":"https:\/\/cdnoticias.com\/index.php\/wp-json\/wp\/v2\/media\/78802"}],"wp:attachment":[{"href":"https:\/\/cdnoticias.com\/index.php\/wp-json\/wp\/v2\/media?parent=78917"}],"wp:term":[{"taxonomy":"category","embeddable":true,"href":"https:\/\/cdnoticias.com\/index.php\/wp-json\/wp\/v2\/categories?post=78917"},{"taxonomy":"post_tag","embeddable":true,"href":"https:\/\/cdnoticias.com\/index.php\/wp-json\/wp\/v2\/tags?post=78917"}],"curies":[{"name":"wp","href":"https:\/\/api.w.org\/{rel}","templated":true}]}}