{"id":78897,"date":"2023-03-08T16:41:32","date_gmt":"2023-03-08T19:41:32","guid":{"rendered":"https:\/\/www.centraldenoticias.com.ar\/?p=78897"},"modified":"2023-03-08T16:41:32","modified_gmt":"2023-03-08T19:41:32","slug":"juan-carlos-lujan-el-negro-q-e-p-d","status":"publish","type":"post","link":"https:\/\/cdnoticias.com\/index.php\/2023\/03\/08\/juan-carlos-lujan-el-negro-q-e-p-d\/","title":{"rendered":"Juan Carlos Lujan &#8220;El Negro&#8221; (Q.E.P.D.)"},"content":{"rendered":"<p>Falleci\u00f3 en Olavarr\u00eda el 8 de marzo de 2023 a los 83 a\u00f1os. Sus hijos Silvia, Fabi\u00e1n y Mariel Lujan. Sus hijos pol\u00edticos Amalia Bernasconi y Lorenzo Cian Fern\u00e1ndez. Sus nietos Mariano Cian, Braian Alexis; Aldana y Macarena Lujan, \u00c1lvaro y Julieta Cian. Sus bisnietos Benjam\u00edn, Valent\u00edn, Ciro, Felipe, Tomas, Basti\u00e1n e Iker. Sus hermanos. Sus hermanos pol\u00edticos. Sus sobrinos. Su amiga Noem\u00ed y dem\u00e1s deudos participan de su fallecimiento.<\/p>\n<p>&nbsp;<\/p>\n<p>Sus restos ser\u00e1n velados en la Sala de Espa\u00f1a 2942 departamento \u201cD\u201d este jueves desde las 07:00 horas e inhumados en el Cementerio Loma de Paz, previo responso en la Capilla Ardiente, a las 11:30 horas. Servicio adherido a Coopelectric.<\/p>\n<p>&nbsp;<\/p>\n<p>Nacido en La Colina, General La Madrid, vecino de barrio Pueblo Nuevo, jubilado peluquero y polic\u00eda, pensionado.<\/p>\n","protected":false},"excerpt":{"rendered":"<p>Falleci\u00f3 en Olavarr\u00eda el 8 de marzo de 2023 a los 83 a\u00f1os. Sus hijos Silvia, Fabi\u00e1n y Mariel Lujan.<\/p>\n","protected":false},"author":2,"featured_media":67646,"comment_status":"closed","ping_status":"closed","sticky":false,"template":"","format":"standard","meta":{"_jetpack_memberships_contains_paid_content":false,"footnotes":""},"categories":[10],"tags":[],"class_list":["post-78897","post","type-post","status-publish","format-standard","has-post-thumbnail","hentry","category-necrologicas"],"jetpack_featured_media_url":"https:\/\/i0.wp.com\/cdnoticias.com\/wp-content\/uploads\/2022\/10\/necrologicas-390-x-240.jpg?fit=390%2C240&ssl=1","jetpack_sharing_enabled":true,"_links":{"self":[{"href":"https:\/\/cdnoticias.com\/index.php\/wp-json\/wp\/v2\/posts\/78897","targetHints":{"allow":["GET"]}}],"collection":[{"href":"https:\/\/cdnoticias.com\/index.php\/wp-json\/wp\/v2\/posts"}],"about":[{"href":"https:\/\/cdnoticias.com\/index.php\/wp-json\/wp\/v2\/types\/post"}],"author":[{"embeddable":true,"href":"https:\/\/cdnoticias.com\/index.php\/wp-json\/wp\/v2\/users\/2"}],"replies":[{"embeddable":true,"href":"https:\/\/cdnoticias.com\/index.php\/wp-json\/wp\/v2\/comments?post=78897"}],"version-history":[{"count":0,"href":"https:\/\/cdnoticias.com\/index.php\/wp-json\/wp\/v2\/posts\/78897\/revisions"}],"wp:featuredmedia":[{"embeddable":true,"href":"https:\/\/cdnoticias.com\/index.php\/wp-json\/wp\/v2\/media\/67646"}],"wp:attachment":[{"href":"https:\/\/cdnoticias.com\/index.php\/wp-json\/wp\/v2\/media?parent=78897"}],"wp:term":[{"taxonomy":"category","embeddable":true,"href":"https:\/\/cdnoticias.com\/index.php\/wp-json\/wp\/v2\/categories?post=78897"},{"taxonomy":"post_tag","embeddable":true,"href":"https:\/\/cdnoticias.com\/index.php\/wp-json\/wp\/v2\/tags?post=78897"}],"curies":[{"name":"wp","href":"https:\/\/api.w.org\/{rel}","templated":true}]}}