{"id":78884,"date":"2023-03-08T18:00:19","date_gmt":"2023-03-08T21:00:19","guid":{"rendered":"https:\/\/www.centraldenoticias.com.ar\/?p=78884"},"modified":"2023-03-08T18:25:18","modified_gmt":"2023-03-08T21:25:18","slug":"hallan-el-cuerpo-de-un-joven-en-un-descampado","status":"publish","type":"post","link":"https:\/\/cdnoticias.com\/index.php\/2023\/03\/08\/hallan-el-cuerpo-de-un-joven-en-un-descampado\/","title":{"rendered":"Hallan el cuerpo de un joven en un descampado"},"content":{"rendered":"<p>Polic\u00eda Cient\u00edfica trabaja en el lugar ubicado sobre avenida Eva Per\u00f3n en inmediaciones de la f\u00e1brica SCAC. Se trata de una persona que hab\u00eda sido denunciada como desaparecida.<\/p>\n<p><!--more--><\/p>\n<hr \/>\n<p><strong>Este mi\u00e9rcoles al mediod\u00eda se produjo el hallazgo de un cuerpo<\/strong> en un descampado ubicado <strong>sobre avenida Eva Per\u00f3n (ex Circunvalaci\u00f3n) a poco del cruce con las v\u00edas<\/strong>, en cercan\u00edas del predio de la f\u00e1brica SCAC.<\/p>\n<p>&nbsp;<\/p>\n<p>A ra\u00edz del hecho se dispuso<strong> un fuerte operativo policial con la presencia del Jefe Departamental, Roberto Landoni<\/strong>. Personal de Polic\u00eda Cient\u00edfica tambi\u00e9n trabaja en el lugar y fue convocada una ambulancia cuyo personal constat\u00f3 el fallecimiento.<\/p>\n<p>&nbsp;<\/p>\n<p>Asimismo, <strong>la Unidad 7 de Bomberos<\/strong> tambi\u00e9n se hizo presente en el sector para<strong> colaborar en las tareas de retiro del cuerpo<\/strong>.<\/p>\n<p>&nbsp;<\/p>\n<blockquote><p>Seg\u00fan confirmaron autoridades policiales a <strong>Central de Noticias<\/strong>, se trata de un hombre joven que era buscado desde el martes.<\/p><\/blockquote>\n<p>&nbsp;<\/p>\n<p><img data-recalc-dims=\"1\" loading=\"lazy\" decoding=\"async\" class=\"size-full wp-image-78885 aligncenter\" src=\"https:\/\/i0.wp.com\/cdnoticias.com\/wp-content\/uploads\/2023\/03\/hallazgo-cuerpo-01.jpg?resize=800%2C445&#038;ssl=1\" alt=\"\" width=\"800\" height=\"445\" srcset=\"https:\/\/i0.wp.com\/cdnoticias.com\/wp-content\/uploads\/2023\/03\/hallazgo-cuerpo-01.jpg?w=800&amp;ssl=1 800w, https:\/\/i0.wp.com\/cdnoticias.com\/wp-content\/uploads\/2023\/03\/hallazgo-cuerpo-01.jpg?resize=300%2C167&amp;ssl=1 300w, https:\/\/i0.wp.com\/cdnoticias.com\/wp-content\/uploads\/2023\/03\/hallazgo-cuerpo-01.jpg?resize=768%2C427&amp;ssl=1 768w\" sizes=\"auto, (max-width: 800px) 100vw, 800px\" \/><\/p>\n<p>&nbsp;<\/p>\n<p>Cabe se\u00f1alar que durante la ma\u00f1ana de este mi\u00e9rcoles, <a href=\"https:\/\/cdnoticias.com\/index.php\/2023\/03\/08\/la-policia-rastrillo-un-bar-en-olavarria-en-busqueda-de-la-joven-desaparecida\/\" target=\"_blank\" rel=\"noopener\">se inform\u00f3 sobre la realizaci\u00f3n de distintas medidas en el marco de la b\u00fasqueda de Sof\u00eda Bel\u00e9n Vicente<\/a>, quien est\u00e1 desaparecida desde el 4 de marzo, y en trascendi\u00f3 que <strong>en paralelo tambi\u00e9n se desarrollaba la b\u00fasqueda de una segunda persona desaparecida en la ciudad<\/strong>. Estos rastrillajes se hab\u00edan orientado hacia el barrio <strong>Villa Aurora<\/strong>.<\/p>\n<p>&nbsp;<\/p>\n<p>Se pudo saber que <strong>se hab\u00eda denunciado la desaparici\u00f3n de un hombre desde el martes en la comisar\u00eda Segunda<\/strong>, dependencia que llev\u00f3 adelante las medidas de b\u00fasqueda.<\/p>\n<p>&nbsp;<\/p>\n<p>El <strong>hallazgo del cuerpo en un sector arbolado<\/strong> dio por finalizadas dichas tareas. Pasadas las 14.30 el cuerpo fue retirado del lugar.<\/p>\n<p>&nbsp;<\/p>\n<p><img data-recalc-dims=\"1\" loading=\"lazy\" decoding=\"async\" class=\"size-full wp-image-78891 aligncenter\" src=\"https:\/\/i0.wp.com\/cdnoticias.com\/wp-content\/uploads\/2023\/03\/hallazgo-cuerpo-02.jpg?resize=800%2C445&#038;ssl=1\" alt=\"\" width=\"800\" height=\"445\" srcset=\"https:\/\/i0.wp.com\/cdnoticias.com\/wp-content\/uploads\/2023\/03\/hallazgo-cuerpo-02.jpg?w=800&amp;ssl=1 800w, https:\/\/i0.wp.com\/cdnoticias.com\/wp-content\/uploads\/2023\/03\/hallazgo-cuerpo-02.jpg?resize=300%2C167&amp;ssl=1 300w, https:\/\/i0.wp.com\/cdnoticias.com\/wp-content\/uploads\/2023\/03\/hallazgo-cuerpo-02.jpg?resize=768%2C427&amp;ssl=1 768w\" sizes=\"auto, (max-width: 800px) 100vw, 800px\" \/><\/p>\n<p>&nbsp;<\/p>\n<p>&nbsp;<\/p>\n","protected":false},"excerpt":{"rendered":"<p>Polic\u00eda Cient\u00edfica trabaja en el lugar ubicado sobre avenida Eva Per\u00f3n en inmediaciones de la f\u00e1brica SCAC. Se trata de<\/p>\n","protected":false},"author":4,"featured_media":78886,"comment_status":"closed","ping_status":"closed","sticky":false,"template":"","format":"standard","meta":{"_jetpack_memberships_contains_paid_content":false,"footnotes":""},"categories":[14,1],"tags":[],"class_list":["post-78884","post","type-post","status-publish","format-standard","has-post-thumbnail","hentry","category-policiales","category-portada"],"jetpack_featured_media_url":"https:\/\/i0.wp.com\/cdnoticias.com\/wp-content\/uploads\/2023\/03\/hallazgo-cuerpo-00.jpg?fit=800%2C445&ssl=1","jetpack_sharing_enabled":true,"_links":{"self":[{"href":"https:\/\/cdnoticias.com\/index.php\/wp-json\/wp\/v2\/posts\/78884","targetHints":{"allow":["GET"]}}],"collection":[{"href":"https:\/\/cdnoticias.com\/index.php\/wp-json\/wp\/v2\/posts"}],"about":[{"href":"https:\/\/cdnoticias.com\/index.php\/wp-json\/wp\/v2\/types\/post"}],"author":[{"embeddable":true,"href":"https:\/\/cdnoticias.com\/index.php\/wp-json\/wp\/v2\/users\/4"}],"replies":[{"embeddable":true,"href":"https:\/\/cdnoticias.com\/index.php\/wp-json\/wp\/v2\/comments?post=78884"}],"version-history":[{"count":0,"href":"https:\/\/cdnoticias.com\/index.php\/wp-json\/wp\/v2\/posts\/78884\/revisions"}],"wp:featuredmedia":[{"embeddable":true,"href":"https:\/\/cdnoticias.com\/index.php\/wp-json\/wp\/v2\/media\/78886"}],"wp:attachment":[{"href":"https:\/\/cdnoticias.com\/index.php\/wp-json\/wp\/v2\/media?parent=78884"}],"wp:term":[{"taxonomy":"category","embeddable":true,"href":"https:\/\/cdnoticias.com\/index.php\/wp-json\/wp\/v2\/categories?post=78884"},{"taxonomy":"post_tag","embeddable":true,"href":"https:\/\/cdnoticias.com\/index.php\/wp-json\/wp\/v2\/tags?post=78884"}],"curies":[{"name":"wp","href":"https:\/\/api.w.org\/{rel}","templated":true}]}}