{"id":78876,"date":"2023-03-08T13:02:38","date_gmt":"2023-03-08T16:02:38","guid":{"rendered":"https:\/\/www.centraldenoticias.com.ar\/?p=78876"},"modified":"2023-03-08T13:05:59","modified_gmt":"2023-03-08T16:05:59","slug":"mineria-de-la-provincia-impulsa-una-jornada-de-sensibilizacion-por-el-8m","status":"publish","type":"post","link":"https:\/\/cdnoticias.com\/index.php\/2023\/03\/08\/mineria-de-la-provincia-impulsa-una-jornada-de-sensibilizacion-por-el-8m\/","title":{"rendered":"Miner\u00eda de la Provincia impulsa una jornada de sensibilizaci\u00f3n por el 8M"},"content":{"rendered":"<p>Se trata de un conversatorio abierto que tendr\u00e1 lugar este mi\u00e9rcoles de 18 a 20 en el Instituto de Formaci\u00f3n Superior T\u00e9cnica n\u00b0 130.<\/p>\n<p><!--more--><\/p>\n<hr \/>\n<p><strong>En el marco del D\u00eda Internacional de la Mujer Trabajadora<\/strong>, conmemorado el 8 de marzo (8M),<strong> la Subsecretar\u00eda de Miner\u00eda de la Provincia, se sum\u00f3 a la Campa\u00f1a \u201cCerremos la Brecha\u201d\u00a0<\/strong> organizada por Woman in Minning \u2013 Argentina (WIM-Argentina) y la Secretar\u00eda de Miner\u00eda de la Naci\u00f3n.<\/p>\n<p>&nbsp;<\/p>\n<blockquote><p>Dicha campa\u00f1a tiene el objetivo de cerrar la brecha de participaci\u00f3n entre hombres y mujeres en la Industria Minera, visibilizando el deseo y la capacidad de las mujeres de incorporarse a la misma. Este objetivo condice con los objetivos de esta Subsecretar\u00eda.<\/p><\/blockquote>\n<p>&nbsp;<\/p>\n<p>En este marco se realizar\u00e1 una jornada de sensibilizaci\u00f3n y visibilizaci\u00f3n de las Mujeres Mineras Bonaerenses, donde referentes de distintas empresas mineras y de la Subsecretar\u00eda de Miner\u00eda intercambiaran conocimientos, desaf\u00edos personales; incentivado as\u00ed a las y los participantes de la Jornada a<strong> sumarse a las oportunidades que las industrias \u201cmasculinizadas\u201d como la Minera, tienen por delante.<\/strong><\/p>\n<p>&nbsp;<\/p>\n<p>La Jornada se desarrollar\u00e1 con<strong> formato de Conversatorio y es abierta a todo p\u00fablico<\/strong> que est\u00e9 interesado en conocer a la &#8220;Miner\u00eda puertas adentro&#8221;.<\/p>\n<p>&nbsp;<\/p>\n<p>Tendr\u00e1 lugar este mi\u00e9rcoles <strong>en el Instituto de Formaci\u00f3n Superior T\u00e9cnica n\u00b0 130 ubicado en calle San Mart\u00edn 3051, Olavarr\u00eda de 18 a 20<\/strong>. No hace falta inscripci\u00f3n previa.<\/p>\n<p>&nbsp;<\/p>\n","protected":false},"excerpt":{"rendered":"<p>Se trata de un conversatorio abierto que tendr\u00e1 lugar este mi\u00e9rcoles de 18 a 20 en el Instituto de Formaci\u00f3n<\/p>\n","protected":false},"author":4,"featured_media":78877,"comment_status":"closed","ping_status":"closed","sticky":false,"template":"","format":"standard","meta":{"_jetpack_memberships_contains_paid_content":false,"footnotes":""},"categories":[3,1],"tags":[],"class_list":["post-78876","post","type-post","status-publish","format-standard","has-post-thumbnail","hentry","category-genero","category-portada"],"jetpack_featured_media_url":"https:\/\/i0.wp.com\/cdnoticias.com\/wp-content\/uploads\/2023\/03\/mineria-conversatorio.jpg?fit=716%2C398&ssl=1","jetpack_sharing_enabled":true,"_links":{"self":[{"href":"https:\/\/cdnoticias.com\/index.php\/wp-json\/wp\/v2\/posts\/78876","targetHints":{"allow":["GET"]}}],"collection":[{"href":"https:\/\/cdnoticias.com\/index.php\/wp-json\/wp\/v2\/posts"}],"about":[{"href":"https:\/\/cdnoticias.com\/index.php\/wp-json\/wp\/v2\/types\/post"}],"author":[{"embeddable":true,"href":"https:\/\/cdnoticias.com\/index.php\/wp-json\/wp\/v2\/users\/4"}],"replies":[{"embeddable":true,"href":"https:\/\/cdnoticias.com\/index.php\/wp-json\/wp\/v2\/comments?post=78876"}],"version-history":[{"count":0,"href":"https:\/\/cdnoticias.com\/index.php\/wp-json\/wp\/v2\/posts\/78876\/revisions"}],"wp:featuredmedia":[{"embeddable":true,"href":"https:\/\/cdnoticias.com\/index.php\/wp-json\/wp\/v2\/media\/78877"}],"wp:attachment":[{"href":"https:\/\/cdnoticias.com\/index.php\/wp-json\/wp\/v2\/media?parent=78876"}],"wp:term":[{"taxonomy":"category","embeddable":true,"href":"https:\/\/cdnoticias.com\/index.php\/wp-json\/wp\/v2\/categories?post=78876"},{"taxonomy":"post_tag","embeddable":true,"href":"https:\/\/cdnoticias.com\/index.php\/wp-json\/wp\/v2\/tags?post=78876"}],"curies":[{"name":"wp","href":"https:\/\/api.w.org\/{rel}","templated":true}]}}