{"id":78812,"date":"2023-03-08T16:49:57","date_gmt":"2023-03-08T19:49:57","guid":{"rendered":"https:\/\/www.centraldenoticias.com.ar\/?p=78812"},"modified":"2023-03-08T16:49:57","modified_gmt":"2023-03-08T19:49:57","slug":"la-ucr-homenajeara-a-militantes-historicas-del-partido","status":"publish","type":"post","link":"https:\/\/cdnoticias.com\/index.php\/2023\/03\/08\/la-ucr-homenajeara-a-militantes-historicas-del-partido\/","title":{"rendered":"La UCR homenajear\u00e1 a militantes hist\u00f3ricas del partido"},"content":{"rendered":"<p>La actividad estar\u00e1 encabezada por Bel\u00e9n Vergel y se realizar\u00e1 este jueves 9 de marzo.<!--more--><\/p>\n<hr \/>\n<p>La<strong> Uni\u00f3n C\u00edvica Radical de Olavarr\u00eda<\/strong>, a trav\u00e9s de una propuesta del grupo &#8220;<strong>Mujeres Radicales<\/strong>&#8220;, llevar\u00e1 adelante una actividad en la que<strong> homenajear\u00e1 y reconocer\u00e1 a ocho militantes hist\u00f3ricas del partido<\/strong> a nivel local que abrieron caminos en la pol\u00edtica.<\/p>\n<p>&nbsp;<\/p>\n<p>La iniciativa, que se enmarcar\u00e1 en el <strong>D\u00eda Internacional de la Mujer Trabajadora<\/strong>, se realizar\u00e1 este<strong> jueves 9 de marzo, desde las 19.30 horas<\/strong>, en el local ubicado en Vicente L\u00f3pez 2607 y estar\u00e1 encabezada por la concejal <strong>Bel\u00e9n Vergel.<\/strong><\/p>\n<p>&nbsp;<\/p>\n<p><img data-recalc-dims=\"1\" loading=\"lazy\" decoding=\"async\" class=\"aligncenter wp-image-78814 size-full\" src=\"https:\/\/i0.wp.com\/cdnoticias.com\/wp-content\/uploads\/2023\/03\/IMG-20230307-WA0003.jpg?resize=800%2C800&#038;ssl=1\" alt=\"\" width=\"800\" height=\"800\" srcset=\"https:\/\/i0.wp.com\/cdnoticias.com\/wp-content\/uploads\/2023\/03\/IMG-20230307-WA0003.jpg?w=1080&amp;ssl=1 1080w, https:\/\/i0.wp.com\/cdnoticias.com\/wp-content\/uploads\/2023\/03\/IMG-20230307-WA0003.jpg?resize=300%2C300&amp;ssl=1 300w, https:\/\/i0.wp.com\/cdnoticias.com\/wp-content\/uploads\/2023\/03\/IMG-20230307-WA0003.jpg?resize=1024%2C1024&amp;ssl=1 1024w, https:\/\/i0.wp.com\/cdnoticias.com\/wp-content\/uploads\/2023\/03\/IMG-20230307-WA0003.jpg?resize=150%2C150&amp;ssl=1 150w, https:\/\/i0.wp.com\/cdnoticias.com\/wp-content\/uploads\/2023\/03\/IMG-20230307-WA0003.jpg?resize=768%2C768&amp;ssl=1 768w\" sizes=\"auto, (max-width: 800px) 100vw, 800px\" \/><\/p>\n<p>&nbsp;<\/p>\n<p>Desde el espacio, se invit\u00f3 a afiliadas y a la comunidad en general a participar.<\/p>\n","protected":false},"excerpt":{"rendered":"<p>La actividad estar\u00e1 encabezada por Bel\u00e9n Vergel y se realizar\u00e1 este jueves 9 de marzo.<\/p>\n","protected":false},"author":6,"featured_media":78813,"comment_status":"closed","ping_status":"closed","sticky":false,"template":"","format":"standard","meta":{"_jetpack_memberships_contains_paid_content":false,"footnotes":""},"categories":[4,1],"tags":[],"class_list":["post-78812","post","type-post","status-publish","format-standard","has-post-thumbnail","hentry","category-politica","category-portada"],"jetpack_featured_media_url":"https:\/\/i0.wp.com\/cdnoticias.com\/wp-content\/uploads\/2023\/03\/IMG-20230307-WA0022.jpg?fit=1600%2C1066&ssl=1","jetpack_sharing_enabled":true,"_links":{"self":[{"href":"https:\/\/cdnoticias.com\/index.php\/wp-json\/wp\/v2\/posts\/78812","targetHints":{"allow":["GET"]}}],"collection":[{"href":"https:\/\/cdnoticias.com\/index.php\/wp-json\/wp\/v2\/posts"}],"about":[{"href":"https:\/\/cdnoticias.com\/index.php\/wp-json\/wp\/v2\/types\/post"}],"author":[{"embeddable":true,"href":"https:\/\/cdnoticias.com\/index.php\/wp-json\/wp\/v2\/users\/6"}],"replies":[{"embeddable":true,"href":"https:\/\/cdnoticias.com\/index.php\/wp-json\/wp\/v2\/comments?post=78812"}],"version-history":[{"count":0,"href":"https:\/\/cdnoticias.com\/index.php\/wp-json\/wp\/v2\/posts\/78812\/revisions"}],"wp:featuredmedia":[{"embeddable":true,"href":"https:\/\/cdnoticias.com\/index.php\/wp-json\/wp\/v2\/media\/78813"}],"wp:attachment":[{"href":"https:\/\/cdnoticias.com\/index.php\/wp-json\/wp\/v2\/media?parent=78812"}],"wp:term":[{"taxonomy":"category","embeddable":true,"href":"https:\/\/cdnoticias.com\/index.php\/wp-json\/wp\/v2\/categories?post=78812"},{"taxonomy":"post_tag","embeddable":true,"href":"https:\/\/cdnoticias.com\/index.php\/wp-json\/wp\/v2\/tags?post=78812"}],"curies":[{"name":"wp","href":"https:\/\/api.w.org\/{rel}","templated":true}]}}