{"id":78808,"date":"2023-03-24T08:43:47","date_gmt":"2023-03-24T11:43:47","guid":{"rendered":"https:\/\/www.centraldenoticias.com.ar\/?p=78808"},"modified":"2023-03-24T08:43:47","modified_gmt":"2023-03-24T11:43:47","slug":"llega-la-10o-edicion-del-festival-internacional-de-estatuas-vivientes","status":"publish","type":"post","link":"https:\/\/cdnoticias.com\/index.php\/2023\/03\/24\/llega-la-10o-edicion-del-festival-internacional-de-estatuas-vivientes\/","title":{"rendered":"Llega la 10\u00ba edici\u00f3n del Festival Internacional de Estatuas Vivientes"},"content":{"rendered":"<p>Ser\u00e1 los d\u00edas 25 y 26 de marzo en el Centro Cultural San Jos\u00e9. <!--more--><\/p>\n<hr \/>\n<p>La <strong>10\u00ba edici\u00f3n del Festival Internacional de Estatuas Vivientes<\/strong> comenzar\u00e1 los d\u00edas<strong> 25 y 26 de marzo.<\/strong> Este evento es <strong>declarado de Inter\u00e9s Municipal<\/strong> por el Honorable Concejo Deliberante y de<strong> Inter\u00e9s Legislativo<\/strong> por la C\u00e1mara de Diputados de la provincia de Buenos Aires.<\/p>\n<p>&nbsp;<\/p>\n<p>El Festival tendr\u00e1 como sede el <strong>Centro Cultural Municipal \u201cSan Jos\u00e9<\/strong>\u201d. Para ambos d\u00edas, el horario ser\u00e1 de <strong>17 a 21 horas.<\/strong><\/p>\n<p>&nbsp;<\/p>\n<p>Participar\u00e1n del evento una<strong> treintena de estatuistas de nuestro pa\u00eds<\/strong> (Entre R\u00edos, Bah\u00eda Blanca, Mar del Plata, Tandil, Mendoza, la Pampa) y de<strong> pa\u00edses vecinos<\/strong>: Bolivia, Chile, Ecuador. Tambi\u00e9n habr\u00e1 estatuistas locales y Estatuas Vivientes infantiles.<\/p>\n<p>&nbsp;<\/p>\n<p>Durante la jornada, las personas que acudan al lugar podr\u00e1n participar de la <strong>votaci\u00f3n directa para elegir a su artista favorito<\/strong>. Como es habitual, el p\u00fablico podr\u00e1 votar una estatua por categor\u00eda, y habr\u00e1 un jurado que valorar\u00e1 las diferentes dimensiones que este arte manifiesta. En este marco, se entregar\u00e1n premios, medallas y reconocimientos.<\/p>\n<p>&nbsp;<\/p>\n<p>Adem\u00e1s, el domingo se contar\u00e1 con la participaci\u00f3n de varios <strong>artistas locales<\/strong> que se suman al Festival.\u00a0 El cantante Juan Carlos Banegas har\u00e1 la apertura con un tema musical aleg\u00f3rico a las estatuas. Continuar\u00e1 la presentaci\u00f3n de la Escuela de danzas \u00e1rabes Sibila para dar lugar al cierre musical a cargo de la Familia Berm\u00fadez.<\/p>\n<p>&nbsp;<\/p>\n<p>Las categor\u00edas ser\u00e1n \u201c<em><strong>Mejor Idea Original\u201d, \u201cMejor Realizaci\u00f3n\u201d <\/strong><\/em>y<em><strong> \u201cMejor Performance\u201d.<\/strong><\/em> Por \u00faltimo, habr\u00e1 entrega de medallas y reconocimientos a las Estatuas Vivientes participantes y dem\u00e1s artistas a quienes se les valora su trayectoria.<\/p>\n","protected":false},"excerpt":{"rendered":"<p>Ser\u00e1 los d\u00edas 25 y 26 de marzo en el Centro Cultural San Jos\u00e9.<\/p>\n","protected":false},"author":6,"featured_media":49465,"comment_status":"closed","ping_status":"closed","sticky":false,"template":"","format":"standard","meta":{"_jetpack_memberships_contains_paid_content":false,"footnotes":""},"categories":[9,1],"tags":[],"class_list":["post-78808","post","type-post","status-publish","format-standard","has-post-thumbnail","hentry","category-cultura","category-portada"],"jetpack_featured_media_url":"https:\/\/i0.wp.com\/cdnoticias.com\/wp-content\/uploads\/2022\/03\/estatuas1.jpg?fit=1280%2C712&ssl=1","jetpack_sharing_enabled":true,"_links":{"self":[{"href":"https:\/\/cdnoticias.com\/index.php\/wp-json\/wp\/v2\/posts\/78808","targetHints":{"allow":["GET"]}}],"collection":[{"href":"https:\/\/cdnoticias.com\/index.php\/wp-json\/wp\/v2\/posts"}],"about":[{"href":"https:\/\/cdnoticias.com\/index.php\/wp-json\/wp\/v2\/types\/post"}],"author":[{"embeddable":true,"href":"https:\/\/cdnoticias.com\/index.php\/wp-json\/wp\/v2\/users\/6"}],"replies":[{"embeddable":true,"href":"https:\/\/cdnoticias.com\/index.php\/wp-json\/wp\/v2\/comments?post=78808"}],"version-history":[{"count":0,"href":"https:\/\/cdnoticias.com\/index.php\/wp-json\/wp\/v2\/posts\/78808\/revisions"}],"wp:featuredmedia":[{"embeddable":true,"href":"https:\/\/cdnoticias.com\/index.php\/wp-json\/wp\/v2\/media\/49465"}],"wp:attachment":[{"href":"https:\/\/cdnoticias.com\/index.php\/wp-json\/wp\/v2\/media?parent=78808"}],"wp:term":[{"taxonomy":"category","embeddable":true,"href":"https:\/\/cdnoticias.com\/index.php\/wp-json\/wp\/v2\/categories?post=78808"},{"taxonomy":"post_tag","embeddable":true,"href":"https:\/\/cdnoticias.com\/index.php\/wp-json\/wp\/v2\/tags?post=78808"}],"curies":[{"name":"wp","href":"https:\/\/api.w.org\/{rel}","templated":true}]}}