{"id":78784,"date":"2023-03-09T19:30:06","date_gmt":"2023-03-09T22:30:06","guid":{"rendered":"https:\/\/www.centraldenoticias.com.ar\/?p=78784"},"modified":"2023-03-09T19:30:06","modified_gmt":"2023-03-09T22:30:06","slug":"rodriguez-larreta-anuncio-que-elimina-el-impuesto-a-las-tarjetas-de-credito-lo-que-me-comprometo-lo-cumplo","status":"publish","type":"post","link":"https:\/\/cdnoticias.com\/index.php\/2023\/03\/09\/rodriguez-larreta-anuncio-que-elimina-el-impuesto-a-las-tarjetas-de-credito-lo-que-me-comprometo-lo-cumplo\/","title":{"rendered":"Rodr\u00edguez Larreta anunci\u00f3 que elimina el impuesto a las tarjetas de cr\u00e9dito: \u201cLo que me comprometo, lo cumplo\u201d"},"content":{"rendered":"<p>Se trata de un impuesto que funciona en 7 provincias, Provincia de Buenos Aires incluida. &#8220;Los vecinos no pueden esperar los tiempos de la pol\u00edtica&#8221; agreg\u00f3 Larreta.<br \/>\n<!--more--><\/p>\n<hr \/>\n<p>El jefe de Gobierno, <strong>Horacio Rodr\u00edguez Larreta<\/strong>, anunci\u00f3 este martes que decidi\u00f3 <strong>eliminar el impuesto a las tarjetas de cr\u00e9dito<\/strong> &#8220;para aliviar el bolsillo de los vecinos, en medio de la creciente inflaci\u00f3n y la fuerte baja de la actividad econ\u00f3mica&#8221;. El proyecto ser\u00e1 enviado a la Legislatura porte\u00f1a.<\/p>\n<p>&nbsp;<\/p>\n<p>El impuesto a las tarjetas de cr\u00e9dito, tambi\u00e9n conocido como <strong>\u201cimpuesto a los sellos&#8221; <\/strong>funciona en otras <strong>7 provincias<\/strong>. Hab\u00eda sido creado en la Ciudad de Buenos Aires, de manera transitoria, luego del recorte de fondos coparticipables que ejecut\u00f3 el Gobierno Nacional de manera unilateral.<\/p>\n<p>&nbsp;<\/p>\n<p><em><strong>\u201cLo que me comprometo, lo cumplo\u201d<\/strong> <\/em>afirm\u00f3 el mandatario. Es que el impuesto ser\u00e1 eliminado, incluso a pesar de que el Gobierno nacional no acata el fallo de la Corte Suprema que orden\u00f3 restituir los fondos de la Coparticipaci\u00f3n recortados de manera unilateral. \u201c<em><strong>Los vecinos no pueden esperar los tiempos de la pol\u00edtica<\/strong><\/em>\u201d, concluy\u00f3.<\/p>\n<p>&nbsp;<\/p>\n<p>&#8220;La eliminaci\u00f3n del impuesto es posible gracias a que la Ciudad de Buenos Aires impuls\u00f3 una dr\u00e1stica reducci\u00f3n del gasto, que ya baj\u00f3 un 10%. Ese ahorro permite hoy bajar impuestos a pesar del incumplimiento del Fallo por parte del Gobierno&#8221; se expres\u00f3.<\/p>\n<p>&nbsp;<\/p>\n<p>Rodr\u00edguez Larreta explic\u00f3 que tom\u00f3 la decisi\u00f3n tras el discurso del Presidente en la apertura de sesiones del Congreso: \u201c<strong>Me qued\u00f3 claro que definitivamente nunca van a acatar el fallo<\/strong>&#8221; dijo.<\/p>\n<p>&nbsp;<\/p>\n<p>Este martes se enviar\u00e1 un proyecto de ley a la Legislatura de la Ciudad de Buenos Aires para eliminar el impuesto a los Sellos del 1,2% a las tarjetas de cr\u00e9dito que se hab\u00eda aplicado para hacer frente a la quita de recursos. Mientras tanto, Larreta continuar\u00e1 con su reclamo judicial: \u201c<em>Esto no implica renunciar a nuestra lucha por el federalismo, porque si hoy nos sacan recursos a nosotros, ma\u00f1ana lo pueden hacer con cualquier provincia\u201d.<\/em><\/p>\n<p>&nbsp;<\/p>\n<p>El <strong>precandidato a presidente de Juntos por el Cambio<\/strong> reiter\u00f3 adem\u00e1s su<strong> rechazo al pedido de juicio pol\u00edtico contra los cuatro miembros de la Corte Suprema<\/strong>: <em>\u201cEs otro m\u00e1s de los incontables ataques del kirchnerismo contra la Justicia. Buscan anular uno de los poderes del Estado y nosotros vamos a estar ah\u00ed para frenar el intento y defender la institucionalidad y la rep\u00fablica\u201d.<\/em><\/p>\n<p>&nbsp;<\/p>\n<p>Adem\u00e1s, Rodr\u00edguez Larreta enumer\u00f3 adem\u00e1s los &#8220;<strong>problemas que golpean a los argentinos&#8221;: <\/strong>\u201c<em>Ya no da para m\u00e1s. Se vive con angustia, con frustraci\u00f3n por no conseguir trabajo o con miedo a perderlo. Los que somos padres no dormimos cuando nuestros hijos salen a la calle y se nos hiela la sangre cuando vemos que crece la violencia en tantos lugares del pa\u00eds como Rosario, el conurbano bonaerense o la Patagonia. Los chicos aprenden cada vez menos en las escuelas. Inseguridad, falta de trabajo, sueldos por el piso y precios cada vez m\u00e1s altos. Resolver esta crisis es una prioridad urgente\u201d,<\/em> asegur\u00f3.<\/p>\n<p>&nbsp;<\/p>\n<p>Por \u00faltimo, se\u00f1al\u00f3: <em>\u201cEsta decisi\u00f3n es una muestra de mi visi\u00f3n de lo que necesita la Argentina. Vamos a bajar impuestos para reducir el peso muerto del Estado y que las empresas, el campo, las pymes, los comercios y las industrias puedan crecer, generar trabajo y exportar. Yo siempre voy a trabajar para el beneficio de la gente. Estoy convencido de que ese es el camino. Juntos lo vamos a lograr. Es hora de animarnos a transformar el pa\u00eds para siempre\u201d.<\/em><\/p>\n<p>&nbsp;<\/p>\n<p><strong>Provincias que cobran sellos a las Tarjetas de Cr\u00e9dito<\/strong><\/p>\n<p>Buenos Aires: 1,2%<\/p>\n<p>Chaco: 1,5%<\/p>\n<p>C\u00f3rdoba: 1,5%<\/p>\n<p>Mendoza: 1,5%<\/p>\n<p>San Luis: 1,2%<\/p>\n<p>Tierra del Fuego: 0,6%<\/p>\n<p>Tucum\u00e1n: 1,0%<\/p>\n","protected":false},"excerpt":{"rendered":"<p>Se trata de un impuesto que funciona en 7 provincias, Provincia de Buenos Aires incluida. &#8220;Los vecinos no pueden esperar<\/p>\n","protected":false},"author":6,"featured_media":78785,"comment_status":"closed","ping_status":"closed","sticky":false,"template":"","format":"standard","meta":{"_jetpack_memberships_contains_paid_content":false,"footnotes":""},"categories":[4],"tags":[],"class_list":["post-78784","post","type-post","status-publish","format-standard","has-post-thumbnail","hentry","category-politica"],"jetpack_featured_media_url":"https:\/\/i0.wp.com\/cdnoticias.com\/wp-content\/uploads\/2023\/03\/WhatsApp-Image-2023-03-07-at-12.55.04.jpeg?fit=1280%2C852&ssl=1","jetpack_sharing_enabled":true,"_links":{"self":[{"href":"https:\/\/cdnoticias.com\/index.php\/wp-json\/wp\/v2\/posts\/78784","targetHints":{"allow":["GET"]}}],"collection":[{"href":"https:\/\/cdnoticias.com\/index.php\/wp-json\/wp\/v2\/posts"}],"about":[{"href":"https:\/\/cdnoticias.com\/index.php\/wp-json\/wp\/v2\/types\/post"}],"author":[{"embeddable":true,"href":"https:\/\/cdnoticias.com\/index.php\/wp-json\/wp\/v2\/users\/6"}],"replies":[{"embeddable":true,"href":"https:\/\/cdnoticias.com\/index.php\/wp-json\/wp\/v2\/comments?post=78784"}],"version-history":[{"count":0,"href":"https:\/\/cdnoticias.com\/index.php\/wp-json\/wp\/v2\/posts\/78784\/revisions"}],"wp:featuredmedia":[{"embeddable":true,"href":"https:\/\/cdnoticias.com\/index.php\/wp-json\/wp\/v2\/media\/78785"}],"wp:attachment":[{"href":"https:\/\/cdnoticias.com\/index.php\/wp-json\/wp\/v2\/media?parent=78784"}],"wp:term":[{"taxonomy":"category","embeddable":true,"href":"https:\/\/cdnoticias.com\/index.php\/wp-json\/wp\/v2\/categories?post=78784"},{"taxonomy":"post_tag","embeddable":true,"href":"https:\/\/cdnoticias.com\/index.php\/wp-json\/wp\/v2\/tags?post=78784"}],"curies":[{"name":"wp","href":"https:\/\/api.w.org\/{rel}","templated":true}]}}