{"id":7878,"date":"2020-12-01T09:59:05","date_gmt":"2020-12-01T12:59:05","guid":{"rendered":"http:\/\/www.centraldenoticias.com.ar\/?p=7878"},"modified":"2020-12-01T09:59:05","modified_gmt":"2020-12-01T12:59:05","slug":"confirman-la-entrega-de-mas-de-150-tarjetas-alimentar-en-olavarria","status":"publish","type":"post","link":"https:\/\/cdnoticias.com\/index.php\/2020\/12\/01\/confirman-la-entrega-de-mas-de-150-tarjetas-alimentar-en-olavarria\/","title":{"rendered":"Confirman la entrega de m\u00e1s de 150 tarjetas Alimentar en Olavarr\u00eda"},"content":{"rendered":"<p>Este martes continuar\u00e1n entregando, casa por casa, las tarjetas a los beneficiarios.<!--more--><\/p>\n<hr \/>\n<p>Tras su llegada, m\u00e1s de <strong>150 familias de Olavarr\u00eda ya recibieron su tarjeta Alimentar. Son distribuidas por integrantes del Frente de Todos y este martes contin\u00faan con las tareas.<\/strong><\/p>\n<p>&nbsp;<\/p>\n<p>Cabe se\u00f1alar que <strong>por la pandemia recorren \u201ccasa por casa\u201d para entregar estas tarjetas a los correspondientes beneficiarios locales.<\/strong><\/p>\n<p>&nbsp;<\/p>\n<p><img data-recalc-dims=\"1\" loading=\"lazy\" decoding=\"async\" class=\"alignnone size-full wp-image-7880\" src=\"https:\/\/i0.wp.com\/cdnoticias.com\/wp-content\/uploads\/2020\/12\/tarjeta-alimentar2.jpg?resize=800%2C600&#038;ssl=1\" alt=\"\" width=\"800\" height=\"600\" srcset=\"https:\/\/i0.wp.com\/cdnoticias.com\/wp-content\/uploads\/2020\/12\/tarjeta-alimentar2.jpg?w=1280&amp;ssl=1 1280w, https:\/\/i0.wp.com\/cdnoticias.com\/wp-content\/uploads\/2020\/12\/tarjeta-alimentar2.jpg?resize=300%2C225&amp;ssl=1 300w, https:\/\/i0.wp.com\/cdnoticias.com\/wp-content\/uploads\/2020\/12\/tarjeta-alimentar2.jpg?resize=768%2C576&amp;ssl=1 768w, https:\/\/i0.wp.com\/cdnoticias.com\/wp-content\/uploads\/2020\/12\/tarjeta-alimentar2.jpg?resize=1024%2C768&amp;ssl=1 1024w\" sizes=\"auto, (max-width: 800px) 100vw, 800px\" \/><\/p>\n<p>&nbsp;<\/p>\n<blockquote><p>La tarjeta est\u00e1 destinada a \u201cmadres o padres con hijos e hijas de hasta 6 a\u00f1os de edad que reciben la AUH. Tambi\u00e9n a embarazadas a partir de los 3 meses que cobran la asignaci\u00f3n por embarazo y personas con discapacidad que reciben la AUH\u201d.<\/p><\/blockquote>\n<p>&nbsp;<\/p>\n<p>Con la tarjeta se puede comprar <strong><em>\u201ctodo tipo de alimentos\u201d<\/em> excepto bebidas alcoh\u00f3licas.<\/strong><\/p>\n","protected":false},"excerpt":{"rendered":"<p>Este martes continuar\u00e1n entregando, casa por casa, las tarjetas a los beneficiarios.<\/p>\n","protected":false},"author":2,"featured_media":7879,"comment_status":"closed","ping_status":"closed","sticky":false,"template":"","format":"standard","meta":{"_jetpack_memberships_contains_paid_content":false,"footnotes":""},"categories":[5,1],"tags":[],"class_list":["post-7878","post","type-post","status-publish","format-standard","has-post-thumbnail","hentry","category-informacion-general","category-portada"],"jetpack_featured_media_url":"https:\/\/i0.wp.com\/cdnoticias.com\/wp-content\/uploads\/2020\/12\/tarjeta-alimentar1.jpg?fit=1280%2C960&ssl=1","jetpack_sharing_enabled":true,"_links":{"self":[{"href":"https:\/\/cdnoticias.com\/index.php\/wp-json\/wp\/v2\/posts\/7878","targetHints":{"allow":["GET"]}}],"collection":[{"href":"https:\/\/cdnoticias.com\/index.php\/wp-json\/wp\/v2\/posts"}],"about":[{"href":"https:\/\/cdnoticias.com\/index.php\/wp-json\/wp\/v2\/types\/post"}],"author":[{"embeddable":true,"href":"https:\/\/cdnoticias.com\/index.php\/wp-json\/wp\/v2\/users\/2"}],"replies":[{"embeddable":true,"href":"https:\/\/cdnoticias.com\/index.php\/wp-json\/wp\/v2\/comments?post=7878"}],"version-history":[{"count":0,"href":"https:\/\/cdnoticias.com\/index.php\/wp-json\/wp\/v2\/posts\/7878\/revisions"}],"wp:featuredmedia":[{"embeddable":true,"href":"https:\/\/cdnoticias.com\/index.php\/wp-json\/wp\/v2\/media\/7879"}],"wp:attachment":[{"href":"https:\/\/cdnoticias.com\/index.php\/wp-json\/wp\/v2\/media?parent=7878"}],"wp:term":[{"taxonomy":"category","embeddable":true,"href":"https:\/\/cdnoticias.com\/index.php\/wp-json\/wp\/v2\/categories?post=7878"},{"taxonomy":"post_tag","embeddable":true,"href":"https:\/\/cdnoticias.com\/index.php\/wp-json\/wp\/v2\/tags?post=7878"}],"curies":[{"name":"wp","href":"https:\/\/api.w.org\/{rel}","templated":true}]}}