{"id":78760,"date":"2023-03-07T16:19:38","date_gmt":"2023-03-07T19:19:38","guid":{"rendered":"https:\/\/www.centraldenoticias.com.ar\/?p=78760"},"modified":"2023-03-07T16:19:38","modified_gmt":"2023-03-07T19:19:38","slug":"kicillof-discurso-de-candidato-y-mas-reclamos-por-la-coparticipacion","status":"publish","type":"post","link":"https:\/\/cdnoticias.com\/index.php\/2023\/03\/07\/kicillof-discurso-de-candidato-y-mas-reclamos-por-la-coparticipacion\/","title":{"rendered":"Kicillof, discurso de candidato y m\u00e1s reclamos por la coparticipaci\u00f3n"},"content":{"rendered":"<p>El mandatario bonaerense encabez\u00f3 este lunes la apertura del 151\u00b0 per\u00edodo de sesiones ordinarias de la Legislatura. Dijo que esta apertura de sesiones es su \u201c\u00faltima\u201d o \u201cen todo caso la \u00faltima de esta primera etapa\u201d.<\/p>\n<p><!--more--><\/p>\n<hr \/>\n<p><strong>El gobernador Axel Kicillof encabez\u00f3 la Asamblea Legislativa bonaerens<\/strong>e y dijo que <strong>esta apertura de sesiones es su \u201c\u00faltima\u201d o \u201cen todo caso la \u00faltima de esta primera etapa\u201d<\/strong>, mientras que destac\u00f3 los avances de su gesti\u00f3n y renov\u00f3 los reclamos por la coparticipaci\u00f3n.<\/p>\n<p>&nbsp;<\/p>\n<p>El mandatario bonaerense abri\u00f3 este lunes el <strong>151\u00b0 per\u00edodo de sesiones ordinarias de la Legislatura<\/strong> con un discurso que dur\u00f3 unas tres horas. En ese marco, <strong>dio casi por hecho su candidatura para ser relecto en el cargo.<\/strong><\/p>\n<p>&nbsp;<\/p>\n<blockquote><p>\u201cHoy es mi \u00faltima apertura de sesiones o en todo caso la \u00faltima de esta primera etapa\u201d, asegur\u00f3. Y agreg\u00f3: \u201cSer\u00e1 el tiempo, pero sobre todo el pueblo de nuestra provincia quien lo disponga\u201d.<\/p><\/blockquote>\n<p>&nbsp;<\/p>\n<p><img data-recalc-dims=\"1\" loading=\"lazy\" decoding=\"async\" class=\"size-full wp-image-78767 aligncenter\" src=\"https:\/\/i0.wp.com\/cdnoticias.com\/wp-content\/uploads\/2023\/03\/legislatura-apertura-de-sesiones-2023-B.jpg?resize=800%2C445&#038;ssl=1\" alt=\"\" width=\"800\" height=\"445\" srcset=\"https:\/\/i0.wp.com\/cdnoticias.com\/wp-content\/uploads\/2023\/03\/legislatura-apertura-de-sesiones-2023-B.jpg?w=800&amp;ssl=1 800w, https:\/\/i0.wp.com\/cdnoticias.com\/wp-content\/uploads\/2023\/03\/legislatura-apertura-de-sesiones-2023-B.jpg?resize=300%2C167&amp;ssl=1 300w, https:\/\/i0.wp.com\/cdnoticias.com\/wp-content\/uploads\/2023\/03\/legislatura-apertura-de-sesiones-2023-B.jpg?resize=768%2C427&amp;ssl=1 768w\" sizes=\"auto, (max-width: 800px) 100vw, 800px\" \/><\/p>\n<p>&nbsp;<\/p>\n<p>Tras la <a href=\"https:\/\/cdnoticias.com\/index.php\/2023\/03\/01\/por-el-masivo-corte-de-luz-se-suspendio-la-apertura-de-sesiones-de-axel-kicillof\/\" target=\"_blank\" rel=\"noopener\">suspensi\u00f3n de la Asamblea Legislativa del mi\u00e9rcoles pasado<\/a> por el apag\u00f3n energ\u00e9tico que afect\u00f3 a gran parte del pa\u00eds, Kicillof finalmente abri\u00f3 las sesiones ordinarias en La Plata junto a la <strong>vicegobernadora Ver\u00f3nica Magario y al presidente de la C\u00e1mara de Diputados, Federico Oterm\u00edn<\/strong>, en la ma\u00f1ana del lunes.<\/p>\n<p>&nbsp;<\/p>\n<p>En el inicio de su discurso, ante diputados y senadores provinciales, <strong>el mandatario le agradeci\u00f3 al presidente Alberto Fern\u00e1ndez su acompa\u00f1amiento en el reclamo por la disputa de la coparticipaci\u00f3n con la CABA<\/strong>.<\/p>\n<p>&nbsp;<\/p>\n<p>Asimismo, se mostr\u00f3 agradecido con la <strong>vicepresidenta Cristina Fern\u00e1ndez de Kirchner<\/strong>, con su <strong>gabinete<\/strong> y con los<strong> 135 intendentes<\/strong> con quienes \u201cdurante la peste supimos dejar de lado diferencias\u201d.<\/p>\n<p>&nbsp;<\/p>\n<p>El Gobernador tambi\u00e9n repudi\u00f3 el intento de magnicidio contra la vice y la \u201cactual proscripci\u00f3n\u201d que habla de una \u201clarga historia de persecuciones al peronismo\u201d. Advirti\u00f3 que esto \u201cno se trata de un problema \u00fanicamente para quienes nos sentimos pol\u00edticamente identificados\u201d con CFK, sino de<strong> \u201cun deterioro de la calidad democr\u00e1tica que es preocupante e inadmisible\u201d.<\/strong><\/p>\n<p>&nbsp;<\/p>\n<p><span style=\"text-decoration: underline;\"><strong>Salud<\/strong><\/span><\/p>\n<p>&nbsp;<\/p>\n<p>Al respecto del \u00e1rea de salud, el mandatario provincial dijo que \u201cpasada la pandemia, <strong>seguimos priorizando las inversiones y la integraci\u00f3n del sistema sanitario\u201d<\/strong>. \u201cFinalizamos 87 obras en hospitales, y otras 31 est\u00e1n en ejecuci\u00f3n. Para 2023 se proyecta iniciar otras, llegando a 45 obras en hospitales\u201d, cont\u00f3.<\/p>\n<p>&nbsp;<\/p>\n<p>Explic\u00f3 que \u201cnuestro modelo de atenci\u00f3n reposa en reforzar la atenci\u00f3n primaria\u201d y se\u00f1al\u00f3 que \u201cinauguramos 132 nuevos centros de atenci\u00f3n primaria de la salud en la provincia\u201d.<\/p>\n<p>&nbsp;<\/p>\n<p><strong>El momento m\u00e1s tenso de la apertura se vivi\u00f3 cuando el Gobernador se refer\u00eda a la situaci\u00f3n de IOMA<\/strong>, en medio de la <a href=\"https:\/\/cdnoticias.com\/index.php\/2023\/03\/06\/son-intendentes-que-nunca-se-preocuparon-por-la-situacion-de-ioma-en-sus-municipios\/\" target=\"_blank\" rel=\"noopener\">pol\u00e9mica por el anuncio del intendente de San Nicol\u00e1s, Manuel Passaglia<\/a>, de quitar la obra social a los trabajadores municipales de ese distrito.<\/p>\n<p>&nbsp;<\/p>\n<p>Kicillof comenz\u00f3 a hablar y<strong> fue interrumpido por el diputado radical Maximiliano Abad<\/strong>, con quien mantuvo algunos cruces, para luego continuar con su discurso.<\/p>\n<p>&nbsp;<\/p>\n<blockquote><p>El Gobernador evit\u00f3 hacer referencia al conflicto con San Nicol\u00e1s y destac\u00f3 que \u201cdesde IOMA, abrimos 88 policonsultorios que acumulan una actividad total mayor a las 500.000 pr\u00e1cticas y consultas m\u00e9dicas\u201d. \u201cContinuaremos con las aperturas con el objetivo de alcanzar los 200 nuevos policonsultorios en este a\u00f1o\u201d, apunt\u00f3.<\/p><\/blockquote>\n<p>&nbsp;<\/p>\n<p>&nbsp;<\/p>\n<p><img data-recalc-dims=\"1\" loading=\"lazy\" decoding=\"async\" class=\"size-full wp-image-78766 aligncenter\" src=\"https:\/\/i0.wp.com\/cdnoticias.com\/wp-content\/uploads\/2023\/03\/legislatura-apertura-de-sesiones-2023-A.jpg?resize=800%2C445&#038;ssl=1\" alt=\"\" width=\"800\" height=\"445\" srcset=\"https:\/\/i0.wp.com\/cdnoticias.com\/wp-content\/uploads\/2023\/03\/legislatura-apertura-de-sesiones-2023-A.jpg?w=800&amp;ssl=1 800w, https:\/\/i0.wp.com\/cdnoticias.com\/wp-content\/uploads\/2023\/03\/legislatura-apertura-de-sesiones-2023-A.jpg?resize=300%2C167&amp;ssl=1 300w, https:\/\/i0.wp.com\/cdnoticias.com\/wp-content\/uploads\/2023\/03\/legislatura-apertura-de-sesiones-2023-A.jpg?resize=768%2C427&amp;ssl=1 768w\" sizes=\"auto, (max-width: 800px) 100vw, 800px\" \/><\/p>\n<p>&nbsp;<\/p>\n<p><span style=\"text-decoration: underline;\"><strong>Educaci\u00f3n<\/strong><\/span><\/p>\n<p>&nbsp;<\/p>\n<p>Kicillof indic\u00f3 que <strong>\u201cdurante estos a\u00f1os no tuvimos un solo d\u00eda de paro por cuestiones provinciales\u201d<\/strong> en escuelas bonaerenses. \u201cDurante la etapa anterior hubo 65 d\u00edas de paro. Creemos que esto es por recuperar salario, no perseguir docentes e invertir en infraestructura\u201d, apunt\u00f3.<\/p>\n<p>En cuestiones vinculadas a la educaci\u00f3n, tambi\u00e9n sostuvo que<strong> su Gobierno ya inaugur\u00f3 \u201c150 nuevos edificios escolares en tres a\u00f1os\u201d<\/strong>. \u201cM\u00e1s que el doble que en los cuatro a\u00f1os anteriores. Y vamos a seguir abriendo escuelas\u201d, asegur\u00f3.<\/p>\n<p>&nbsp;<\/p>\n<p><span style=\"text-decoration: underline;\"><strong>Coparticipaci\u00f3n<\/strong><\/span><\/p>\n<p>&nbsp;<\/p>\n<p>El Gobernador dijo que<strong> \u201cla provincia de Buenos Aires tiene grandes deudas sociales, habitacionales y de infraestructura que hay que reconocer y reparar\u201d<\/strong> y que \u201cse suele decir que en la provincia faltan escuelas, falta asfalto, faltan hospitales, faltan autopistas, faltan trenes\u201d.<\/p>\n<p>&nbsp;<\/p>\n<blockquote><p>\u201cLo que sin duda falta en nuestra provincia de Buenos Aires es buena parte de los recursos que produce y aporta al sistema de coparticipaci\u00f3n\u201d, sostuvo. Y agreg\u00f3: \u201cLo que nos toca como generaci\u00f3n de dirigentes bonaerenses es recuperar los recursos que le fueron arrancados a nuestra provincia\u201d.<\/p><\/blockquote>\n<p>&nbsp;<\/p>\n<p>En este marco, invit\u00f3 a los distintos bloques de la Legislatura <strong>\u201ca formar una comisi\u00f3n destinada al reclamo permanente por los recursos de los y las bonaerenses y de los 135 municipios\u201d,<\/strong> mientras que destac\u00f3 el acompa\u00f1amiento de Naci\u00f3n \u201ca nuestro reclamo por el bochornoso fallo de la Corte Suprema\u201d.<\/p>\n<p>&nbsp;<\/p>\n<p><img data-recalc-dims=\"1\" loading=\"lazy\" decoding=\"async\" class=\"size-full wp-image-78765 aligncenter\" src=\"https:\/\/i0.wp.com\/cdnoticias.com\/wp-content\/uploads\/2023\/03\/axel-kicillof-apertura-de-sesiones-2023-C.jpg?resize=800%2C445&#038;ssl=1\" alt=\"\" width=\"800\" height=\"445\" srcset=\"https:\/\/i0.wp.com\/cdnoticias.com\/wp-content\/uploads\/2023\/03\/axel-kicillof-apertura-de-sesiones-2023-C.jpg?w=800&amp;ssl=1 800w, https:\/\/i0.wp.com\/cdnoticias.com\/wp-content\/uploads\/2023\/03\/axel-kicillof-apertura-de-sesiones-2023-C.jpg?resize=300%2C167&amp;ssl=1 300w, https:\/\/i0.wp.com\/cdnoticias.com\/wp-content\/uploads\/2023\/03\/axel-kicillof-apertura-de-sesiones-2023-C.jpg?resize=768%2C427&amp;ssl=1 768w\" sizes=\"auto, (max-width: 800px) 100vw, 800px\" \/><\/p>\n<p>&nbsp;<\/p>\n<p><span style=\"text-decoration: underline;\"><strong>Econom\u00eda y campo<\/strong><\/span><\/p>\n<p>&nbsp;<\/p>\n<p>Al referirse a la<strong> situaci\u00f3n econ\u00f3mica<\/strong> actual, Kicillof dijo que \u201cfalta much\u00edsimo y se viven tiempos complejos, pero tambi\u00e9n tenemos que decir que<strong> se nota cuando hay una pol\u00edtica a favor de la producci\u00f3n y el empleo\u201d.<\/strong><\/p>\n<p>&nbsp;<\/p>\n<p>En el \u00e1mbito del <strong>campo<\/strong>, por ejemplo, destac\u00f3 que \u201cse est\u00e1n construyendo en muchos lugares del interior de la provincia de Buenos Aires instalaciones para industrializar la producci\u00f3n rural\u201d. \u201cNecesitamos que la producci\u00f3n agropecuaria sea industrializada en origen\u201d, consider\u00f3.<\/p>\n<p>&nbsp;<\/p>\n<p>Asimismo, valor\u00f3 los <strong>cr\u00e9ditos otorgados por el Banco Provincia al sector productivo<\/strong> y el crecimiento en la cantidad de clientes de esta entidad, mientras que celebr\u00f3 el funcionamiento de la <strong>Cuenta DNI<\/strong> con la que \u201cse tramitan 10 operaciones por segundo\u201d en promedio.<\/p>\n<p>&nbsp;<\/p>\n<p>\u201cDesde el comienzo de nuestra gesti\u00f3n, se destinaron<strong> recursos por alrededor de $1,1 billones, repito, 1,1 mill\u00f3n de millones para el financiamiento a tasas preferenciales a los sectores productivos\u201d<\/strong>, asegur\u00f3.<\/p>\n<p>&nbsp;<\/p>\n<p><img data-recalc-dims=\"1\" loading=\"lazy\" decoding=\"async\" class=\"size-full wp-image-78764 aligncenter\" src=\"https:\/\/i0.wp.com\/cdnoticias.com\/wp-content\/uploads\/2023\/03\/axel-kicillof-apertura-de-sesiones-2023-B.jpg?resize=800%2C445&#038;ssl=1\" alt=\"\" width=\"800\" height=\"445\" srcset=\"https:\/\/i0.wp.com\/cdnoticias.com\/wp-content\/uploads\/2023\/03\/axel-kicillof-apertura-de-sesiones-2023-B.jpg?w=800&amp;ssl=1 800w, https:\/\/i0.wp.com\/cdnoticias.com\/wp-content\/uploads\/2023\/03\/axel-kicillof-apertura-de-sesiones-2023-B.jpg?resize=300%2C167&amp;ssl=1 300w, https:\/\/i0.wp.com\/cdnoticias.com\/wp-content\/uploads\/2023\/03\/axel-kicillof-apertura-de-sesiones-2023-B.jpg?resize=768%2C427&amp;ssl=1 768w\" sizes=\"auto, (max-width: 800px) 100vw, 800px\" \/><\/p>\n<p>&nbsp;<\/p>\n<p><span style=\"text-decoration: underline;\"><strong>Obras<\/strong><\/span><\/p>\n<p>&nbsp;<\/p>\n<p>Kicillof destac\u00f3 distintas <strong>obras viales<\/strong> realizadas por la Provincia y por Naci\u00f3n, entre ellas 61 trabajos \u201cen rutas a lo largo de 1.303 kil\u00f3metros\u201d y la<strong> pavimentaci\u00f3n<\/strong> de \u201c11 mil cuadras de tierra\u201d.<\/p>\n<p>&nbsp;<\/p>\n<p>\u201cEn conjunto con Naci\u00f3n, se realizan obras para la transformaci\u00f3n de rutas a <strong>autov\u00edas en 631 kil\u00f3metros<\/strong>, entre las que hay que destacar las Autov\u00edas 11 y 56 (corredor atl\u00e1ntico): entre ambas rutas se construyeron 158 kil\u00f3metros de segunda calzada, ya inaugurada\u201d, ampli\u00f3.<\/p>\n<p>&nbsp;<\/p>\n<p>El Gobernador tambi\u00e9n se refiri\u00f3 al <strong>Plan Maestro del R\u00edo Salado<\/strong>. \u201cEstamos construyendo de nuevo el r\u00edo. Se ha ampliado en su ancho pr\u00e1cticamente en tres veces y pr\u00e1cticamente en doble en su profundidad\u201d, explic\u00f3. Y detall\u00f3: \u201cLlevamos ejecutados m\u00e1s de 130 kil\u00f3metros, la gesti\u00f3n pasada hizo 36 de esta obra\u201d. Adem\u00e1s, adelant\u00f3 que se llamar\u00e1 a la licitaci\u00f3n del tramo cinco del Plan.<\/p>\n<p>&nbsp;<\/p>\n<p>El mandatario tambi\u00e9n cont\u00f3 que se aprobaron m\u00e1s de <strong>1.400 proyectos de obras municipales con financiamiento provincial<\/strong>. \u201cSe financi\u00f3 una cantidad in\u00e9dita\u201d, sostuvo. Y agradeci\u00f3 a los intendentes de todos los municipios.<\/p>\n<p>&nbsp;<\/p>\n<p>En cuanto a las<strong> viviendas<\/strong>, se\u00f1al\u00f3 que tenemos m\u00e1s de 237 obras en marcha en 107 municipios. \u201cSolo desde la provincia estamos construyendo 12.162 viviendas\u201d, dijo. Y explic\u00f3 que \u201cen conjunto con el Gobierno nacional se est\u00e1n construyendo un total 29.732 viviendas\u201d.<\/p>\n<p>&nbsp;<\/p>\n<p><img data-recalc-dims=\"1\" loading=\"lazy\" decoding=\"async\" class=\"size-full wp-image-78761 aligncenter\" src=\"https:\/\/i0.wp.com\/cdnoticias.com\/wp-content\/uploads\/2023\/03\/axel-kicillof-apertura-de-sesiones-2023-A.jpg?resize=800%2C445&#038;ssl=1\" alt=\"\" width=\"800\" height=\"445\" srcset=\"https:\/\/i0.wp.com\/cdnoticias.com\/wp-content\/uploads\/2023\/03\/axel-kicillof-apertura-de-sesiones-2023-A.jpg?w=800&amp;ssl=1 800w, https:\/\/i0.wp.com\/cdnoticias.com\/wp-content\/uploads\/2023\/03\/axel-kicillof-apertura-de-sesiones-2023-A.jpg?resize=300%2C167&amp;ssl=1 300w, https:\/\/i0.wp.com\/cdnoticias.com\/wp-content\/uploads\/2023\/03\/axel-kicillof-apertura-de-sesiones-2023-A.jpg?resize=768%2C427&amp;ssl=1 768w\" sizes=\"auto, (max-width: 800px) 100vw, 800px\" \/><\/p>\n<p>&nbsp;<\/p>\n<p><span style=\"text-decoration: underline;\"><strong>Otros temas<\/strong><\/span><\/p>\n<p>&nbsp;<\/p>\n<p>Kicillof destac\u00f3 la ampliaci\u00f3n <strong>\u201cde pol\u00edticas y programas que atienden la violencia de g\u00e9nero\u201d<\/strong> durante los \u00faltimos a\u00f1os y la presentaci\u00f3n \u201cpor primera vez\u201d de un presupuesto con perspectiva de g\u00e9nero en 2022.<\/p>\n<p>&nbsp;<\/p>\n<p>Al referirse al <strong>IPS<\/strong>, el Gobernador habl\u00f3 de una \u201creducci\u00f3n del stok cr\u00edtico de expedientes en un 75%\u201d. \u201cEstamos avanzando de la modernizaci\u00f3n del IPS. Se quejaban de que se ampli\u00f3 la estructura. Era un lugar abandonado. Si queremos m\u00e1s servicios tiene que haber m\u00e1s trabajadores\u201d, apunt\u00f3.<\/p>\n<p>&nbsp;<\/p>\n<p>En cuanto a la <strong>seguridad<\/strong>, Kicillof resalt\u00f3 que \u201ccon la adquisici\u00f3n de camionetas patrulleras, motos y embarcaciones, se logr\u00f3 incrementar la cantidad de kil\u00f3metros recorridos en un 45% y se patrulla el 66% del territorio urbano, con un incremento de 152% en relaci\u00f3n a la gesti\u00f3n anterior, donde solo se patrullaba el 25% del territorio provincial\u201d.<\/p>\n<p>&nbsp;<\/p>\n<p>Adem\u00e1s, destac\u00f3 los avances en la <strong>construcci\u00f3n de plazas carcelarias<\/strong> al sostener que se est\u00e1 llevando adelante \u201cel Plan de Infraestructura Penitenciaria m\u00e1s grande de la historia\u201d y sostuvo que se est\u00e1 reduciendo \u201ccasi a la mitad\u201d la tasa de reincidencia.<\/p>\n<p>&nbsp;<\/p>\n<p>Por otro lado, al hablar de <strong>turismo<\/strong>, destac\u00f3 que en toda la provincia se superaron los 16 millones de visitantes en la \u00faltima temporada de verano. \u201cFue un 29% mayor que en la temporada 2019\u201d, asegur\u00f3. Y asegur\u00f3 que \u201cla temporada r\u00e9cord fue al alcance de todos los bolsillos\u201d.<\/p>\n<p>&nbsp;<\/p>\n<p>Tambi\u00e9n habl\u00f3 de los viajes de fin de curso gratis y destac\u00f3 que la provincia de<strong> Buenos Aires se convirti\u00f3 con estos \u201cen el principal destino estudiantil\u201d del pa\u00eds<\/strong>. Adem\u00e1s, cont\u00f3 que los empresarios del sector \u201cpidieron que se hiciera de nuevo\u201d.<\/p>\n<p>&nbsp;<\/p>\n<p>De la Asamblea, participan funcionarios bonaerenses, intendentes, los integrantes de la Suprema Corte provincial, legisladores nacionales, dirigentes gremiales y el arzobispo de La Plata, V\u00edctor Manuel Fern\u00e1ndez.<\/p>\n<p>&nbsp;<\/p>\n<p><img data-recalc-dims=\"1\" loading=\"lazy\" decoding=\"async\" class=\"size-full wp-image-78768 aligncenter\" src=\"https:\/\/i0.wp.com\/cdnoticias.com\/wp-content\/uploads\/2023\/03\/legislatura-apertura-de-sesiones-2023-C.jpg?resize=800%2C445&#038;ssl=1\" alt=\"\" width=\"800\" height=\"445\" srcset=\"https:\/\/i0.wp.com\/cdnoticias.com\/wp-content\/uploads\/2023\/03\/legislatura-apertura-de-sesiones-2023-C.jpg?w=800&amp;ssl=1 800w, https:\/\/i0.wp.com\/cdnoticias.com\/wp-content\/uploads\/2023\/03\/legislatura-apertura-de-sesiones-2023-C.jpg?resize=300%2C167&amp;ssl=1 300w, https:\/\/i0.wp.com\/cdnoticias.com\/wp-content\/uploads\/2023\/03\/legislatura-apertura-de-sesiones-2023-C.jpg?resize=768%2C427&amp;ssl=1 768w\" sizes=\"auto, (max-width: 800px) 100vw, 800px\" \/><\/p>\n<p>&nbsp;<\/p>\n<p><span style=\"text-decoration: underline;\"><strong>Diez frases clave<\/strong><\/span><\/p>\n<p>&nbsp;<\/p>\n<ul>\n<li>Reelecci\u00f3n<\/li>\n<\/ul>\n<p>&nbsp;<\/p>\n<blockquote><p>\u201cHoy es mi \u00faltima apertura de sesiones o en todo caso la \u00faltima de esta primera etapa\u201d.<\/p><\/blockquote>\n<p>&nbsp;<\/p>\n<ul>\n<li>Proscripci\u00f3n<\/li>\n<\/ul>\n<p>&nbsp;<\/p>\n<blockquote><p>\u201cA la atrocidad del intento de asesinato se agrega la actual situaci\u00f3n de proscripci\u00f3n sobre la vicepresidenta, cuya persecuci\u00f3n suma un nuevo episodio a la larga historia de persecuciones al peronismo\u201d.<\/p><\/blockquote>\n<p>&nbsp;<\/p>\n<ul>\n<li>Democracia<\/li>\n<\/ul>\n<p>&nbsp;<\/p>\n<blockquote><p>\u201cLos problemas de la democracia se resuelven con m\u00e1s democracia, siempre\u201d.<\/p><\/blockquote>\n<p>&nbsp;<\/p>\n<p>&nbsp;<\/p>\n<p><img data-recalc-dims=\"1\" loading=\"lazy\" decoding=\"async\" class=\"size-full wp-image-78763 aligncenter\" src=\"https:\/\/i0.wp.com\/cdnoticias.com\/wp-content\/uploads\/2023\/03\/axel-kicillof-1.jpg?resize=800%2C533&#038;ssl=1\" alt=\"\" width=\"800\" height=\"533\" srcset=\"https:\/\/i0.wp.com\/cdnoticias.com\/wp-content\/uploads\/2023\/03\/axel-kicillof-1.jpg?w=800&amp;ssl=1 800w, https:\/\/i0.wp.com\/cdnoticias.com\/wp-content\/uploads\/2023\/03\/axel-kicillof-1.jpg?resize=300%2C200&amp;ssl=1 300w, https:\/\/i0.wp.com\/cdnoticias.com\/wp-content\/uploads\/2023\/03\/axel-kicillof-1.jpg?resize=768%2C512&amp;ssl=1 768w, https:\/\/i0.wp.com\/cdnoticias.com\/wp-content\/uploads\/2023\/03\/axel-kicillof-1.jpg?resize=272%2C182&amp;ssl=1 272w\" sizes=\"auto, (max-width: 800px) 100vw, 800px\" \/><\/p>\n<p>&nbsp;<\/p>\n<ul>\n<li>Peronismo<\/li>\n<\/ul>\n<p>&nbsp;<\/p>\n<blockquote><p>\u201cEl dilema de este a\u00f1o ser\u00e1 entre la derecha y los derechos. El peronismo siempre defendi\u00f3 el derecho al futuro\u201d.<\/p><\/blockquote>\n<p>&nbsp;<\/p>\n<ul>\n<li>Divisi\u00f3n<\/li>\n<\/ul>\n<p>&nbsp;<\/p>\n<blockquote><p>\u201cLa provincia tiene una identidad. Olv\u00eddense, no la van a dividir nunca\u201d.<\/p><\/blockquote>\n<p>&nbsp;<\/p>\n<ul>\n<li>Autonom\u00eda<\/li>\n<\/ul>\n<p>&nbsp;<\/p>\n<blockquote><p>\u201cEs importante iniciar una discusi\u00f3n seria sobre la autonom\u00eda de los municipios\u201d.<\/p><\/blockquote>\n<p>&nbsp;<\/p>\n<ul>\n<li>Herencia<\/li>\n<\/ul>\n<p>&nbsp;<\/p>\n<blockquote><p>\u201cEs indudable que adem\u00e1s el punto de partida era grave. La situaci\u00f3n econ\u00f3mica era muy fr\u00e1gil, la provincia estaba profundamente endeudada, las obras paradas, las PyMEs cerraban, la producci\u00f3n ca\u00eda y el Estado provincial estaba abandonado\u201d.<\/p><\/blockquote>\n<p>&nbsp;<\/p>\n<ul>\n<li>Reparto<\/li>\n<\/ul>\n<p>&nbsp;<\/p>\n<blockquote><p>\u201cEs necesario mayor justicia social y mejores ingresos para todos y para todas\u201d.<\/p><\/blockquote>\n<p>&nbsp;<\/p>\n<p><img data-recalc-dims=\"1\" loading=\"lazy\" decoding=\"async\" class=\"size-full wp-image-78762 aligncenter\" src=\"https:\/\/i0.wp.com\/cdnoticias.com\/wp-content\/uploads\/2023\/03\/axel-kicillof-0.jpg?resize=800%2C445&#038;ssl=1\" alt=\"\" width=\"800\" height=\"445\" srcset=\"https:\/\/i0.wp.com\/cdnoticias.com\/wp-content\/uploads\/2023\/03\/axel-kicillof-0.jpg?w=800&amp;ssl=1 800w, https:\/\/i0.wp.com\/cdnoticias.com\/wp-content\/uploads\/2023\/03\/axel-kicillof-0.jpg?resize=300%2C167&amp;ssl=1 300w, https:\/\/i0.wp.com\/cdnoticias.com\/wp-content\/uploads\/2023\/03\/axel-kicillof-0.jpg?resize=768%2C427&amp;ssl=1 768w\" sizes=\"auto, (max-width: 800px) 100vw, 800px\" \/><\/p>\n<p>&nbsp;<\/p>\n<ul>\n<li>Coparticipaci\u00f3n<\/li>\n<\/ul>\n<p>&nbsp;<\/p>\n<blockquote><p>\u201cSe suele decir que en la Provincia faltan escuelas, falta asfalto, faltan hospitales, faltan autopistas y trenes. Lo que sin duda falta en la Provincia son buena parte de los recursos que produce y aporta al sistema de coparticipaci\u00f3n\u201d.<\/p><\/blockquote>\n<p>&nbsp;<\/p>\n<ul>\n<li>Provincia productiva<\/li>\n<\/ul>\n<p>&nbsp;<\/p>\n<blockquote><p>\u201cLa provincia de Buenos Aires es la provincia productiva por excelencia. Es el coraz\u00f3n productivo del pa\u00eds\u201d.<\/p><\/blockquote>\n<p>&nbsp;<\/p>\n<p>Fuente: <em>Agencia DIB<\/em><\/p>\n<p>&nbsp;<\/p>\n","protected":false},"excerpt":{"rendered":"<p>El mandatario bonaerense encabez\u00f3 este lunes la apertura del 151\u00b0 per\u00edodo de sesiones ordinarias de la Legislatura. Dijo que esta<\/p>\n","protected":false},"author":4,"featured_media":78761,"comment_status":"closed","ping_status":"closed","sticky":false,"template":"","format":"standard","meta":{"_jetpack_memberships_contains_paid_content":false,"footnotes":""},"categories":[6,1],"tags":[],"class_list":["post-78760","post","type-post","status-publish","format-standard","has-post-thumbnail","hentry","category-nacionales","category-portada"],"jetpack_featured_media_url":"https:\/\/i0.wp.com\/cdnoticias.com\/wp-content\/uploads\/2023\/03\/axel-kicillof-apertura-de-sesiones-2023-A.jpg?fit=800%2C445&ssl=1","jetpack_sharing_enabled":true,"_links":{"self":[{"href":"https:\/\/cdnoticias.com\/index.php\/wp-json\/wp\/v2\/posts\/78760","targetHints":{"allow":["GET"]}}],"collection":[{"href":"https:\/\/cdnoticias.com\/index.php\/wp-json\/wp\/v2\/posts"}],"about":[{"href":"https:\/\/cdnoticias.com\/index.php\/wp-json\/wp\/v2\/types\/post"}],"author":[{"embeddable":true,"href":"https:\/\/cdnoticias.com\/index.php\/wp-json\/wp\/v2\/users\/4"}],"replies":[{"embeddable":true,"href":"https:\/\/cdnoticias.com\/index.php\/wp-json\/wp\/v2\/comments?post=78760"}],"version-history":[{"count":0,"href":"https:\/\/cdnoticias.com\/index.php\/wp-json\/wp\/v2\/posts\/78760\/revisions"}],"wp:featuredmedia":[{"embeddable":true,"href":"https:\/\/cdnoticias.com\/index.php\/wp-json\/wp\/v2\/media\/78761"}],"wp:attachment":[{"href":"https:\/\/cdnoticias.com\/index.php\/wp-json\/wp\/v2\/media?parent=78760"}],"wp:term":[{"taxonomy":"category","embeddable":true,"href":"https:\/\/cdnoticias.com\/index.php\/wp-json\/wp\/v2\/categories?post=78760"},{"taxonomy":"post_tag","embeddable":true,"href":"https:\/\/cdnoticias.com\/index.php\/wp-json\/wp\/v2\/tags?post=78760"}],"curies":[{"name":"wp","href":"https:\/\/api.w.org\/{rel}","templated":true}]}}