{"id":7876,"date":"2020-12-01T09:25:52","date_gmt":"2020-12-01T12:25:52","guid":{"rendered":"http:\/\/www.centraldenoticias.com.ar\/?p=7876"},"modified":"2020-12-01T09:25:52","modified_gmt":"2020-12-01T12:25:52","slug":"paritaria-nacional-docente-acuerdan-un-salario-minimo-de-27-500","status":"publish","type":"post","link":"https:\/\/cdnoticias.com\/index.php\/2020\/12\/01\/paritaria-nacional-docente-acuerdan-un-salario-minimo-de-27-500\/","title":{"rendered":"Paritaria nacional docente: acuerdan un salario m\u00ednimo de $ 27.500"},"content":{"rendered":"<p>As\u00ed lo dispuso el Gobierno nacional tras llegar a un acuerdo con los cinco sindicatos de alcance federal. Regir\u00e1 desde este martes en todo el pa\u00eds.<!--more--><\/p>\n<hr \/>\n<p>El gobierno nacional acord\u00f3,<strong> en la jornada del lunes, un \u201cpiso\u201d de salario m\u00ednimo de $ 27.500 para los docentes a nivel nacional.<\/strong> Regir\u00e1 desde este martes en todo el pa\u00eds.<\/p>\n<p>&nbsp;<\/p>\n<p><strong>La mejora salarial represent\u00f3 este a\u00f1o un 33,46% para el cargo docente de grado<\/strong>, con jornada simple de 4 horas y sin antig\u00fcedad.<em> \u201cTambi\u00e9n se acord\u00f3 el pago de una suma extraordinaria de 4.840 pesos para quienes perciben el Fonid en cuatro cuotas mensuales de $1.210, que ser\u00e1n abonadas en diciembre, enero, febrero y marzo\u201d<\/em>, conto Trotta.<\/p>\n<p>&nbsp;<\/p>\n<blockquote><p>En el marco del encuentro virtual entre las partes, el ministro de Educaci\u00f3n llam\u00f3 a \u201ccuidar estas instancias de negociaci\u00f3n y concertaci\u00f3n entre el Estado y los trabajadores\u201d y agradeci\u00f3 a los gremios \u201ceste a\u00f1o de di\u00e1logo, con acuerdos y diferencias, para hallar las mejores pol\u00edticas que garanticen el derecho a una educaci\u00f3n transformadora\u201d.<\/p><\/blockquote>\n<p>&nbsp;<\/p>\n<p>Por su parte, Moroni se\u00f1al\u00f3 que <em>\u201cno solo se recuper\u00f3 la negociaci\u00f3n paritaria nacional sino que se mantuvo la paritaria en la totalidad del sector privado\u201d. \u201cLa decisi\u00f3n de mantener estos mecanismos de negociaci\u00f3n fue acertada y, los actores sociales, los manejaron con la responsabilidad del caso\u201d<\/em>, destac\u00f3.<\/p>\n<p>&nbsp;<\/p>\n<p>En la reuni\u00f3n, la Ctera plante\u00f3 <strong><em>\u201cla urgente convocatoria a paritarias provinciales\u201d<\/em> <\/strong>en aquellos distritos \u201c<em>donde todav\u00eda no hubo di\u00e1logo y no han tenido aumento salarial en todo el a\u00f1o\u201d<\/em> como en Neuqu\u00e9n, Jujuy, Mendoza, San Luis, Entre R\u00edos, Tucum\u00e1n y Chubut.<\/p>\n<p>&nbsp;<\/p>\n<p>Asimismo, los gremios se\u00f1alaron su \u201cpreocupaci\u00f3n\u201d por <em>\u201cla escala de la cuarta categor\u00eda del impuesto a las Ganancias\u201d<\/em> y solicitaron la <strong>progresiva incorporaci\u00f3n de sumas no remunerativas a los salarios b\u00e1sicos.<\/strong><\/p>\n<p>&nbsp;<\/p>\n<p>El acuerdo paritario nacional fue confirmado tras una reuni\u00f3n que mantuvieron las organizaciones sindicales con el ministro de Educaci\u00f3n, Nicol\u00e1s Trotta; el titular de Trabajo, Claudio Moroni; y el comit\u00e9 ejecutivo del Consejo Federal de Educaci\u00f3n. Entre los sindicalistas, estuvieron presentes Sonia Alesso, Roberto Baradel, Luis Branchi, Noem\u00ed Tejeda y Juan Monserrat, de Ctera; Juan Aguirre (CEA), Rub\u00e9n Blanco y Ernesto Cepeda, de AMET; y Jorge Kalinger (Sadop), Fabi\u00e1n Felman (CEA) y Sergio Romero (UDA).<\/p>\n","protected":false},"excerpt":{"rendered":"<p>As\u00ed lo dispuso el Gobierno nacional tras llegar a un acuerdo con los cinco sindicatos de alcance federal. Regir\u00e1 desde<\/p>\n","protected":false},"author":2,"featured_media":5419,"comment_status":"closed","ping_status":"closed","sticky":false,"template":"","format":"standard","meta":{"_jetpack_memberships_contains_paid_content":false,"footnotes":""},"categories":[6,1],"tags":[],"class_list":["post-7876","post","type-post","status-publish","format-standard","has-post-thumbnail","hentry","category-nacionales","category-portada"],"jetpack_featured_media_url":"https:\/\/i0.wp.com\/cdnoticias.com\/wp-content\/uploads\/2020\/11\/Trotta.jpg?fit=1057%2C656&ssl=1","jetpack_sharing_enabled":true,"_links":{"self":[{"href":"https:\/\/cdnoticias.com\/index.php\/wp-json\/wp\/v2\/posts\/7876","targetHints":{"allow":["GET"]}}],"collection":[{"href":"https:\/\/cdnoticias.com\/index.php\/wp-json\/wp\/v2\/posts"}],"about":[{"href":"https:\/\/cdnoticias.com\/index.php\/wp-json\/wp\/v2\/types\/post"}],"author":[{"embeddable":true,"href":"https:\/\/cdnoticias.com\/index.php\/wp-json\/wp\/v2\/users\/2"}],"replies":[{"embeddable":true,"href":"https:\/\/cdnoticias.com\/index.php\/wp-json\/wp\/v2\/comments?post=7876"}],"version-history":[{"count":0,"href":"https:\/\/cdnoticias.com\/index.php\/wp-json\/wp\/v2\/posts\/7876\/revisions"}],"wp:featuredmedia":[{"embeddable":true,"href":"https:\/\/cdnoticias.com\/index.php\/wp-json\/wp\/v2\/media\/5419"}],"wp:attachment":[{"href":"https:\/\/cdnoticias.com\/index.php\/wp-json\/wp\/v2\/media?parent=7876"}],"wp:term":[{"taxonomy":"category","embeddable":true,"href":"https:\/\/cdnoticias.com\/index.php\/wp-json\/wp\/v2\/categories?post=7876"},{"taxonomy":"post_tag","embeddable":true,"href":"https:\/\/cdnoticias.com\/index.php\/wp-json\/wp\/v2\/tags?post=7876"}],"curies":[{"name":"wp","href":"https:\/\/api.w.org\/{rel}","templated":true}]}}