{"id":78737,"date":"2023-03-07T09:06:09","date_gmt":"2023-03-07T12:06:09","guid":{"rendered":"https:\/\/www.centraldenoticias.com.ar\/?p=78737"},"modified":"2023-03-07T10:36:52","modified_gmt":"2023-03-07T13:36:52","slug":"violencia-de-genero-un-olavarriense-fue-condenado-por-amenazar-a-su-pareja","status":"publish","type":"post","link":"https:\/\/cdnoticias.com\/index.php\/2023\/03\/07\/violencia-de-genero-un-olavarriense-fue-condenado-por-amenazar-a-su-pareja\/","title":{"rendered":"Violencia de g\u00e9nero: un olavarriense fue condenado por amenazar a su pareja"},"content":{"rendered":"<p>El hecho se dio en Azul en 2019. El acusado, domiciliado en Hinojo, recibi\u00f3 la condena de un a\u00f1o de prisi\u00f3n en suspenso.<\/p>\n<p><!--more--><\/p>\n<hr \/>\n<p><strong>El Juzgado Correccional 1<\/strong> con sede en el Palacio de Justicia de Azul<strong> conden\u00f3 a un olavarriense por \u201camenazas agravadas por el uso de armas\u201d<\/strong>, delito enmarcado en <strong>violencia de g\u00e9nero<\/strong>.<\/p>\n<p>&nbsp;<\/p>\n<p>Tras un juicio abreviado, el juez An\u00edbal \u00c1lvarez estableci\u00f3 la condena de <strong>un a\u00f1o de prisi\u00f3n de ejecuci\u00f3n condicional.<\/strong><\/p>\n<p>&nbsp;<\/p>\n<p>El condenado fue identificado como <strong>Jos\u00e9 Francisco Iturbur\u00faa, un transportista oriundo de Olavarr\u00eda<\/strong> que figura con domicilio en la localidad de Hinojo y tiene actualmente 24 a\u00f1os de edad.<\/p>\n<p>&nbsp;<\/p>\n<p>El juez \u00c1lvarez impuso adem\u00e1s<strong> pautas de conducta al acusado<\/strong> quien con ello debe cumplir diferentes obligaciones por el t\u00e9rmino de dos a\u00f1os para que no le sea revocada la condicionalidad de la pena dictada. Esas pautas implican que el camionero tiene que &#8220;constituir domicilio, someterse al control del Patronato de Liberados&#8221; y &#8220;abstenerse de generar nuevos conflictos con la v\u00edctima&#8221; del hecho que fuera materia de este juicio abreviado: su ex esposa.<\/p>\n<p>&nbsp;<\/p>\n<p>Los hechos juzgados se dieron <strong>en abril de 2019 en Azul<\/strong>. Fue en la v\u00eda p\u00fablica: el olavarriense iba caminando con su por entonces esposa y en Villa Piazza Norte -sobre la calle Constituci\u00f3n entre Bogliano y Mal\u00e9re- la amenaz\u00f3 de muerte. <strong>La v\u00edctima fue intimidada con un cuchillo \u201ctipo de pesca\u201d<\/strong> y de unos treinta cent\u00edmetros de largo aproximadamente. Y con el arma blanca <strong>amenaz\u00f3 con asesinar a la v\u00edctima y a sus padres<\/strong>, al tiempo que le expresaba que estaba \u201cpodrido\u201d de ella.<\/p>\n<p>&nbsp;<\/p>\n<p>La mujer denunci\u00f3 al camionero y se iniciaron las averiguaciones a cargo de la<strong> UFI 1 que tiene al fiscal Marcelo Fern\u00e1ndez como titular<\/strong>. En esa instancia la joven hab\u00eda dado cuenta del contexto de violencia de g\u00e9nero en la que estuvo inmersa su relaci\u00f3n con Iturbur\u00faa.<\/p>\n<p>&nbsp;<\/p>\n<p>Fuente: <em>Diario El Tiempo<\/em><\/p>\n<p>&nbsp;<\/p>\n","protected":false},"excerpt":{"rendered":"<p>El hecho se dio en Azul en 2019. El acusado, domiciliado en Hinojo, recibi\u00f3 la condena de un a\u00f1o de<\/p>\n","protected":false},"author":4,"featured_media":12885,"comment_status":"closed","ping_status":"closed","sticky":false,"template":"","format":"standard","meta":{"_jetpack_memberships_contains_paid_content":false,"footnotes":""},"categories":[14,1],"tags":[],"class_list":["post-78737","post","type-post","status-publish","format-standard","has-post-thumbnail","hentry","category-policiales","category-portada"],"jetpack_featured_media_url":"https:\/\/i0.wp.com\/cdnoticias.com\/wp-content\/uploads\/2021\/02\/tribunales-e1748092128270.jpg?fit=791%2C417&ssl=1","jetpack_sharing_enabled":true,"_links":{"self":[{"href":"https:\/\/cdnoticias.com\/index.php\/wp-json\/wp\/v2\/posts\/78737","targetHints":{"allow":["GET"]}}],"collection":[{"href":"https:\/\/cdnoticias.com\/index.php\/wp-json\/wp\/v2\/posts"}],"about":[{"href":"https:\/\/cdnoticias.com\/index.php\/wp-json\/wp\/v2\/types\/post"}],"author":[{"embeddable":true,"href":"https:\/\/cdnoticias.com\/index.php\/wp-json\/wp\/v2\/users\/4"}],"replies":[{"embeddable":true,"href":"https:\/\/cdnoticias.com\/index.php\/wp-json\/wp\/v2\/comments?post=78737"}],"version-history":[{"count":0,"href":"https:\/\/cdnoticias.com\/index.php\/wp-json\/wp\/v2\/posts\/78737\/revisions"}],"wp:featuredmedia":[{"embeddable":true,"href":"https:\/\/cdnoticias.com\/index.php\/wp-json\/wp\/v2\/media\/12885"}],"wp:attachment":[{"href":"https:\/\/cdnoticias.com\/index.php\/wp-json\/wp\/v2\/media?parent=78737"}],"wp:term":[{"taxonomy":"category","embeddable":true,"href":"https:\/\/cdnoticias.com\/index.php\/wp-json\/wp\/v2\/categories?post=78737"},{"taxonomy":"post_tag","embeddable":true,"href":"https:\/\/cdnoticias.com\/index.php\/wp-json\/wp\/v2\/tags?post=78737"}],"curies":[{"name":"wp","href":"https:\/\/api.w.org\/{rel}","templated":true}]}}