{"id":78674,"date":"2023-03-06T18:02:30","date_gmt":"2023-03-06T21:02:30","guid":{"rendered":"https:\/\/www.centraldenoticias.com.ar\/?p=78674"},"modified":"2023-03-06T18:02:30","modified_gmt":"2023-03-06T21:02:30","slug":"aguilera-lanzo-el-programa-escuela-de-la-piedra-y-la-ceramica-en-sierras-bayas","status":"publish","type":"post","link":"https:\/\/cdnoticias.com\/index.php\/2023\/03\/06\/aguilera-lanzo-el-programa-escuela-de-la-piedra-y-la-ceramica-en-sierras-bayas\/","title":{"rendered":"Aguilera lanz\u00f3 el programa \u201cEscuela de la Piedra y la Cer\u00e1mica\u201d en Sierras Bayas"},"content":{"rendered":"<p>&#8220;Este programa busca recuperar la identidad minero-artesanal de la regi\u00f3n a trav\u00e9s de la ense\u00f1anza de los oficios de picapedrero y ceramista&#8221; se indic\u00f3. <!--more--><\/p>\n<hr \/>\n<p>Este s\u00e1bado 4 de marzo, el subsecretario de Miner\u00eda bonaerens<strong>e, Federico Aguilera,<\/strong> present\u00f3 la<strong><em>&#8220;Escuela de la Piedra y la Cer\u00e1mica\u201d<\/em><\/strong> en la sede de AOMA, en la localidad de <strong>Sierras Bayas. <\/strong><\/p>\n<p>&nbsp;<\/p>\n<p><em><strong>&#8220;Este programa busca recuperar la identidad minero-artesanal de la regi\u00f3n a trav\u00e9s de la ense\u00f1anza de los oficios de picapedrero y ceramista&#8221;<\/strong><\/em> se indic\u00f3.<\/p>\n<p>&nbsp;<\/p>\n<p>&#8220;Con mucha alegr\u00eda en el d\u00eda de ayer hicimos la presentaci\u00f3n del programa Escuela de la Piedra y la Cer\u00e1mica\u201d, expres\u00f3 el titular de la subsecretar\u00eda dependiente del Ministerio de Producci\u00f3n, Ciencia e Innovaci\u00f3n Tecnol\u00f3gica de la provincia de Buenos Aires.<\/p>\n<p>&nbsp;<\/p>\n<p><img data-recalc-dims=\"1\" loading=\"lazy\" decoding=\"async\" class=\"aligncenter wp-image-78677 size-full\" src=\"https:\/\/i0.wp.com\/cdnoticias.com\/wp-content\/uploads\/2023\/03\/WhatsApp-Image-2023-03-05-at-17.07.28.jpeg?resize=800%2C528&#038;ssl=1\" alt=\"\" width=\"800\" height=\"528\" srcset=\"https:\/\/i0.wp.com\/cdnoticias.com\/wp-content\/uploads\/2023\/03\/WhatsApp-Image-2023-03-05-at-17.07.28.jpeg?w=1080&amp;ssl=1 1080w, https:\/\/i0.wp.com\/cdnoticias.com\/wp-content\/uploads\/2023\/03\/WhatsApp-Image-2023-03-05-at-17.07.28.jpeg?resize=300%2C198&amp;ssl=1 300w, https:\/\/i0.wp.com\/cdnoticias.com\/wp-content\/uploads\/2023\/03\/WhatsApp-Image-2023-03-05-at-17.07.28.jpeg?resize=1024%2C676&amp;ssl=1 1024w, https:\/\/i0.wp.com\/cdnoticias.com\/wp-content\/uploads\/2023\/03\/WhatsApp-Image-2023-03-05-at-17.07.28.jpeg?resize=768%2C507&amp;ssl=1 768w\" sizes=\"auto, (max-width: 800px) 100vw, 800px\" \/><\/p>\n<p>&nbsp;<\/p>\n<p>Durante los diferentes talleres se brindar\u00e1n herramientas formativas y asociativas para la generaci\u00f3n de <strong>nuevos trabajadores y trabajadoras locales<\/strong>. Los talleres est\u00e1n destinados a <strong>personas mayores 18 a\u00f1os, sin necesidad de contar con experiencia previa<\/strong>. La inscripci\u00f3n se realizar\u00e1 de manera presencial durante la semana del 6 al 10 de marzo.<\/p>\n<p>&nbsp;<\/p>\n<p>Junto a Aguilera participaron de la presentaci\u00f3n, los docentes Ignacio Cardiello, Mart\u00edn Buccarelli y Mauricio D\u2019Amico que exhibieron una muestra de sus trabajos con talleristas.<\/p>\n<p>&nbsp;<\/p>\n<p><img data-recalc-dims=\"1\" loading=\"lazy\" decoding=\"async\" class=\"aligncenter wp-image-78678 size-full\" src=\"https:\/\/i0.wp.com\/cdnoticias.com\/wp-content\/uploads\/2023\/03\/WhatsApp-Image-2023-03-05-at-17.07.27-1.jpeg?resize=633%2C633&#038;ssl=1\" alt=\"\" width=\"633\" height=\"633\" srcset=\"https:\/\/i0.wp.com\/cdnoticias.com\/wp-content\/uploads\/2023\/03\/WhatsApp-Image-2023-03-05-at-17.07.27-1.jpeg?w=633&amp;ssl=1 633w, https:\/\/i0.wp.com\/cdnoticias.com\/wp-content\/uploads\/2023\/03\/WhatsApp-Image-2023-03-05-at-17.07.27-1.jpeg?resize=300%2C300&amp;ssl=1 300w, https:\/\/i0.wp.com\/cdnoticias.com\/wp-content\/uploads\/2023\/03\/WhatsApp-Image-2023-03-05-at-17.07.27-1.jpeg?resize=150%2C150&amp;ssl=1 150w\" sizes=\"auto, (max-width: 633px) 100vw, 633px\" \/><\/p>\n<p>&nbsp;<\/p>\n<p><strong>Talleres\u00a0<\/strong><\/p>\n<p>&nbsp;<\/p>\n<ul>\n<li>Iniciaci\u00f3n en Taller de Piedra. (Docente: Ignacio Cardiello)<\/li>\n<\/ul>\n<p>&nbsp;<\/p>\n<ul>\n<li>Taller de Tallado y Pulido en Piedra. (Docente: Mart\u00edn Buccarelli)<\/li>\n<\/ul>\n<p>&nbsp;<\/p>\n<ul>\n<li>Taller de Cer\u00e1mica contempor\u00e1nea y Arqueolog\u00eda. (Docente: Mauricio D\u2019Amico)<\/li>\n<\/ul>\n<p>&nbsp;<\/p>\n<p><strong>Inscripci\u00f3n <\/strong>(acercarse con fotocopia de DNI. Se recibir\u00e1n inscripciones hasta completar el cupo de cada taller)<\/p>\n<p>Lunes y martes de 10:00 a 12:00 en sede AOMA de Sierras Bayas (avenida General Jos\u00e9 de San Mart\u00edn 2252)<\/p>\n<p>Mi\u00e9rcoles, jueves y viernes de 10:00 a 12:00 en la delegaci\u00f3n Olavarr\u00eda de la Subsecretar\u00eda de Miner\u00eda &#8211; (Belgrano esquina Independencia) 2do piso. Edificio de IOMA<\/p>\n<p>&nbsp;<\/p>\n<p>&nbsp;<\/p>\n","protected":false},"excerpt":{"rendered":"<p>&#8220;Este programa busca recuperar la identidad minero-artesanal de la regi\u00f3n a trav\u00e9s de la ense\u00f1anza de los oficios de picapedrero<\/p>\n","protected":false},"author":6,"featured_media":78675,"comment_status":"closed","ping_status":"closed","sticky":false,"template":"","format":"standard","meta":{"_jetpack_memberships_contains_paid_content":false,"footnotes":""},"categories":[5,1],"tags":[],"class_list":["post-78674","post","type-post","status-publish","format-standard","has-post-thumbnail","hentry","category-informacion-general","category-portada"],"jetpack_featured_media_url":"https:\/\/i0.wp.com\/cdnoticias.com\/wp-content\/uploads\/2023\/03\/WhatsApp-Image-2023-03-05-at-17.07.27.jpeg?fit=1080%2C652&ssl=1","jetpack_sharing_enabled":true,"_links":{"self":[{"href":"https:\/\/cdnoticias.com\/index.php\/wp-json\/wp\/v2\/posts\/78674","targetHints":{"allow":["GET"]}}],"collection":[{"href":"https:\/\/cdnoticias.com\/index.php\/wp-json\/wp\/v2\/posts"}],"about":[{"href":"https:\/\/cdnoticias.com\/index.php\/wp-json\/wp\/v2\/types\/post"}],"author":[{"embeddable":true,"href":"https:\/\/cdnoticias.com\/index.php\/wp-json\/wp\/v2\/users\/6"}],"replies":[{"embeddable":true,"href":"https:\/\/cdnoticias.com\/index.php\/wp-json\/wp\/v2\/comments?post=78674"}],"version-history":[{"count":0,"href":"https:\/\/cdnoticias.com\/index.php\/wp-json\/wp\/v2\/posts\/78674\/revisions"}],"wp:featuredmedia":[{"embeddable":true,"href":"https:\/\/cdnoticias.com\/index.php\/wp-json\/wp\/v2\/media\/78675"}],"wp:attachment":[{"href":"https:\/\/cdnoticias.com\/index.php\/wp-json\/wp\/v2\/media?parent=78674"}],"wp:term":[{"taxonomy":"category","embeddable":true,"href":"https:\/\/cdnoticias.com\/index.php\/wp-json\/wp\/v2\/categories?post=78674"},{"taxonomy":"post_tag","embeddable":true,"href":"https:\/\/cdnoticias.com\/index.php\/wp-json\/wp\/v2\/tags?post=78674"}],"curies":[{"name":"wp","href":"https:\/\/api.w.org\/{rel}","templated":true}]}}