{"id":78651,"date":"2023-03-07T18:30:56","date_gmt":"2023-03-07T21:30:56","guid":{"rendered":"https:\/\/www.centraldenoticias.com.ar\/?p=78651"},"modified":"2023-03-07T18:30:56","modified_gmt":"2023-03-07T21:30:56","slug":"fulanas-trio-se-presentara-en-la-entrega-de-los-premios-dina-pontoni-y-florentina-gomez-miranda","status":"publish","type":"post","link":"https:\/\/cdnoticias.com\/index.php\/2023\/03\/07\/fulanas-trio-se-presentara-en-la-entrega-de-los-premios-dina-pontoni-y-florentina-gomez-miranda\/","title":{"rendered":"Fulanas Tr\u00edo se presentar\u00e1 en la entrega de los Premios Dina Pontoni y Florentina G\u00f3mez Miranda"},"content":{"rendered":"<p>Es una de las agrupaciones pioneras en el trabajo con voces femeninas, arreglos propios y trabajo percusivo. La presidenta del HCD, Cecilia Krivochen, destac\u00f3 que se recibieron 40 postulaciones.<\/p>\n<p><!--more--><\/p>\n<hr \/>\n<p><strong>Fulanas Tr\u00edo se presentar\u00e1 este viernes 10 de marzo en el acto oficial por el D\u00eda Internacional de la Mujer<\/strong> donde se entregar\u00e1n los Premios Dina Pontoni y Florentina G\u00f3mez Miranda.<\/p>\n<p>&nbsp;<\/p>\n<p>Fulanas Tr\u00edo es una de las agrupaciones pioneras de Argentina en el trabajo con<strong> voces femeninas, arreglos propios y trabajo percusivo<\/strong> y ya han transitado m\u00e1s de dos d\u00e9cadas con la m\u00fasica. <strong>Due\u00f1as de un sonido propio<\/strong>, provenientes de la ciudad de La Plata, fieles a los infinitos repertorios de la m\u00fasica sudamericana de hoy y de siempre. Arreglos propios de voces e instrumentos, tres m\u00fasicas que invitan a acompa\u00f1ar historias de danza, flores, amor, desamor, fiesta, aromas, baile, po\u00e9tica de distintos rincones de Am\u00e9rica.<\/p>\n<p>&nbsp;<\/p>\n<p>Las Fulanas, han recorrido diversos escenarios del pa\u00eds y del exterior, entre los que se destacan el Festival Nacional de Folklore (Cosqu\u00edn, Argentina), Festival FIC (Tunja, Colombia), Semana Bolivariana (Duitama, Colombia), Festival de la Trova Longina (Santa Clara, Cuba), ciclo A guitarra limpia (La Habana, Cuba), Festival del Mono N\u00fa\u00f1ez (Ginebra, Colombia), adem\u00e1s actuaron en Chile representando a Argentina e invitadas por la Fundaci\u00f3n Pablo Neruda.<\/p>\n<p>&nbsp;<\/p>\n<p><img data-recalc-dims=\"1\" loading=\"lazy\" decoding=\"async\" class=\"size-full wp-image-78654 aligncenter\" src=\"https:\/\/i0.wp.com\/cdnoticias.com\/wp-content\/uploads\/2023\/03\/Fulanas-Trio1.jpg?resize=800%2C445&#038;ssl=1\" alt=\"\" width=\"800\" height=\"445\" srcset=\"https:\/\/i0.wp.com\/cdnoticias.com\/wp-content\/uploads\/2023\/03\/Fulanas-Trio1.jpg?w=800&amp;ssl=1 800w, https:\/\/i0.wp.com\/cdnoticias.com\/wp-content\/uploads\/2023\/03\/Fulanas-Trio1.jpg?resize=300%2C167&amp;ssl=1 300w, https:\/\/i0.wp.com\/cdnoticias.com\/wp-content\/uploads\/2023\/03\/Fulanas-Trio1.jpg?resize=768%2C427&amp;ssl=1 768w\" sizes=\"auto, (max-width: 800px) 100vw, 800px\" \/><\/p>\n<p>&nbsp;<\/p>\n<p><strong>Produjeron importantes eventos<\/strong> como el Recital \u201cArgentina-Cuba juntos por el Centro Pablo\u201d recital a beneficio de este Centro Cultural Cubano en el Pasaje Dardo Rocha de La Plata en el que participaron Liliana Herrero, Raly Barrionuevo, Julia Zenco, Luis Gurevich, D\u00fao Karma (Cuba), D\u00fao La Trova, la actuaci\u00f3n homenaje de la obra Lonqu\u00e9n con la gran cantante chilena Francesca Ancarola, entre otros eventos.<\/p>\n<p>&nbsp;<\/p>\n<p>En la actualidad, Fulanas Tr\u00edo, est\u00e1 formado por <strong>Silvina Ca\u00f1oni (percusi\u00f3n, mel\u00f3dica, verdulera, guitarra, bajo ac\u00fastico, voz), Cecilia Picaroni (guitarra, charango, percusi\u00f3n, tiple, voz), Rosario Palma (piano, acorde\u00f3n, percusi\u00f3n, voz)<\/strong>.<\/p>\n<p>&nbsp;<\/p>\n<p>Editaron <strong>cuatro discos<\/strong>: \u201cA desenmara\u00f1ar\u201d (2004), \u201cAz\u00facar de ca\u00f1a\u201d (2008), \u201cZanja al mar\u201d (2015) y el reciente \u201cAl filo del cumbi\u00f3n\u201d (2022).<\/p>\n<p>&nbsp;<\/p>\n<p><strong>Entrega de los Premios<\/strong><\/p>\n<p>&nbsp;<\/p>\n<p>Este viernes se entregar\u00e1n los <strong>reconocimientos a mujeres de Olavarr\u00eda por su Compromiso en el a\u00f1o 2022<\/strong> en distintos \u00e1mbitos sociales y comunitarios.\u00a0Los reconocimientos est\u00e1n contemplados en las Ordenanzas 4560\/20 y 4561\/20 y el acto es organizado por el Honorable Concejo Deliberante.<\/p>\n<p>&nbsp;<\/p>\n<p>Adem\u00e1s, durante el Acto Oficial se dar\u00e1 a conocer el <strong>proyecto colectivo de trabajo ganador del Premio Florentina G\u00f3mez Miranda<\/strong>.<\/p>\n<p>&nbsp;<\/p>\n<p><img data-recalc-dims=\"1\" loading=\"lazy\" decoding=\"async\" class=\"size-full wp-image-76034 aligncenter\" src=\"https:\/\/i0.wp.com\/cdnoticias.com\/wp-content\/uploads\/2023\/02\/HCD-dina-pontoni-1.jpg?resize=800%2C445&#038;ssl=1\" alt=\"\" width=\"800\" height=\"445\" srcset=\"https:\/\/i0.wp.com\/cdnoticias.com\/wp-content\/uploads\/2023\/02\/HCD-dina-pontoni-1.jpg?w=800&amp;ssl=1 800w, https:\/\/i0.wp.com\/cdnoticias.com\/wp-content\/uploads\/2023\/02\/HCD-dina-pontoni-1.jpg?resize=300%2C167&amp;ssl=1 300w, https:\/\/i0.wp.com\/cdnoticias.com\/wp-content\/uploads\/2023\/02\/HCD-dina-pontoni-1.jpg?resize=768%2C427&amp;ssl=1 768w\" sizes=\"auto, (max-width: 800px) 100vw, 800px\" \/><\/p>\n<p>&nbsp;<\/p>\n<p>En cuanto a los premios Dina Pontoni, se destacar\u00e1 a las siguientes mujeres:<\/p>\n<p>&nbsp;<\/p>\n<ul>\n<li>Compromiso con el Desarrollo socio comunitario: <strong>Norma Schwindt<\/strong>.<\/li>\n<li>Compromiso con el Arte y la Cultura: <strong>Ana Mar\u00eda Paladini<\/strong>.<\/li>\n<li>Compromiso con la Educaci\u00f3n, la Ciencia y la Tecnolog\u00eda: <strong>Alicia Yolanda Pucciarelli<\/strong>.<\/li>\n<li>Compromiso con el Derecho a la Informaci\u00f3n y Comunicaci\u00f3n: <strong>Yesica Guevara<\/strong>.<\/li>\n<li>Compromiso con el Deporte: <strong>Natalia Berho<\/strong>.<\/li>\n<li>Compromiso con el Campo y la vida rural: <strong>Luciana Giselle Pedernera<\/strong>.<\/li>\n<li>Compromiso con la Salud: <strong>Mirta Elizabeth Siris<\/strong>.<\/li>\n<li>Compromiso con la lucha por la Igualdad y Equidad de G\u00e9nero: <strong>Guadalupe Barraza<\/strong>.<\/li>\n<li>Compromiso con los Derechos Humanos: <strong>Daniela Rosana Di Matteo<\/strong>.<\/li>\n<li>Compromiso con el Medio Ambiente: <strong>Casandra Leissarrague<\/strong>.<\/li>\n<\/ul>\n<p>&nbsp;<\/p>\n<blockquote><p>La presidenta del Concejo Deliberante, concejal Cecilia Krivochen record\u00f3 \u201ceste a\u00f1o fue muy dif\u00edcil la elecci\u00f3n de los reconocimientos por la gran convocatoria y respuesta que tuvimos de la comunidad. Duplicando la cantidad de postulantes del a\u00f1o pasado, este a\u00f1o recibimos 40 postulaciones, 40 historias de mujeres olavarrienses que trascienden en distintos \u00e1mbitos por su trabajo muchas veces silencioso\u201d.<\/p><\/blockquote>\n<p>&nbsp;<\/p>\n<p>Cecilia Krivochen, explic\u00f3: <strong>\u201centre las diez mujeres destacadas por su compromiso se elegir\u00e1 a la ganadora del Premio Dina Pontoni<\/strong> que recibir\u00e1 un reconocimiento econ\u00f3mico de 160 mil pesos. Durante el acto oficial tambi\u00e9n se conocer\u00e1 el proyecto colectivo que<strong> recibir\u00e1 el premio Florentina G\u00f3mez Miranda<\/strong> al que se le entregar\u00e1n un est\u00edmulo econ\u00f3mico de 160 mil pesos\u201d.<\/p>\n<p>&nbsp;<\/p>\n<p>Por su parte, <strong>la concejala In\u00e9s Creimer<\/strong> sostuvo: \u201cun a\u00f1o m\u00e1s nos gratifica recibir las postulaciones de manos de quienes no solo conocen profundamente la labor de tan importantes mujeres de nuestra comunidad, sino que tambi\u00e9n han tenido la sensibilidad de reconocer y valorar sus vidas y trayectorias\u201d.<\/p>\n<p>&nbsp;<\/p>\n","protected":false},"excerpt":{"rendered":"<p>Es una de las agrupaciones pioneras en el trabajo con voces femeninas, arreglos propios y trabajo percusivo. La presidenta del<\/p>\n","protected":false},"author":4,"featured_media":78653,"comment_status":"closed","ping_status":"closed","sticky":false,"template":"","format":"standard","meta":{"_jetpack_memberships_contains_paid_content":false,"footnotes":""},"categories":[3,1],"tags":[],"class_list":["post-78651","post","type-post","status-publish","format-standard","has-post-thumbnail","hentry","category-genero","category-portada"],"jetpack_featured_media_url":"https:\/\/i0.wp.com\/cdnoticias.com\/wp-content\/uploads\/2023\/03\/Fulanas-Trio-.jpg?fit=800%2C446&ssl=1","jetpack_sharing_enabled":true,"_links":{"self":[{"href":"https:\/\/cdnoticias.com\/index.php\/wp-json\/wp\/v2\/posts\/78651","targetHints":{"allow":["GET"]}}],"collection":[{"href":"https:\/\/cdnoticias.com\/index.php\/wp-json\/wp\/v2\/posts"}],"about":[{"href":"https:\/\/cdnoticias.com\/index.php\/wp-json\/wp\/v2\/types\/post"}],"author":[{"embeddable":true,"href":"https:\/\/cdnoticias.com\/index.php\/wp-json\/wp\/v2\/users\/4"}],"replies":[{"embeddable":true,"href":"https:\/\/cdnoticias.com\/index.php\/wp-json\/wp\/v2\/comments?post=78651"}],"version-history":[{"count":0,"href":"https:\/\/cdnoticias.com\/index.php\/wp-json\/wp\/v2\/posts\/78651\/revisions"}],"wp:featuredmedia":[{"embeddable":true,"href":"https:\/\/cdnoticias.com\/index.php\/wp-json\/wp\/v2\/media\/78653"}],"wp:attachment":[{"href":"https:\/\/cdnoticias.com\/index.php\/wp-json\/wp\/v2\/media?parent=78651"}],"wp:term":[{"taxonomy":"category","embeddable":true,"href":"https:\/\/cdnoticias.com\/index.php\/wp-json\/wp\/v2\/categories?post=78651"},{"taxonomy":"post_tag","embeddable":true,"href":"https:\/\/cdnoticias.com\/index.php\/wp-json\/wp\/v2\/tags?post=78651"}],"curies":[{"name":"wp","href":"https:\/\/api.w.org\/{rel}","templated":true}]}}