{"id":78637,"date":"2023-03-06T11:14:03","date_gmt":"2023-03-06T14:14:03","guid":{"rendered":"https:\/\/www.centraldenoticias.com.ar\/?p=78637"},"modified":"2023-03-07T09:07:16","modified_gmt":"2023-03-07T12:07:16","slug":"son-intendentes-que-nunca-se-preocuparon-por-la-situacion-de-ioma-en-sus-municipios","status":"publish","type":"post","link":"https:\/\/cdnoticias.com\/index.php\/2023\/03\/06\/son-intendentes-que-nunca-se-preocuparon-por-la-situacion-de-ioma-en-sus-municipios\/","title":{"rendered":"\u201cSon Intendentes que nunca se preocuparon por la situaci\u00f3n de IOMA en sus municipios\u201d"},"content":{"rendered":"<p>El presidente del IOMA, Homero Giles, cuestion\u00f3 la medida del intendente Passaglia de desvincular a los trabajadores municipales de la obra social. Adem\u00e1s, mostr\u00f3 preocupaci\u00f3n ante las expresiones de intendentes de Olavarr\u00eda, Pergamino y Jun\u00edn. Habl\u00f3 de una medida \u201corquestada y sincronizada\u201d.<!--more--><\/p>\n<hr \/>\n<p>El presidente del IOMA, Homero Giles, habl\u00f3 este lunes por la ma\u00f1ana con el programa <em>La Mecha por Radio Provincia<\/em> y mostr\u00f3<strong> \u201cpreocupaci\u00f3n\u201d ante la decisi\u00f3n comunicada por el intendente San Nicol\u00e1s, Manuel Passaglia<\/strong>, quien anunci\u00f3 que a partir de abril los trabajadores municipales dejar\u00e1n de contar con esa obra social.<\/p>\n<p>&nbsp;<\/p>\n<p>&#8220;El intendente en su Twitter public\u00f3 que habl\u00f3 varias veces con Axel y el IOMA y eso no es cierto. <strong>Desde el inicio de mi gesti\u00f3n nunca tuve contacto con \u00e9l ni con nadie de su gabinete.<\/strong> Si le preocupaba alguna situaci\u00f3n nunca nos lo hizo saber&#8221;, indic\u00f3 Giles.<\/p>\n<p>&nbsp;<\/p>\n<p>En tanto, inform\u00f3 que <strong>la medida afecta a 1400 personas<\/strong> que en &#8220;algunas semanas se quedan sin cobertura de salud. Hay gente muy angustiada, tenemos llamados de muchos afiliados y <strong>hay varios que tienen problemas oncol\u00f3gicos y a las cuales se le aprobaron tratamientos car\u00edsimos o tienen programadas cirug\u00edas en el mes de abri<\/strong>l&#8221;.<\/p>\n<p>&nbsp;<\/p>\n<blockquote><p>En la misma l\u00ednea, remarc\u00f3 que el anuncio se comunic\u00f3 de forma &#8220;intempestiva&#8221; y sin posibilidad de &#8220;di\u00e1logo&#8221;. Y agreg\u00f3 que &#8220;se inform\u00f3 por un Twitter. Parece un show&#8221;.<\/p><\/blockquote>\n<p>&nbsp;<\/p>\n<p><img data-recalc-dims=\"1\" loading=\"lazy\" decoding=\"async\" class=\"aligncenter size-full wp-image-78520\" src=\"https:\/\/i0.wp.com\/cdnoticias.com\/wp-content\/uploads\/2023\/03\/santilli-galli-1-scaled.jpg?resize=800%2C445&#038;ssl=1\" alt=\"\" width=\"800\" height=\"445\" srcset=\"https:\/\/i0.wp.com\/cdnoticias.com\/wp-content\/uploads\/2023\/03\/santilli-galli-1-scaled.jpg?w=2560&amp;ssl=1 2560w, https:\/\/i0.wp.com\/cdnoticias.com\/wp-content\/uploads\/2023\/03\/santilli-galli-1-scaled.jpg?resize=300%2C167&amp;ssl=1 300w, https:\/\/i0.wp.com\/cdnoticias.com\/wp-content\/uploads\/2023\/03\/santilli-galli-1-scaled.jpg?resize=1024%2C570&amp;ssl=1 1024w, https:\/\/i0.wp.com\/cdnoticias.com\/wp-content\/uploads\/2023\/03\/santilli-galli-1-scaled.jpg?resize=768%2C427&amp;ssl=1 768w, https:\/\/i0.wp.com\/cdnoticias.com\/wp-content\/uploads\/2023\/03\/santilli-galli-1-scaled.jpg?resize=1536%2C854&amp;ssl=1 1536w, https:\/\/i0.wp.com\/cdnoticias.com\/wp-content\/uploads\/2023\/03\/santilli-galli-1-scaled.jpg?resize=2048%2C1139&amp;ssl=1 2048w, https:\/\/i0.wp.com\/cdnoticias.com\/wp-content\/uploads\/2023\/03\/santilli-galli-1-scaled.jpg?resize=800%2C445&amp;ssl=1 800w, https:\/\/i0.wp.com\/cdnoticias.com\/wp-content\/uploads\/2023\/03\/santilli-galli-1-scaled.jpg?w=1600&amp;ssl=1 1600w, https:\/\/i0.wp.com\/cdnoticias.com\/wp-content\/uploads\/2023\/03\/santilli-galli-1-scaled.jpg?w=2400&amp;ssl=1 2400w\" sizes=\"auto, (max-width: 800px) 100vw, 800px\" \/><\/p>\n<p>&nbsp;<\/p>\n<p>Por otra parte, hizo referencia a los dichos de <strong>los Intendentes de Olavarr\u00eda, Pergamino y Jun\u00edn, que celebraron la medida de Passaglia e indicaron que eval\u00faan tomar una decisi\u00f3n similar.<\/strong><\/p>\n<p>&nbsp;<\/p>\n<p>En lo concreto, el intendente<a href=\"https:\/\/cdnoticias.com\/index.php\/2023\/03\/05\/galli-nos-preocupa-muchisimo-la-falta-de-respuestas-del-ioma\/\" target=\"_blank\" rel=\"noopener\"> Ezequiel Galli<\/a> afirm\u00f3 que \u201chace tiempo que lo venimos hablando, estamos trabajando en ese tema. Nos preocupa much\u00edsimo la falta de respuestas del IOMA, a los empleados municipales en particular\u201d.<\/p>\n<p>&nbsp;<\/p>\n<blockquote><p>En ese sentido, el titular del IOMA asegur\u00f3 que \u201ces algo muy sincronizado que tiene a Macri detr\u00e1s haciendo una felicitaci\u00f3n por Twitter. Y hablamos de Intendentes que nunca se preocuparon por la situaci\u00f3n de IOMA en sus municipios. Nunca se han comunicado con nosotros. \u00bfC\u00f3mo demostr\u00e1s tu preocupaci\u00f3n si nunca te comunic\u00e1s?&#8221;.<\/p><\/blockquote>\n<p>&nbsp;<\/p>\n<p><img data-recalc-dims=\"1\" loading=\"lazy\" decoding=\"async\" class=\"aligncenter size-full wp-image-12511\" src=\"https:\/\/i0.wp.com\/cdnoticias.com\/wp-content\/uploads\/2021\/01\/ioma800x445c.jpg?resize=800%2C445&#038;ssl=1\" alt=\"\" width=\"800\" height=\"445\" srcset=\"https:\/\/i0.wp.com\/cdnoticias.com\/wp-content\/uploads\/2021\/01\/ioma800x445c.jpg?w=800&amp;ssl=1 800w, https:\/\/i0.wp.com\/cdnoticias.com\/wp-content\/uploads\/2021\/01\/ioma800x445c.jpg?resize=300%2C167&amp;ssl=1 300w, https:\/\/i0.wp.com\/cdnoticias.com\/wp-content\/uploads\/2021\/01\/ioma800x445c.jpg?resize=768%2C427&amp;ssl=1 768w\" sizes=\"auto, (max-width: 800px) 100vw, 800px\" \/><\/p>\n<p>&nbsp;<\/p>\n<p>Homero Giles precis\u00f3 que &#8220;<strong>es una medida muy sincronizada y orquestada que tiene otra finalidad, sin pensar en los afiliados.<\/strong> Pedimos al municipio que nos mande el comunicado de la medida, pero no tuvimos respuesta&#8221;.<\/p>\n<p>&nbsp;<\/p>\n<p>En relaci\u00f3n a ello, resalt\u00f3 que &#8220;hay un Twitter solamente con un comentario como &#8216;tenemos que terminar con las mafias y las corporaciones del Estado&#8217;. <strong>No s\u00e9 de qu\u00e9 hablan cuando ellos en la gesti\u00f3n de Mar\u00eda Eugenia Vidal gestionaron la obra social<\/strong>&#8220;.<\/p>\n<p>&nbsp;<\/p>\n<p>&#8220;Lo \u00fanico que dice Pasaglia es que tomaron esta medida porque los afiliados no pueden elegir a los m\u00e9dicos porque cobran malos honorarios y fuera de tiempo. Pero si se hubiera comunicado conmigo sabr\u00eda que somos la \u00fanica obra social que paga a 30 d\u00edas. Los honorarios los aumentamos en un 45%. <strong>Y los valores de la consulta est\u00e1n bajos porque en la gesti\u00f3n de Vidal se devaluaron casi un 40%. Dejaron destruido al IOMA y con una gran deuda<\/strong>&#8220;, explic\u00f3.<\/p>\n<p>&nbsp;<\/p>\n<p>Por \u00faltimo, reconoci\u00f3 que <strong>&#8220;podr\u00edamos haber hablado, estamos en campa\u00f1a, pero no puede ser un vale todo&#8221;.<\/strong><\/p>\n<p>&nbsp;<\/p>\n<blockquote class=\"wp-embedded-content\" data-secret=\"UPmzOcCDIr\"><p><a href=\"https:\/\/cdnoticias.com\/index.php\/2023\/03\/05\/galli-nos-preocupa-muchisimo-la-falta-de-respuestas-del-ioma\/\">Galli: \u201cNos preocupa much\u00edsimo la falta de respuestas del IOMA\u201d<\/a><\/p><\/blockquote>\n<p><iframe loading=\"lazy\" class=\"wp-embedded-content\" sandbox=\"allow-scripts\" security=\"restricted\" style=\"position: absolute; clip: rect(1px, 1px, 1px, 1px);\" title=\"&#8220;Galli: \u201cNos preocupa much\u00edsimo la falta de respuestas del IOMA\u201d&#8221; &#8212; Central de Noticias | Olavarr\u00eda\" src=\"https:\/\/cdnoticias.com\/index.php\/2023\/03\/05\/galli-nos-preocupa-muchisimo-la-falta-de-respuestas-del-ioma\/embed\/#?secret=GTKc8zXn68#?secret=UPmzOcCDIr\" data-secret=\"UPmzOcCDIr\" width=\"600\" height=\"338\" frameborder=\"0\" marginwidth=\"0\" marginheight=\"0\" scrolling=\"no\"><\/iframe><\/p>\n","protected":false},"excerpt":{"rendered":"<p>El presidente del IOMA, Homero Giles, cuestion\u00f3 la medida del intendente Passaglia de desvincular a los trabajadores municipales de la<\/p>\n","protected":false},"author":5,"featured_media":78638,"comment_status":"closed","ping_status":"closed","sticky":false,"template":"","format":"standard","meta":{"_jetpack_memberships_contains_paid_content":false,"footnotes":""},"categories":[5,1],"tags":[],"class_list":["post-78637","post","type-post","status-publish","format-standard","has-post-thumbnail","hentry","category-informacion-general","category-portada"],"jetpack_featured_media_url":"https:\/\/i0.wp.com\/cdnoticias.com\/wp-content\/uploads\/2023\/03\/homero-giles-ioma.jpg?fit=679%2C378&ssl=1","jetpack_sharing_enabled":true,"_links":{"self":[{"href":"https:\/\/cdnoticias.com\/index.php\/wp-json\/wp\/v2\/posts\/78637","targetHints":{"allow":["GET"]}}],"collection":[{"href":"https:\/\/cdnoticias.com\/index.php\/wp-json\/wp\/v2\/posts"}],"about":[{"href":"https:\/\/cdnoticias.com\/index.php\/wp-json\/wp\/v2\/types\/post"}],"author":[{"embeddable":true,"href":"https:\/\/cdnoticias.com\/index.php\/wp-json\/wp\/v2\/users\/5"}],"replies":[{"embeddable":true,"href":"https:\/\/cdnoticias.com\/index.php\/wp-json\/wp\/v2\/comments?post=78637"}],"version-history":[{"count":0,"href":"https:\/\/cdnoticias.com\/index.php\/wp-json\/wp\/v2\/posts\/78637\/revisions"}],"wp:featuredmedia":[{"embeddable":true,"href":"https:\/\/cdnoticias.com\/index.php\/wp-json\/wp\/v2\/media\/78638"}],"wp:attachment":[{"href":"https:\/\/cdnoticias.com\/index.php\/wp-json\/wp\/v2\/media?parent=78637"}],"wp:term":[{"taxonomy":"category","embeddable":true,"href":"https:\/\/cdnoticias.com\/index.php\/wp-json\/wp\/v2\/categories?post=78637"},{"taxonomy":"post_tag","embeddable":true,"href":"https:\/\/cdnoticias.com\/index.php\/wp-json\/wp\/v2\/tags?post=78637"}],"curies":[{"name":"wp","href":"https:\/\/api.w.org\/{rel}","templated":true}]}}