{"id":78587,"date":"2023-03-06T08:22:30","date_gmt":"2023-03-06T11:22:30","guid":{"rendered":"https:\/\/www.centraldenoticias.com.ar\/?p=78587"},"modified":"2023-03-06T08:22:30","modified_gmt":"2023-03-06T11:22:30","slug":"irma-rene-castro-viuda-de-vitale-coco-q-e-p-d","status":"publish","type":"post","link":"https:\/\/cdnoticias.com\/index.php\/2023\/03\/06\/irma-rene-castro-viuda-de-vitale-coco-q-e-p-d\/","title":{"rendered":"Irma Ren\u00e9 Castro viuda de Vitale \u201cCoco\u201d (Q.E.P.D.)"},"content":{"rendered":"<p>Falleci\u00f3 en Olavarr\u00eda el 6 marzo de 2023 a los 91 a\u00f1os. Sus hijos Araceli y Walter Vitale. Su hija pol\u00edtica Mirta Di Mateo. Sus nietos Luciana, Bel\u00e9n, Gast\u00f3n y Marco. Sus nietos pol\u00edticos Juan Pablo y Franco. Sus bisnietos Martina, Lila, Lara y Ciro. Su hermano Pupe. Sus hermanas pol\u00edticas Felisa y Marta. Sus sobrinos y dem\u00e1s deudos participan su fallecimiento.<\/p>\n<p>&nbsp;<\/p>\n<p>Sus restos no ser\u00e1n velados y ser\u00e1n cremados en Crematorio Pinos de Paz en d\u00eda y horario a confirmar. Servicio adherido a Coopelectric. Vecina de Microcentro. Nacida en Urdampilleta. Jubilada y pensionada.<\/p>\n","protected":false},"excerpt":{"rendered":"<p>Falleci\u00f3 en Olavarr\u00eda el 6 marzo de 2023 a los 91 a\u00f1os. Sus hijos Araceli y Walter Vitale. Su hija<\/p>\n","protected":false},"author":5,"featured_media":67646,"comment_status":"closed","ping_status":"closed","sticky":false,"template":"","format":"standard","meta":{"_jetpack_memberships_contains_paid_content":false,"footnotes":""},"categories":[10],"tags":[],"class_list":["post-78587","post","type-post","status-publish","format-standard","has-post-thumbnail","hentry","category-necrologicas"],"jetpack_featured_media_url":"https:\/\/i0.wp.com\/cdnoticias.com\/wp-content\/uploads\/2022\/10\/necrologicas-390-x-240.jpg?fit=390%2C240&ssl=1","jetpack_sharing_enabled":true,"_links":{"self":[{"href":"https:\/\/cdnoticias.com\/index.php\/wp-json\/wp\/v2\/posts\/78587","targetHints":{"allow":["GET"]}}],"collection":[{"href":"https:\/\/cdnoticias.com\/index.php\/wp-json\/wp\/v2\/posts"}],"about":[{"href":"https:\/\/cdnoticias.com\/index.php\/wp-json\/wp\/v2\/types\/post"}],"author":[{"embeddable":true,"href":"https:\/\/cdnoticias.com\/index.php\/wp-json\/wp\/v2\/users\/5"}],"replies":[{"embeddable":true,"href":"https:\/\/cdnoticias.com\/index.php\/wp-json\/wp\/v2\/comments?post=78587"}],"version-history":[{"count":0,"href":"https:\/\/cdnoticias.com\/index.php\/wp-json\/wp\/v2\/posts\/78587\/revisions"}],"wp:featuredmedia":[{"embeddable":true,"href":"https:\/\/cdnoticias.com\/index.php\/wp-json\/wp\/v2\/media\/67646"}],"wp:attachment":[{"href":"https:\/\/cdnoticias.com\/index.php\/wp-json\/wp\/v2\/media?parent=78587"}],"wp:term":[{"taxonomy":"category","embeddable":true,"href":"https:\/\/cdnoticias.com\/index.php\/wp-json\/wp\/v2\/categories?post=78587"},{"taxonomy":"post_tag","embeddable":true,"href":"https:\/\/cdnoticias.com\/index.php\/wp-json\/wp\/v2\/tags?post=78587"}],"curies":[{"name":"wp","href":"https:\/\/api.w.org\/{rel}","templated":true}]}}