{"id":78564,"date":"2023-03-05T19:26:16","date_gmt":"2023-03-05T22:26:16","guid":{"rendered":"https:\/\/www.centraldenoticias.com.ar\/?p=78564"},"modified":"2023-03-05T19:26:27","modified_gmt":"2023-03-05T22:26:27","slug":"galli-nos-preocupa-muchisimo-la-falta-de-respuestas-del-ioma","status":"publish","type":"post","link":"https:\/\/cdnoticias.com\/index.php\/2023\/03\/05\/galli-nos-preocupa-muchisimo-la-falta-de-respuestas-del-ioma\/","title":{"rendered":"Galli: \u201cNos preocupa much\u00edsimo la falta de respuestas del IOMA\u201d"},"content":{"rendered":"<p>El Intendente asegur\u00f3 que eval\u00faan imitar la posibilidad de sacar del municipio a la obra social. \u201cEstamos trabajando en el tema\u201d, indic\u00f3.<!--more--><\/p>\n<hr \/>\n<p>El intendente Ezequiel Galli se refiri\u00f3 a la decisi\u00f3n de su par de San Nicol\u00e1s, Manuel Passaglia de <strong>retirar a los empleados de su municipio de la obra social de la provincia.<\/strong><\/p>\n<p>&nbsp;<\/p>\n<p><strong>Galli asegur\u00f3 que eval\u00faan tomar una medida similar<\/strong>: \u201chace tiempo que lo venimos hablando, estamos trabajando en ese tema. Nos preocupa much\u00edsimo la falta de respuestas del IOMA, a los empleados municipales en particular\u201d.<\/p>\n<p>&nbsp;<\/p>\n<p>Valor\u00f3 la medida del intendente Passaglia como \u201cuna <strong>decisi\u00f3n de mucha valent\u00eda<\/strong> porque es pensar en la salud de los empleados municipales\u201d.<\/p>\n<p>&nbsp;<\/p>\n","protected":false},"excerpt":{"rendered":"<p>El Intendente asegur\u00f3 que eval\u00faan imitar la posibilidad de sacar del municipio a la obra social. \u201cEstamos trabajando en el<\/p>\n","protected":false},"author":5,"featured_media":78524,"comment_status":"closed","ping_status":"closed","sticky":false,"template":"","format":"standard","meta":{"_jetpack_memberships_contains_paid_content":false,"footnotes":""},"categories":[4,1],"tags":[],"class_list":["post-78564","post","type-post","status-publish","format-standard","has-post-thumbnail","hentry","category-politica","category-portada"],"jetpack_featured_media_url":"https:\/\/i0.wp.com\/cdnoticias.com\/wp-content\/uploads\/2023\/03\/santilli-galli-5-scaled.jpg?fit=2560%2C1424&ssl=1","jetpack_sharing_enabled":true,"_links":{"self":[{"href":"https:\/\/cdnoticias.com\/index.php\/wp-json\/wp\/v2\/posts\/78564","targetHints":{"allow":["GET"]}}],"collection":[{"href":"https:\/\/cdnoticias.com\/index.php\/wp-json\/wp\/v2\/posts"}],"about":[{"href":"https:\/\/cdnoticias.com\/index.php\/wp-json\/wp\/v2\/types\/post"}],"author":[{"embeddable":true,"href":"https:\/\/cdnoticias.com\/index.php\/wp-json\/wp\/v2\/users\/5"}],"replies":[{"embeddable":true,"href":"https:\/\/cdnoticias.com\/index.php\/wp-json\/wp\/v2\/comments?post=78564"}],"version-history":[{"count":0,"href":"https:\/\/cdnoticias.com\/index.php\/wp-json\/wp\/v2\/posts\/78564\/revisions"}],"wp:featuredmedia":[{"embeddable":true,"href":"https:\/\/cdnoticias.com\/index.php\/wp-json\/wp\/v2\/media\/78524"}],"wp:attachment":[{"href":"https:\/\/cdnoticias.com\/index.php\/wp-json\/wp\/v2\/media?parent=78564"}],"wp:term":[{"taxonomy":"category","embeddable":true,"href":"https:\/\/cdnoticias.com\/index.php\/wp-json\/wp\/v2\/categories?post=78564"},{"taxonomy":"post_tag","embeddable":true,"href":"https:\/\/cdnoticias.com\/index.php\/wp-json\/wp\/v2\/tags?post=78564"}],"curies":[{"name":"wp","href":"https:\/\/api.w.org\/{rel}","templated":true}]}}