{"id":78512,"date":"2023-03-04T14:51:34","date_gmt":"2023-03-04T17:51:34","guid":{"rendered":"https:\/\/www.centraldenoticias.com.ar\/?p=78512"},"modified":"2023-03-04T22:12:42","modified_gmt":"2023-03-05T01:12:42","slug":"maximiliano-wesner-se-mostro-como-precandidato-a-intendente-e-invito-a-los-vecinos-a-participar","status":"publish","type":"post","link":"https:\/\/cdnoticias.com\/index.php\/2023\/03\/04\/maximiliano-wesner-se-mostro-como-precandidato-a-intendente-e-invito-a-los-vecinos-a-participar\/","title":{"rendered":"Maximiliano Wesner se mostr\u00f3 como precandidato a Intendente e invit\u00f3 a los vecinos a participar"},"content":{"rendered":"<p>\u201cMejor Olavarr\u00eda\u201d es el slogan con el que el dirigente del Frente de Todos sali\u00f3 a convocar a vecinos de los barrios de la ciudad junto a decenas de militantes del espacio.<!--more--><\/p>\n<hr \/>\n<p>Este s\u00e1bado por la ma\u00f1ana, <strong>Maximiliano Wesner se mostr\u00f3 abiertamente como precandidato a Intendente dentro del Frente de Todos, bajo el slogan \u201cMejor Olavarr\u00eda\u201d y con un centenar de militantes que decidieron acompa\u00f1ar al dirigente con una panfleteada casa por casa de barrios de la ciudad.<\/strong><\/p>\n<p>&nbsp;<\/p>\n<p>Primero por redes sociales y luego en im\u00e1genes en el Parque del Bicentenario y en recorridas por barrios de Olavarr\u00eda, <strong>es la primera se\u00f1al clara de que Wesner buscar\u00e1 ser Intendente de la ciudad por el Frente de Todos<\/strong>, en un espacio que a\u00fan no defini\u00f3 si tendr\u00e1 otros precandidatos en una interna o s\u00f3lo apostar\u00e1n por el funcionario de Anses.<\/p>\n<p>&nbsp;<\/p>\n<p>En las im\u00e1genes, se pudo ver a varios dirigentes que apoyaron la intenci\u00f3n del espacio de impulsar a Wesner: <strong>desde el diputado provincial C\u00e9sar Valicenti, pasando por la mayor\u00eda de los concejales del Frente de Todos, el funcionario provincial Federico Aguilera, otros referentes de organismos como Ramiro Borzi, y militantes de varios espacios que conforman el FdT.<\/strong><\/p>\n<p>&nbsp;<\/p>\n<p><img data-recalc-dims=\"1\" loading=\"lazy\" decoding=\"async\" class=\"wp-image-78513 aligncenter\" src=\"https:\/\/i0.wp.com\/cdnoticias.com\/wp-content\/uploads\/2023\/03\/wesner-preca1.jpeg?resize=500%2C475&#038;ssl=1\" alt=\"\" width=\"500\" height=\"475\" srcset=\"https:\/\/i0.wp.com\/cdnoticias.com\/wp-content\/uploads\/2023\/03\/wesner-preca1.jpeg?resize=1024%2C973&amp;ssl=1 1024w, https:\/\/i0.wp.com\/cdnoticias.com\/wp-content\/uploads\/2023\/03\/wesner-preca1.jpeg?resize=300%2C285&amp;ssl=1 300w, https:\/\/i0.wp.com\/cdnoticias.com\/wp-content\/uploads\/2023\/03\/wesner-preca1.jpeg?resize=768%2C730&amp;ssl=1 768w, https:\/\/i0.wp.com\/cdnoticias.com\/wp-content\/uploads\/2023\/03\/wesner-preca1.jpeg?w=1080&amp;ssl=1 1080w\" sizes=\"auto, (max-width: 500px) 100vw, 500px\" \/><\/p>\n<p>&nbsp;<\/p>\n<p>En la recorrida, <strong>entregaron una carta en la que Wesner se presenta<\/strong> y se\u00f1ala que el objetivo es <em>\u201ccompartir lo que siento y pienso sobre Olavarr\u00eda\u201d.<\/em><\/p>\n<p>&nbsp;<\/p>\n<blockquote><p>\u201cDespu\u00e9s de tanto trabajo y tantas charlas con vecinos y vecinas estoy cada vez m\u00e1s convencido de que nuestro Municipio tiene mucho m\u00e1s para ofrecer. Podemos recuperar la identidad de nuestra ciudad ligada al trabajo, la capacidad de progresar trabajando en conjunto e incluyendo a todas las localidades que forman parte de Olavarr\u00eda\u201d.<\/p><\/blockquote>\n<p>&nbsp;<\/p>\n<p>Se\u00f1al\u00f3 que Olavarr\u00eda es \u201cuna ciudad privilegiada\u201d y<strong> uno de sus primeros anuncios fue el de \u201cdesarrollar un programa de vivienda amplio, transparente y ambicioso\u201d.<\/strong><\/p>\n<p>&nbsp;<\/p>\n<p><img data-recalc-dims=\"1\" loading=\"lazy\" decoding=\"async\" class=\"alignnone size-large wp-image-78515\" src=\"https:\/\/i0.wp.com\/cdnoticias.com\/wp-content\/uploads\/2023\/03\/wesner-preca2.jpeg?resize=800%2C360&#038;ssl=1\" alt=\"\" width=\"800\" height=\"360\" srcset=\"https:\/\/i0.wp.com\/cdnoticias.com\/wp-content\/uploads\/2023\/03\/wesner-preca2.jpeg?resize=1024%2C461&amp;ssl=1 1024w, https:\/\/i0.wp.com\/cdnoticias.com\/wp-content\/uploads\/2023\/03\/wesner-preca2.jpeg?resize=300%2C135&amp;ssl=1 300w, https:\/\/i0.wp.com\/cdnoticias.com\/wp-content\/uploads\/2023\/03\/wesner-preca2.jpeg?resize=768%2C346&amp;ssl=1 768w, https:\/\/i0.wp.com\/cdnoticias.com\/wp-content\/uploads\/2023\/03\/wesner-preca2.jpeg?resize=1536%2C691&amp;ssl=1 1536w, https:\/\/i0.wp.com\/cdnoticias.com\/wp-content\/uploads\/2023\/03\/wesner-preca2.jpeg?w=1600&amp;ssl=1 1600w\" sizes=\"auto, (max-width: 800px) 100vw, 800px\" \/><\/p>\n<p>&nbsp;<\/p>\n<p>En este sentido, <strong>convoc\u00f3 a los vecinos a participar y brind\u00f3 su tel\u00e9fono para sumarse al espacio que lo tendr\u00e1 como precandidato del Frente de Todos, aunque no lo haya dicho.<\/strong><\/p>\n<p>&nbsp;<\/p>\n<p>Tambi\u00e9n los dirigentes compartieron en redes sociales las recorridas y <strong>complementaron la movida que lanz\u00f3 oficialmente a Wesner como precandidato a Intendente.<\/strong><\/p>\n","protected":false},"excerpt":{"rendered":"<p>\u201cMejor Olavarr\u00eda\u201d es el slogan con el que el dirigente del Frente de Todos sali\u00f3 a convocar a vecinos de<\/p>\n","protected":false},"author":2,"featured_media":78514,"comment_status":"closed","ping_status":"closed","sticky":false,"template":"","format":"standard","meta":{"_jetpack_memberships_contains_paid_content":false,"footnotes":""},"categories":[4,1],"tags":[],"class_list":["post-78512","post","type-post","status-publish","format-standard","has-post-thumbnail","hentry","category-politica","category-portada"],"jetpack_featured_media_url":"https:\/\/i0.wp.com\/cdnoticias.com\/wp-content\/uploads\/2023\/03\/wesner-preca.jpeg?fit=1080%2C695&ssl=1","jetpack_sharing_enabled":true,"_links":{"self":[{"href":"https:\/\/cdnoticias.com\/index.php\/wp-json\/wp\/v2\/posts\/78512","targetHints":{"allow":["GET"]}}],"collection":[{"href":"https:\/\/cdnoticias.com\/index.php\/wp-json\/wp\/v2\/posts"}],"about":[{"href":"https:\/\/cdnoticias.com\/index.php\/wp-json\/wp\/v2\/types\/post"}],"author":[{"embeddable":true,"href":"https:\/\/cdnoticias.com\/index.php\/wp-json\/wp\/v2\/users\/2"}],"replies":[{"embeddable":true,"href":"https:\/\/cdnoticias.com\/index.php\/wp-json\/wp\/v2\/comments?post=78512"}],"version-history":[{"count":0,"href":"https:\/\/cdnoticias.com\/index.php\/wp-json\/wp\/v2\/posts\/78512\/revisions"}],"wp:featuredmedia":[{"embeddable":true,"href":"https:\/\/cdnoticias.com\/index.php\/wp-json\/wp\/v2\/media\/78514"}],"wp:attachment":[{"href":"https:\/\/cdnoticias.com\/index.php\/wp-json\/wp\/v2\/media?parent=78512"}],"wp:term":[{"taxonomy":"category","embeddable":true,"href":"https:\/\/cdnoticias.com\/index.php\/wp-json\/wp\/v2\/categories?post=78512"},{"taxonomy":"post_tag","embeddable":true,"href":"https:\/\/cdnoticias.com\/index.php\/wp-json\/wp\/v2\/tags?post=78512"}],"curies":[{"name":"wp","href":"https:\/\/api.w.org\/{rel}","templated":true}]}}