{"id":78483,"date":"2023-03-04T11:28:53","date_gmt":"2023-03-04T14:28:53","guid":{"rendered":"https:\/\/www.centraldenoticias.com.ar\/?p=78483"},"modified":"2023-03-04T12:37:52","modified_gmt":"2023-03-04T15:37:52","slug":"con-guitarreros-y-un-gran-clima-cerro-la-primera-noche-del-festival-de-doma-y-folklore","status":"publish","type":"post","link":"https:\/\/cdnoticias.com\/index.php\/2023\/03\/04\/con-guitarreros-y-un-gran-clima-cerro-la-primera-noche-del-festival-de-doma-y-folklore\/","title":{"rendered":"Con Guitarreros y un gran clima, cerr\u00f3 la primera noche del Festival de Doma y Folklore"},"content":{"rendered":"<p>El conjunto folkl\u00f3rico dio el cierre de la jornada inicial del festival, ante un gran marco de p\u00fablico. Este s\u00e1bado el cierre estelar ser\u00e1 de Abel Pintos.<!--more--><\/p>\n<hr \/>\n<p>Este viernes, tras el inicio de la jineteada y la presentaci\u00f3n del predio armado para las tres jornadas del Festival de Doma y Folklore,<strong> las actividades en el escenario mayor \u201cHoracio Guarany\u201d tuvieron el cierre de Guitarreros ante un gran marco de p\u00fablico.<\/strong><\/p>\n<p>&nbsp;<\/p>\n<p><img data-recalc-dims=\"1\" loading=\"lazy\" decoding=\"async\" class=\"alignnone size-full wp-image-78499\" src=\"https:\/\/i0.wp.com\/cdnoticias.com\/wp-content\/uploads\/2023\/03\/Diseno-sin-titulo-4.png?resize=800%2C533&#038;ssl=1\" alt=\"\" width=\"800\" height=\"533\" srcset=\"https:\/\/i0.wp.com\/cdnoticias.com\/wp-content\/uploads\/2023\/03\/Diseno-sin-titulo-4.png?w=900&amp;ssl=1 900w, https:\/\/i0.wp.com\/cdnoticias.com\/wp-content\/uploads\/2023\/03\/Diseno-sin-titulo-4.png?resize=300%2C200&amp;ssl=1 300w, https:\/\/i0.wp.com\/cdnoticias.com\/wp-content\/uploads\/2023\/03\/Diseno-sin-titulo-4.png?resize=768%2C512&amp;ssl=1 768w, https:\/\/i0.wp.com\/cdnoticias.com\/wp-content\/uploads\/2023\/03\/Diseno-sin-titulo-4.png?resize=272%2C182&amp;ssl=1 272w\" sizes=\"auto, (max-width: 800px) 100vw, 800px\" \/><\/p>\n<p>&nbsp;<\/p>\n<p><img data-recalc-dims=\"1\" loading=\"lazy\" decoding=\"async\" class=\"alignnone size-full wp-image-78498\" src=\"https:\/\/i0.wp.com\/cdnoticias.com\/wp-content\/uploads\/2023\/03\/Diseno-sin-titulo-5.png?resize=800%2C533&#038;ssl=1\" alt=\"\" width=\"800\" height=\"533\" srcset=\"https:\/\/i0.wp.com\/cdnoticias.com\/wp-content\/uploads\/2023\/03\/Diseno-sin-titulo-5.png?w=900&amp;ssl=1 900w, https:\/\/i0.wp.com\/cdnoticias.com\/wp-content\/uploads\/2023\/03\/Diseno-sin-titulo-5.png?resize=300%2C200&amp;ssl=1 300w, https:\/\/i0.wp.com\/cdnoticias.com\/wp-content\/uploads\/2023\/03\/Diseno-sin-titulo-5.png?resize=768%2C512&amp;ssl=1 768w, https:\/\/i0.wp.com\/cdnoticias.com\/wp-content\/uploads\/2023\/03\/Diseno-sin-titulo-5.png?resize=272%2C182&amp;ssl=1 272w\" sizes=\"auto, (max-width: 800px) 100vw, 800px\" \/><\/p>\n<p>&nbsp;<\/p>\n<blockquote><p>El buen tiempo acompa\u00f1\u00f3 las grandes actuaciones art\u00edsticas de diversos artistas hasta entrada la madrugada del s\u00e1bado, con actividad no s\u00f3lo en el escenario principal sino tambi\u00e9n en las pe\u00f1as que se desarrollaron en el predio de la Sociedad Rural.<\/p><\/blockquote>\n<p>&nbsp;<\/p>\n<p><img data-recalc-dims=\"1\" loading=\"lazy\" decoding=\"async\" class=\"alignnone size-full wp-image-78496\" src=\"https:\/\/i0.wp.com\/cdnoticias.com\/wp-content\/uploads\/2023\/03\/Diseno-sin-titulo-7.png?resize=800%2C533&#038;ssl=1\" alt=\"\" width=\"800\" height=\"533\" srcset=\"https:\/\/i0.wp.com\/cdnoticias.com\/wp-content\/uploads\/2023\/03\/Diseno-sin-titulo-7.png?w=900&amp;ssl=1 900w, https:\/\/i0.wp.com\/cdnoticias.com\/wp-content\/uploads\/2023\/03\/Diseno-sin-titulo-7.png?resize=300%2C200&amp;ssl=1 300w, https:\/\/i0.wp.com\/cdnoticias.com\/wp-content\/uploads\/2023\/03\/Diseno-sin-titulo-7.png?resize=768%2C512&amp;ssl=1 768w, https:\/\/i0.wp.com\/cdnoticias.com\/wp-content\/uploads\/2023\/03\/Diseno-sin-titulo-7.png?resize=272%2C182&amp;ssl=1 272w\" sizes=\"auto, (max-width: 800px) 100vw, 800px\" \/><\/p>\n<p>&nbsp;<\/p>\n<p><img data-recalc-dims=\"1\" loading=\"lazy\" decoding=\"async\" class=\"alignnone size-full wp-image-78494\" src=\"https:\/\/i0.wp.com\/cdnoticias.com\/wp-content\/uploads\/2023\/03\/Diseno-sin-titulo-9.png?resize=800%2C533&#038;ssl=1\" alt=\"\" width=\"800\" height=\"533\" srcset=\"https:\/\/i0.wp.com\/cdnoticias.com\/wp-content\/uploads\/2023\/03\/Diseno-sin-titulo-9.png?w=900&amp;ssl=1 900w, https:\/\/i0.wp.com\/cdnoticias.com\/wp-content\/uploads\/2023\/03\/Diseno-sin-titulo-9.png?resize=300%2C200&amp;ssl=1 300w, https:\/\/i0.wp.com\/cdnoticias.com\/wp-content\/uploads\/2023\/03\/Diseno-sin-titulo-9.png?resize=768%2C512&amp;ssl=1 768w, https:\/\/i0.wp.com\/cdnoticias.com\/wp-content\/uploads\/2023\/03\/Diseno-sin-titulo-9.png?resize=272%2C182&amp;ssl=1 272w\" sizes=\"auto, (max-width: 800px) 100vw, 800px\" \/><\/p>\n<p>&nbsp;<\/p>\n<p>Adem\u00e1s, <strong>se realiz\u00f3 la elecci\u00f3n de las embajadoras del festival<\/strong> mediante un jurado integrado por Beatriz Cunioli, Fabi\u00e1n Poblete y Martina Ciancio. Resultaron electas Camila Timparo como Embajadora del festival; Denise Landi, Embajadora Social; Antonella Motta Galvan, embajadora de Turismo y Martina Genco como mejor compa\u00f1era.<\/p>\n<p>&nbsp;<\/p>\n<p><img data-recalc-dims=\"1\" loading=\"lazy\" decoding=\"async\" class=\"alignnone size-full wp-image-78491\" src=\"https:\/\/i0.wp.com\/cdnoticias.com\/wp-content\/uploads\/2023\/03\/Diseno-sin-titulo-12.png?resize=800%2C533&#038;ssl=1\" alt=\"\" width=\"800\" height=\"533\" srcset=\"https:\/\/i0.wp.com\/cdnoticias.com\/wp-content\/uploads\/2023\/03\/Diseno-sin-titulo-12.png?w=900&amp;ssl=1 900w, https:\/\/i0.wp.com\/cdnoticias.com\/wp-content\/uploads\/2023\/03\/Diseno-sin-titulo-12.png?resize=300%2C200&amp;ssl=1 300w, https:\/\/i0.wp.com\/cdnoticias.com\/wp-content\/uploads\/2023\/03\/Diseno-sin-titulo-12.png?resize=768%2C512&amp;ssl=1 768w, https:\/\/i0.wp.com\/cdnoticias.com\/wp-content\/uploads\/2023\/03\/Diseno-sin-titulo-12.png?resize=272%2C182&amp;ssl=1 272w\" sizes=\"auto, (max-width: 800px) 100vw, 800px\" \/><\/p>\n<p>&nbsp;<\/p>\n<p><img data-recalc-dims=\"1\" loading=\"lazy\" decoding=\"async\" class=\"alignnone size-full wp-image-78485\" src=\"https:\/\/i0.wp.com\/cdnoticias.com\/wp-content\/uploads\/2023\/03\/Diseno-sin-titulo-18.png?resize=800%2C533&#038;ssl=1\" alt=\"\" width=\"800\" height=\"533\" srcset=\"https:\/\/i0.wp.com\/cdnoticias.com\/wp-content\/uploads\/2023\/03\/Diseno-sin-titulo-18.png?w=900&amp;ssl=1 900w, https:\/\/i0.wp.com\/cdnoticias.com\/wp-content\/uploads\/2023\/03\/Diseno-sin-titulo-18.png?resize=300%2C200&amp;ssl=1 300w, https:\/\/i0.wp.com\/cdnoticias.com\/wp-content\/uploads\/2023\/03\/Diseno-sin-titulo-18.png?resize=768%2C512&amp;ssl=1 768w, https:\/\/i0.wp.com\/cdnoticias.com\/wp-content\/uploads\/2023\/03\/Diseno-sin-titulo-18.png?resize=272%2C182&amp;ssl=1 272w\" sizes=\"auto, (max-width: 800px) 100vw, 800px\" \/><\/p>\n<p>&nbsp;<\/p>\n<p>Este s\u00e1bado,<strong> habr\u00e1 actividad en el campo de Doma desde las 17:00 horas mientras que los espect\u00e1culos art\u00edsticos comenzar\u00e1n desde las 20:00 horas.<\/strong> El cierre estelar, en una de las presentaciones m\u00e1s esperadas,<strong> es la del cantante Abel Pintos<\/strong>. Las entradas para este d\u00eda, seg\u00fan se detall\u00f3 desde la organizaci\u00f3n, cuestan 6 mil pesos.<\/p>\n","protected":false},"excerpt":{"rendered":"<p>El conjunto folkl\u00f3rico dio el cierre de la jornada inicial del festival, ante un gran marco de p\u00fablico. Este s\u00e1bado<\/p>\n","protected":false},"author":2,"featured_media":78484,"comment_status":"closed","ping_status":"closed","sticky":false,"template":"","format":"standard","meta":{"_jetpack_memberships_contains_paid_content":false,"footnotes":""},"categories":[5,1],"tags":[],"class_list":["post-78483","post","type-post","status-publish","format-standard","has-post-thumbnail","hentry","category-informacion-general","category-portada"],"jetpack_featured_media_url":"https:\/\/i0.wp.com\/cdnoticias.com\/wp-content\/uploads\/2023\/03\/Diseno-sin-titulo-19.png?fit=900%2C600&ssl=1","jetpack_sharing_enabled":true,"_links":{"self":[{"href":"https:\/\/cdnoticias.com\/index.php\/wp-json\/wp\/v2\/posts\/78483","targetHints":{"allow":["GET"]}}],"collection":[{"href":"https:\/\/cdnoticias.com\/index.php\/wp-json\/wp\/v2\/posts"}],"about":[{"href":"https:\/\/cdnoticias.com\/index.php\/wp-json\/wp\/v2\/types\/post"}],"author":[{"embeddable":true,"href":"https:\/\/cdnoticias.com\/index.php\/wp-json\/wp\/v2\/users\/2"}],"replies":[{"embeddable":true,"href":"https:\/\/cdnoticias.com\/index.php\/wp-json\/wp\/v2\/comments?post=78483"}],"version-history":[{"count":0,"href":"https:\/\/cdnoticias.com\/index.php\/wp-json\/wp\/v2\/posts\/78483\/revisions"}],"wp:featuredmedia":[{"embeddable":true,"href":"https:\/\/cdnoticias.com\/index.php\/wp-json\/wp\/v2\/media\/78484"}],"wp:attachment":[{"href":"https:\/\/cdnoticias.com\/index.php\/wp-json\/wp\/v2\/media?parent=78483"}],"wp:term":[{"taxonomy":"category","embeddable":true,"href":"https:\/\/cdnoticias.com\/index.php\/wp-json\/wp\/v2\/categories?post=78483"},{"taxonomy":"post_tag","embeddable":true,"href":"https:\/\/cdnoticias.com\/index.php\/wp-json\/wp\/v2\/tags?post=78483"}],"curies":[{"name":"wp","href":"https:\/\/api.w.org\/{rel}","templated":true}]}}