{"id":78446,"date":"2023-03-07T09:53:27","date_gmt":"2023-03-07T12:53:27","guid":{"rendered":"https:\/\/www.centraldenoticias.com.ar\/?p=78446"},"modified":"2023-03-07T13:51:55","modified_gmt":"2023-03-07T16:51:55","slug":"conoce-las-diversas-propuestas-de-talleres-en-insurgente","status":"publish","type":"post","link":"https:\/\/cdnoticias.com\/index.php\/2023\/03\/07\/conoce-las-diversas-propuestas-de-talleres-en-insurgente\/","title":{"rendered":"Conoc\u00e9 las diversas propuestas de talleres en Insurgente"},"content":{"rendered":"<p>La inscripci\u00f3n se encuentra abierta a partir de este mes. <!--more--><\/p>\n<hr \/>\n<p><strong>Insurgente <\/strong>abri\u00f3 la<strong> inscripci\u00f3n <\/strong>a distintos<strong> talleres<\/strong> que se dictar\u00e1n en su espacio, ubicado en <strong>Belgrano 3345,<\/strong> a partir de marzo.<\/p>\n<p>&nbsp;<\/p>\n<p>Las personas interesadas en inscribirse deber\u00e1n escribir al Instagram <a href=\"https:\/\/www.instagram.com\/insurgente.espaciocultural\/?hl=es\" target=\"_blank\" rel=\"noopener\">@insurgente.espaciocultural<\/a>, o comunicarte al<strong> WhatsApp<\/strong> de quien est\u00e1 a cargo de cada especialidad.<\/p>\n<p>&nbsp;<\/p>\n<p><strong>Oferta de talleres<\/strong><\/p>\n<p>&nbsp;<\/p>\n<p><strong>Canto:<\/strong> Clases individuales para j\u00f3venes y adultos, horarios a convenir. Por informes e inscripci\u00f3n contactarse con Paloma, al 2284-603224.<\/p>\n<p>&nbsp;<\/p>\n<p><strong>Yoga:<\/strong> Martes y jueves a las 19:00. Informes e inscripci\u00f3n al 2284- 302633, Sof\u00eda.<\/p>\n<p>&nbsp;<\/p>\n<p><strong>Tango:<\/strong> Mi\u00e9rcoles de 20:30 a 22:30, a cargo de Lorena Zambelis, contacto por informes e inscripci\u00f3n al 1156572200 \/ Instagram @lorena_zambelis.<\/p>\n<p>&nbsp;<\/p>\n<p><strong>Talleres de teatro:<\/strong><\/p>\n<ul>\n<li><strong>Teatro ni\u00f1es<\/strong>: Martes 18:00 a 20:00 a cargo de Cecilia Arrieta, contacto al 2284-220130.<\/li>\n<li><strong>Teatro adolescentes:<\/strong> A partir de 11\/12 a\u00f1os, los viernes 16:00 a 18:00 a cargo de Fernanda Moraga. Contacto por informes e inscripci\u00f3n al 2284- 657619.<\/li>\n<li><strong>Teatro inicial <\/strong>(mayores 18 a\u00f1os): Martes de 20:15 a 22:00. Contacto: 2284- 7158254, Juan Pablo Go\u00f1i Capurro.<\/li>\n<li><strong>Montaje teatral<\/strong> (para quienes han hecho alg\u00fan taller teatral y quieren llegar a una puesta en escena): Mi\u00e9rcoles de 20: 15 a 22:00. Contacto 2284- 715254, Juan Pablo Go\u00f1i Capurro.<\/li>\n<\/ul>\n<p>&nbsp;<\/p>\n<p>&nbsp;<\/p>\n","protected":false},"excerpt":{"rendered":"<p>La inscripci\u00f3n se encuentra abierta a partir de este mes.<\/p>\n","protected":false},"author":6,"featured_media":76954,"comment_status":"closed","ping_status":"closed","sticky":false,"template":"","format":"standard","meta":{"_jetpack_memberships_contains_paid_content":false,"footnotes":""},"categories":[9],"tags":[],"class_list":["post-78446","post","type-post","status-publish","format-standard","has-post-thumbnail","hentry","category-cultura"],"jetpack_featured_media_url":"https:\/\/i0.wp.com\/cdnoticias.com\/wp-content\/uploads\/2023\/02\/insurgente-frente.jpg?fit=1599%2C889&ssl=1","jetpack_sharing_enabled":true,"_links":{"self":[{"href":"https:\/\/cdnoticias.com\/index.php\/wp-json\/wp\/v2\/posts\/78446","targetHints":{"allow":["GET"]}}],"collection":[{"href":"https:\/\/cdnoticias.com\/index.php\/wp-json\/wp\/v2\/posts"}],"about":[{"href":"https:\/\/cdnoticias.com\/index.php\/wp-json\/wp\/v2\/types\/post"}],"author":[{"embeddable":true,"href":"https:\/\/cdnoticias.com\/index.php\/wp-json\/wp\/v2\/users\/6"}],"replies":[{"embeddable":true,"href":"https:\/\/cdnoticias.com\/index.php\/wp-json\/wp\/v2\/comments?post=78446"}],"version-history":[{"count":0,"href":"https:\/\/cdnoticias.com\/index.php\/wp-json\/wp\/v2\/posts\/78446\/revisions"}],"wp:featuredmedia":[{"embeddable":true,"href":"https:\/\/cdnoticias.com\/index.php\/wp-json\/wp\/v2\/media\/76954"}],"wp:attachment":[{"href":"https:\/\/cdnoticias.com\/index.php\/wp-json\/wp\/v2\/media?parent=78446"}],"wp:term":[{"taxonomy":"category","embeddable":true,"href":"https:\/\/cdnoticias.com\/index.php\/wp-json\/wp\/v2\/categories?post=78446"},{"taxonomy":"post_tag","embeddable":true,"href":"https:\/\/cdnoticias.com\/index.php\/wp-json\/wp\/v2\/tags?post=78446"}],"curies":[{"name":"wp","href":"https:\/\/api.w.org\/{rel}","templated":true}]}}