{"id":78426,"date":"2023-03-05T20:11:53","date_gmt":"2023-03-05T23:11:53","guid":{"rendered":"https:\/\/www.centraldenoticias.com.ar\/?p=78426"},"modified":"2023-03-06T07:43:58","modified_gmt":"2023-03-06T10:43:58","slug":"recoleccion-de-residuos-acceso-a-los-pliegos-y-una-comparacion-muy-sesgada","status":"publish","type":"post","link":"https:\/\/cdnoticias.com\/index.php\/2023\/03\/05\/recoleccion-de-residuos-acceso-a-los-pliegos-y-una-comparacion-muy-sesgada\/","title":{"rendered":"Recolecci\u00f3n de residuos: acceso a los pliegos y una comparaci\u00f3n \u201cmuy sesgada\u201d"},"content":{"rendered":"<p>Central de Noticias tambi\u00e9n consult\u00f3 a los funcionarios municipales por dos aspectos que estuvieron en discusi\u00f3n: los pliegos de la licitaci\u00f3n no se hicieron p\u00fablicos y el costo del servicio en Mar del Plata.<\/p>\n<p><!--more--><\/p>\n<hr \/>\n<p><strong>Varios aspectos estuvieron en el debate de la pol\u00edtica local durante la licitaci\u00f3n del servicio de recolecci\u00f3n de residuos<\/strong>. <strong>Central de Noticias<\/strong> consult\u00f3 por dos de ellos al <em>secretario de Gobierno, Hilario Galli, y el subsecretario de Obras P\u00fablicas, Gonzalo Ort\u00edz<\/em>, en <a href=\"https:\/\/cdnoticias.com\/index.php\/2023\/03\/05\/recoleccion-de-residuos-un-servicio-ampliado-para-el-crecimiento-de-olavarria\/\" target=\"_blank\" rel=\"noopener\">la entrevista en la que explicaron los cambios en la prestaci\u00f3n desde el 1\u00ba de febrero.<\/a><\/p>\n<p>&nbsp;<\/p>\n<p>Una de ellas fue que<strong> los pliegos de la licitaci\u00f3n no se publicaron en la web municipal cuando se hizo la convocatoria<\/strong>, <a href=\"https:\/\/cdnoticias.com\/index.php\/2022\/11\/15\/ya-salio-la-licitacion-de-la-recoleccion-de-residuos-16-mil-millones-de-pesos\/\" target=\"_blank\" rel=\"noopener\">en el mes de noviembre<\/a>, y tampoco los concejales que los solicitaron pudieron acceder a los documentos.<\/p>\n<p>&nbsp;<\/p>\n<p>El secretario hizo hincapi\u00e9 en que el precio de <strong>los pliegos a la venta \u201cera muy accesible para que nadie se sienta impedido de acceder a la licitaci\u00f3n por el costo\u201d<\/strong>. Se vend\u00edan a 15.000 pesos, el mismo valor que los pliegos de las restantes licitaciones municipales. Sobre este tema, a modo de contraste, Ort\u00edz se\u00f1al\u00f3 que en estos d\u00edas sali\u00f3 la licitaci\u00f3n del mismo servicio de la Municipalidad de Esteban Echeverr\u00eda, tambi\u00e9n con 10 a\u00f1os de plazo, y que el valor de los pliegos es de 5 millones de pesos.<\/p>\n<p>&nbsp;<\/p>\n<p>Galli dijo que \u201csi quieren competir realmente tienen que venir y comprar. <strong>No est\u00e1 bueno que el pliego sea p\u00fablico<\/strong>. Ning\u00fan pliego lo es hasta despu\u00e9s de que se hicieron las ofertas, hasta que no hay un dictamen. <strong>Hasta que no hay un contrato es informaci\u00f3n confidencial<\/strong>. Si se filtra esa informaci\u00f3n \u2026 es un contrato muy fuerte. Yo no s\u00e9 qu\u00e9 intereses hay afuera, qu\u00e9 intereses hay dentro del Concejo, ni qu\u00e9 relaciones pueden llegar a tener con las empresas. Es muy finito el tema. <strong>Para que no haya ning\u00fan tipo de suspicacia, la informaci\u00f3n se mantiene en reserva<\/strong>. Una vez que hay un dictamen positivo para una empresa y se adjudica, en ese momento se puso a disposici\u00f3n. Es m\u00e1s, <strong>en este preciso instante est\u00e1 a disposici\u00f3n de cualquier concejal<\/strong> que lo quiera venir a ver. En un proceso licitatorio que est\u00e1 abierto la informaci\u00f3n es confidencial. <strong>Es parte de la transparencia<\/strong>\u201d.<\/p>\n<p>&nbsp;<\/p>\n<p>&#8211;<em>\u00bfEso no contradice justamente la transparencia y por otro lado, no impide el rol de control del Concejo Deliberante? Si pueden verlo cuando est\u00e1 finalizado no pueden controlar el proceso<\/em>.<\/p>\n<p>&nbsp;<\/p>\n<p>H.G. &#8211; <strong>El rol de Concejo Deliberante no es controlar los procesos licitatorios, el rol es deliberar<\/strong>. Es armar instrumentos deliberativos y de \u00faltima controlar una vez que las cosas ocurrieron.<strong> Para controlar los procesos licitatorios est\u00e1 el Tribunal de Cuentas<\/strong>. Los concejales pueden pedir todos los informes necesarios, pero lo que hay que entender es la separaci\u00f3n de los roles de cada uno de los departamentos. El Ejecutivo ejecuta, el Deliberativo delibera, el Tribunal de Cuentas audita los procesos administrativos. Como tambi\u00e9n la Justicia se debe encargar de dictaminar si alguien estuvo involucrado o no. <strong>Por ah\u00ed el Concejo Deliberante se arroga funciones que no le corresponden<\/strong>.<\/p>\n<p>&nbsp;<\/p>\n<p>G.O. &#8211; La ley org\u00e1nica establece la Rendici\u00f3n de Cuentas con sus plazos. Al 30 de marzo el Ejecutivo tiene que presentarlo y luego el Concejo Deliberante tiene 60 d\u00edas para tratarlo.<strong> En esos 60 d\u00edas es cuando los concejales revisan y pueden pedir todos los expedientes<\/strong>. Es una pol\u00edtica ac\u00e1 que los concejales lo piden. Yo he atendido a varios concejales que necesitan y piden expedientes que est\u00e1n en curso de una obra. Se los damos y les mostramos el expediente. Ahora, \u00bfno corresponde que se haga en el plazo dice la ley, el plazo de Rendici\u00f3n de Cuentas? Me lo pregunto. Y por supuesto que si lo hacemos tenemos una rispidez sin sentido.<\/p>\n<p>&nbsp;<\/p>\n<p>H.G. &#8211; <strong>No es lo mismo un expediente archivado que uno que est\u00e1 girando por las oficinas<\/strong>, que a\u00fan no tiene dictamen legal, que va a hacienda por una redeterminaci\u00f3n, que va a Obras P\u00fablicas para una certificaci\u00f3n. Se piden los expedientes m\u00e1s de una vez. Se est\u00e1 trabajando y genera un inconveniente administrativo llevarlo a una oficina y frenarlo, porque eso implica frenar una obra. <strong>A veces no se cae en cuenta de que se generan incomodidades administrativas.<\/strong> No hay nada que ocultar, se puede mirar, pero hay que esperar al trabajo de la administraci\u00f3n.<\/p>\n<p>&nbsp;<\/p>\n<p><em>-El monto de la licitaci\u00f3n del servicio de recolecci\u00f3n fue comparado con el costo en la localidad de Mar del Plata y se afirm\u00f3 que era mucho m\u00e1s barato. \u00bfPudieron ver c\u00f3mo es el servicio all\u00e1?<\/em><\/p>\n<p>&nbsp;<\/p>\n<p>H.G. &#8211; \u00a0La comparativa con Mar del Plata no la hicimos nosotros. <strong><a href=\"https:\/\/cdnoticias.com\/index.php\/2022\/12\/27\/presupuesto-2023-la-finalizacion-de-las-tuvi-industrializadas-y-la-recoleccion-de-residuos-en-la-mira\/\" target=\"_blank\" rel=\"noopener\">Surge de una banca opositora<\/a> que claramente tiene una informaci\u00f3n muy sesgada, que el sesgo no s\u00e9 si es malintencionado o es un sesgo realmente de desinformaci\u00f3n absoluta<\/strong>. El contrato de Mar del Plata tiene tres \u00edtems. Ella solamente tom\u00f3 uno. En el momento en que fue esa conversaci\u00f3n, <strong>en diciembre, el contrato de Mar del Plata era de aproximadamente 800 millones de pesos<\/strong>. Estaba compuesto por un contrato de recolecci\u00f3n, un contrato aparte por el barrido y un contrato aparte por el tratamiento de los residuos en el relleno sanitario. Adem\u00e1s tienen otra forma de contratar, que es por administraci\u00f3n (son tareas extra) y suman 100 millones m\u00e1s. Por lo tanto, <strong>lo mismo que en Olavarr\u00eda en ese momento se pag\u00f3 130 millones, si mal no recuerdo en Mar del Plata se estaba pagando 800 millones mensuales<\/strong>. \u00bfPor qu\u00e9 se dijo 500 millones anuales en el Concejo Deliberante? Habr\u00eda que preguntarle a esa concejal de d\u00f3nde saca informaci\u00f3n porque es totalmente maliciosa y e incorrecta.<\/p>\n<p>&nbsp;<\/p>\n","protected":false},"excerpt":{"rendered":"<p>Central de Noticias tambi\u00e9n consult\u00f3 a los funcionarios municipales por dos aspectos que estuvieron en discusi\u00f3n: los pliegos de la<\/p>\n","protected":false},"author":4,"featured_media":78406,"comment_status":"closed","ping_status":"closed","sticky":false,"template":"","format":"standard","meta":{"_jetpack_memberships_contains_paid_content":false,"footnotes":""},"categories":[5,1],"tags":[],"class_list":["post-78426","post","type-post","status-publish","format-standard","has-post-thumbnail","hentry","category-informacion-general","category-portada"],"jetpack_featured_media_url":"https:\/\/i0.wp.com\/cdnoticias.com\/wp-content\/uploads\/2023\/03\/gonzalo-ortiz-hilario-galli-1.jpg?fit=800%2C445&ssl=1","jetpack_sharing_enabled":true,"_links":{"self":[{"href":"https:\/\/cdnoticias.com\/index.php\/wp-json\/wp\/v2\/posts\/78426","targetHints":{"allow":["GET"]}}],"collection":[{"href":"https:\/\/cdnoticias.com\/index.php\/wp-json\/wp\/v2\/posts"}],"about":[{"href":"https:\/\/cdnoticias.com\/index.php\/wp-json\/wp\/v2\/types\/post"}],"author":[{"embeddable":true,"href":"https:\/\/cdnoticias.com\/index.php\/wp-json\/wp\/v2\/users\/4"}],"replies":[{"embeddable":true,"href":"https:\/\/cdnoticias.com\/index.php\/wp-json\/wp\/v2\/comments?post=78426"}],"version-history":[{"count":0,"href":"https:\/\/cdnoticias.com\/index.php\/wp-json\/wp\/v2\/posts\/78426\/revisions"}],"wp:featuredmedia":[{"embeddable":true,"href":"https:\/\/cdnoticias.com\/index.php\/wp-json\/wp\/v2\/media\/78406"}],"wp:attachment":[{"href":"https:\/\/cdnoticias.com\/index.php\/wp-json\/wp\/v2\/media?parent=78426"}],"wp:term":[{"taxonomy":"category","embeddable":true,"href":"https:\/\/cdnoticias.com\/index.php\/wp-json\/wp\/v2\/categories?post=78426"},{"taxonomy":"post_tag","embeddable":true,"href":"https:\/\/cdnoticias.com\/index.php\/wp-json\/wp\/v2\/tags?post=78426"}],"curies":[{"name":"wp","href":"https:\/\/api.w.org\/{rel}","templated":true}]}}