{"id":78411,"date":"2023-03-03T19:34:52","date_gmt":"2023-03-03T22:34:52","guid":{"rendered":"https:\/\/www.centraldenoticias.com.ar\/?p=78411"},"modified":"2023-03-03T19:34:52","modified_gmt":"2023-03-03T22:34:52","slug":"lanzamiento-del-programa-escuela-de-la-piedra-y-la-ceramica-en-sierras-bayas","status":"publish","type":"post","link":"https:\/\/cdnoticias.com\/index.php\/2023\/03\/03\/lanzamiento-del-programa-escuela-de-la-piedra-y-la-ceramica-en-sierras-bayas\/","title":{"rendered":"Lanzamiento del Programa \u201cEscuela de la Piedra y la Cer\u00e1mica\u201d en Sierras Bayas"},"content":{"rendered":"<p>Ser\u00e1 este s\u00e1bado 4 de marzo a partir de las 18 horas. Conoc\u00e9 los talleres que se dictar\u00e1n y c\u00f3mo inscribirse. <!--more--><\/p>\n<hr \/>\n<p>El Ministerio de Producci\u00f3n, Ciencia e Innovaci\u00f3n Tecnol\u00f3gica a trav\u00e9s de la <strong>Subsecretar\u00eda de Miner\u00eda<\/strong> abrir\u00e1 este <strong>s\u00e1bado 4 de marzo a las 18:00 <\/strong>en la sede<strong> AOMA Sierras Bayas<\/strong> (avenida General Jos\u00e9 de San Mart\u00edn 2252) los diferentes <strong>talleres de la &#8220;Escuela de Piedra y la Cer\u00e1mica <\/strong>con una muestra de los docentes y talleristas.<\/p>\n<p>&nbsp;<\/p>\n<p><em><strong>&#8220;El programa busca recuperar la identidad minero-artesanal de la regi\u00f3n a trav\u00e9s de la ense\u00f1anza de los oficios de picapedrero y ceramista, lo cual brindar\u00e1 herramientas formativas y asociativas para la generaci\u00f3n de nuevos trabajadores y trabajadoras locales&#8221;<\/strong><\/em> se indic\u00f3.<\/p>\n<p>&nbsp;<\/p>\n<p><strong>Talleres\u00a0<\/strong><\/p>\n<p>Iniciaci\u00f3n en Taller de Piedra. Docente: Ignacio Cardiello.<\/p>\n<p>Taller de Tallado y Pulido en Piedra. Docente: Mart\u00edn Buccarelli.<\/p>\n<p>Taller de Cer\u00e1mica contempor\u00e1nea y Arqueolog\u00eda. Docente: Mauricio D\u2019Amico.<\/p>\n<p>&nbsp;<\/p>\n<p>Los talleres est\u00e1n destinados a toda la comunidad a partir de los 18 a\u00f1os, sin necesidad de contar con experiencia previa. La inscripci\u00f3n se realizar\u00e1 en la semana del 6 al 10 de marzo, de manera presencial. Las personas interesadas deber\u00e1n acercarse con fotocopia de DNI. Los cupos ser\u00e1n limitados.<\/p>\n<p>&nbsp;<\/p>\n<p><strong>Inscripci\u00f3n<\/strong><\/p>\n<p>-Lunes y martes de 10:00 a 12:00 en sede AOMA Sierras Bayas.<\/p>\n<p>-Mi\u00e9rcoles, jueves y viernes de 10:00 a 12:00 en la delegaci\u00f3n Olavarr\u00eda de la Subsecretar\u00eda de Miner\u00eda &#8211; Belgrano esquina Independencia 2do piso (edificio de IOMA).<\/p>\n<p>&nbsp;<\/p>\n","protected":false},"excerpt":{"rendered":"<p>Ser\u00e1 este s\u00e1bado 4 de marzo a partir de las 18 horas. Conoc\u00e9 los talleres que se dictar\u00e1n y c\u00f3mo<\/p>\n","protected":false},"author":6,"featured_media":78412,"comment_status":"closed","ping_status":"closed","sticky":false,"template":"","format":"standard","meta":{"_jetpack_memberships_contains_paid_content":false,"footnotes":""},"categories":[5,1],"tags":[],"class_list":["post-78411","post","type-post","status-publish","format-standard","has-post-thumbnail","hentry","category-informacion-general","category-portada"],"jetpack_featured_media_url":"https:\/\/i0.wp.com\/cdnoticias.com\/wp-content\/uploads\/2023\/03\/WhatsApp-Image-2023-03-03-at-09.11.27.jpeg?fit=1600%2C800&ssl=1","jetpack_sharing_enabled":true,"_links":{"self":[{"href":"https:\/\/cdnoticias.com\/index.php\/wp-json\/wp\/v2\/posts\/78411","targetHints":{"allow":["GET"]}}],"collection":[{"href":"https:\/\/cdnoticias.com\/index.php\/wp-json\/wp\/v2\/posts"}],"about":[{"href":"https:\/\/cdnoticias.com\/index.php\/wp-json\/wp\/v2\/types\/post"}],"author":[{"embeddable":true,"href":"https:\/\/cdnoticias.com\/index.php\/wp-json\/wp\/v2\/users\/6"}],"replies":[{"embeddable":true,"href":"https:\/\/cdnoticias.com\/index.php\/wp-json\/wp\/v2\/comments?post=78411"}],"version-history":[{"count":0,"href":"https:\/\/cdnoticias.com\/index.php\/wp-json\/wp\/v2\/posts\/78411\/revisions"}],"wp:featuredmedia":[{"embeddable":true,"href":"https:\/\/cdnoticias.com\/index.php\/wp-json\/wp\/v2\/media\/78412"}],"wp:attachment":[{"href":"https:\/\/cdnoticias.com\/index.php\/wp-json\/wp\/v2\/media?parent=78411"}],"wp:term":[{"taxonomy":"category","embeddable":true,"href":"https:\/\/cdnoticias.com\/index.php\/wp-json\/wp\/v2\/categories?post=78411"},{"taxonomy":"post_tag","embeddable":true,"href":"https:\/\/cdnoticias.com\/index.php\/wp-json\/wp\/v2\/tags?post=78411"}],"curies":[{"name":"wp","href":"https:\/\/api.w.org\/{rel}","templated":true}]}}