{"id":78398,"date":"2023-03-04T17:11:24","date_gmt":"2023-03-04T20:11:24","guid":{"rendered":"https:\/\/www.centraldenoticias.com.ar\/?p=78398"},"modified":"2023-03-04T17:11:24","modified_gmt":"2023-03-04T20:11:24","slug":"se-dictara-el-curso-de-operador-de-grua-pluma-articulada","status":"publish","type":"post","link":"https:\/\/cdnoticias.com\/index.php\/2023\/03\/04\/se-dictara-el-curso-de-operador-de-grua-pluma-articulada\/","title":{"rendered":"Se dictar\u00e1 el curso de \u201coperador de gr\u00faa pluma articulada\u201d"},"content":{"rendered":"<p>Se trata de una propuesta de la Uni\u00f3n Industrial de Olavarr\u00eda junto a la empresa Worklift. El objetivo es capacitar en el manejo y la conducci\u00f3n segura. Hay cupos limitados. <!--more--><\/p>\n<hr \/>\n<p>La <strong>Uni\u00f3n Industrial de Olavarr\u00eda<\/strong> junto a la empresa <strong>Worklift<\/strong> ofrecen el curso -te\u00f3rico pr\u00e1ctico- de<strong> Operador de Gr\u00faa Pluma Articulada<\/strong> con el fin de capacitar en el manejo y la conducci\u00f3n segura. As\u00ed como tambi\u00e9n, conocer las limitaciones de los equipos y las condiciones de estabilidad para la elevaci\u00f3n de cargas.<\/p>\n<p>&nbsp;<\/p>\n<p>La capacitaci\u00f3n est\u00e1 dirigida a <strong>operadores de gr\u00faa, encargados de departamentos de seguridad y personal de mantenimiento de equipos<\/strong>, entre otros. Quienes est\u00e9n interesados en participar podr\u00e1n optar por dos jornadas: <strong>20 y 21 de marzo; y 22 y 23 de marzo.<\/strong> El costo del curso <strong>para socios de la UIO es de $25.000<\/strong>, en tanto, para el <strong>p\u00fablico en general tiene un valor de $35.000.<\/strong><\/p>\n<p>&nbsp;<\/p>\n<p>Es importante destacar que, las personas que realicen la capacitaci\u00f3n recibir\u00e1n un c<strong>ertificado y un carnet digital habilitante por dos a\u00f1os.<\/strong> Adem\u00e1s, incorporar\u00e1n conocimientos t\u00e9cnicos del equipo, manejo y operaci\u00f3n; reglas de seguridad y prevenci\u00f3n de riesgos; informaci\u00f3n sobre la capacidad de carga; velocidad de circulaci\u00f3n y prevenci\u00f3n de vuelcos, entre otros temas.<\/p>\n<p>&nbsp;<\/p>\n<p>Worklift es una empresa argentina l\u00edder con m\u00e1s de 17 a\u00f1os de trayectoria, especialista en inspecci\u00f3n de equipos de izaje y m\u00e1quinas viales; certificaci\u00f3n de operadores de equipos de izaje e inspectores de gr\u00faas y capacitaci\u00f3n de operadores, supervisores e inspectores de equipos de izaje.<\/p>\n<p>&nbsp;<\/p>\n<p><strong>Ya se encuentra abierta la inscripci\u00f3n<\/strong>, para hacerlo o recibir m\u00e1s informaci\u00f3n comun\u00edcate con Yoseli Ayalef, relaciones institucionales de la UIO de 9:00 a 16:00 al <strong>tel\u00e9fono 2284 606719.<\/strong> Los cupos son limitados.<\/p>\n","protected":false},"excerpt":{"rendered":"<p>Se trata de una propuesta de la Uni\u00f3n Industrial de Olavarr\u00eda junto a la empresa Worklift. El objetivo es capacitar<\/p>\n","protected":false},"author":5,"featured_media":78399,"comment_status":"closed","ping_status":"closed","sticky":false,"template":"","format":"standard","meta":{"_jetpack_memberships_contains_paid_content":false,"footnotes":""},"categories":[5,1],"tags":[],"class_list":["post-78398","post","type-post","status-publish","format-standard","has-post-thumbnail","hentry","category-informacion-general","category-portada"],"jetpack_featured_media_url":"https:\/\/i0.wp.com\/cdnoticias.com\/wp-content\/uploads\/2023\/03\/curso-union-industrial.jpg?fit=1894%2C1053&ssl=1","jetpack_sharing_enabled":true,"_links":{"self":[{"href":"https:\/\/cdnoticias.com\/index.php\/wp-json\/wp\/v2\/posts\/78398","targetHints":{"allow":["GET"]}}],"collection":[{"href":"https:\/\/cdnoticias.com\/index.php\/wp-json\/wp\/v2\/posts"}],"about":[{"href":"https:\/\/cdnoticias.com\/index.php\/wp-json\/wp\/v2\/types\/post"}],"author":[{"embeddable":true,"href":"https:\/\/cdnoticias.com\/index.php\/wp-json\/wp\/v2\/users\/5"}],"replies":[{"embeddable":true,"href":"https:\/\/cdnoticias.com\/index.php\/wp-json\/wp\/v2\/comments?post=78398"}],"version-history":[{"count":0,"href":"https:\/\/cdnoticias.com\/index.php\/wp-json\/wp\/v2\/posts\/78398\/revisions"}],"wp:featuredmedia":[{"embeddable":true,"href":"https:\/\/cdnoticias.com\/index.php\/wp-json\/wp\/v2\/media\/78399"}],"wp:attachment":[{"href":"https:\/\/cdnoticias.com\/index.php\/wp-json\/wp\/v2\/media?parent=78398"}],"wp:term":[{"taxonomy":"category","embeddable":true,"href":"https:\/\/cdnoticias.com\/index.php\/wp-json\/wp\/v2\/categories?post=78398"},{"taxonomy":"post_tag","embeddable":true,"href":"https:\/\/cdnoticias.com\/index.php\/wp-json\/wp\/v2\/tags?post=78398"}],"curies":[{"name":"wp","href":"https:\/\/api.w.org\/{rel}","templated":true}]}}