{"id":78383,"date":"2023-03-03T13:02:47","date_gmt":"2023-03-03T16:02:47","guid":{"rendered":"https:\/\/www.centraldenoticias.com.ar\/?p=78383"},"modified":"2023-03-03T17:17:45","modified_gmt":"2023-03-03T20:17:45","slug":"campana-de-vacunacion-covid-en-la-ciudad-y-las-localidades","status":"publish","type":"post","link":"https:\/\/cdnoticias.com\/index.php\/2023\/03\/03\/campana-de-vacunacion-covid-en-la-ciudad-y-las-localidades\/","title":{"rendered":"Campa\u00f1a de Vacunaci\u00f3n Covid en la ciudad y las localidades"},"content":{"rendered":"<p>Ser\u00e1 desde el 6 hasta el 10 de marzo en todos los centros de salud. Est\u00e1 destinada a la poblaci\u00f3n que deba iniciar o completar esquemas de vacunaci\u00f3n.<!--more--><\/p>\n<hr \/>\n<p>A partir del pr\u00f3ximo <strong>lunes 6 de marzo<\/strong> se pondr\u00e1 en marcha una nueva campa\u00f1a de vacunaci\u00f3n que se replicar\u00e1 en todos los centros de salud, tanto de la ciudad como de las localidades del Partido de Olavarr\u00eda, y que<strong> se extender\u00e1 hasta el viernes 10.<\/strong><\/p>\n<p>&nbsp;<\/p>\n<p>En ese sentido, se precis\u00f3 que <strong>en los centros de salud y en el vacunatorio del Hospital Municipal \u201cDoctor H\u00e9ctor Cura\u201d<\/strong>, al igual que en las localidades de <strong>Sierras Bayas, Loma Negra, Hinojo, Colonia San Miguel y Recalde,<\/strong> se lo har\u00e1 en el horario <strong>de 8 a 14 horas.<\/strong><\/p>\n<p>&nbsp;<\/p>\n<p>En el <strong>Centro de Inmunizaciones Banco de Leche<\/strong>, por su parte, se podr\u00e1n acercar de <strong>lunes a viernes en el horario de 7:30 a 13:30 horas y s\u00e1bados de 8:30 a 12:30 horas.<\/strong><\/p>\n<p>&nbsp;<\/p>\n<p>Se enfatiz\u00f3 que est\u00e1 destinada a toda la poblaci\u00f3n que deba<strong> iniciar o completar esquemas de vacunaci\u00f3n contra el Covid19.\u00a0<\/strong><\/p>\n","protected":false},"excerpt":{"rendered":"<p>Ser\u00e1 desde el 6 hasta el 10 de marzo en todos los centros de salud. Est\u00e1 destinada a la poblaci\u00f3n<\/p>\n","protected":false},"author":5,"featured_media":63798,"comment_status":"closed","ping_status":"closed","sticky":false,"template":"","format":"standard","meta":{"_jetpack_memberships_contains_paid_content":false,"footnotes":""},"categories":[5,1],"tags":[],"class_list":["post-78383","post","type-post","status-publish","format-standard","has-post-thumbnail","hentry","category-informacion-general","category-portada"],"jetpack_featured_media_url":"https:\/\/i0.wp.com\/cdnoticias.com\/wp-content\/uploads\/2022\/08\/vacuna-adolescentes-2-800x445-4.jpg?fit=800%2C445&ssl=1","jetpack_sharing_enabled":true,"_links":{"self":[{"href":"https:\/\/cdnoticias.com\/index.php\/wp-json\/wp\/v2\/posts\/78383","targetHints":{"allow":["GET"]}}],"collection":[{"href":"https:\/\/cdnoticias.com\/index.php\/wp-json\/wp\/v2\/posts"}],"about":[{"href":"https:\/\/cdnoticias.com\/index.php\/wp-json\/wp\/v2\/types\/post"}],"author":[{"embeddable":true,"href":"https:\/\/cdnoticias.com\/index.php\/wp-json\/wp\/v2\/users\/5"}],"replies":[{"embeddable":true,"href":"https:\/\/cdnoticias.com\/index.php\/wp-json\/wp\/v2\/comments?post=78383"}],"version-history":[{"count":0,"href":"https:\/\/cdnoticias.com\/index.php\/wp-json\/wp\/v2\/posts\/78383\/revisions"}],"wp:featuredmedia":[{"embeddable":true,"href":"https:\/\/cdnoticias.com\/index.php\/wp-json\/wp\/v2\/media\/63798"}],"wp:attachment":[{"href":"https:\/\/cdnoticias.com\/index.php\/wp-json\/wp\/v2\/media?parent=78383"}],"wp:term":[{"taxonomy":"category","embeddable":true,"href":"https:\/\/cdnoticias.com\/index.php\/wp-json\/wp\/v2\/categories?post=78383"},{"taxonomy":"post_tag","embeddable":true,"href":"https:\/\/cdnoticias.com\/index.php\/wp-json\/wp\/v2\/tags?post=78383"}],"curies":[{"name":"wp","href":"https:\/\/api.w.org\/{rel}","templated":true}]}}