{"id":78374,"date":"2023-03-04T09:39:09","date_gmt":"2023-03-04T12:39:09","guid":{"rendered":"https:\/\/www.centraldenoticias.com.ar\/?p=78374"},"modified":"2023-03-04T09:39:09","modified_gmt":"2023-03-04T12:39:09","slug":"pichetto-ratifico-su-intencion-de-ser-presidente-mario-cura-estuvo-en-el-acto","status":"publish","type":"post","link":"https:\/\/cdnoticias.com\/index.php\/2023\/03\/04\/pichetto-ratifico-su-intencion-de-ser-presidente-mario-cura-estuvo-en-el-acto\/","title":{"rendered":"Pichetto ratific\u00f3 su intenci\u00f3n de ser presidente: Mario Cura estuvo en el acto"},"content":{"rendered":"<p>\u201cSi hay PASO voy a competir dentro de la coalici\u00f3n de Juntos por el Cambio\u201d dijo el referente nacional de Encuentro Republicano Federal.<!--more--><\/p>\n<hr \/>\n<p><strong>Este jueves quien, el dirigente olavarriense Mario Cura estuvo presente en el acto de la Mesa Federal de Encuentro Republicano Federal<\/strong>, realizado en el sindicato gastron\u00f3mico de Capital Federal, donde el referente nacional <strong>Miguel \u00c1ngel Pichetto ratific\u00f3 su precandidatura a presidente de la Rep\u00fablica Argentina<\/strong>.<\/p>\n<p>&nbsp;<\/p>\n<p>El acto dio inici\u00f3 con la bienvenida de Dante Cama\u00f1o (UTHGRA) a todos los presentes. Luego qui\u00e9n tomo la palabra fue Ramon Puerta (expresidente de la Naci\u00f3n y exgobernador de Misiones), qui\u00e9n asegur\u00f3 que <strong>\u201cMiguel es el candidato que el pa\u00eds necesita\u201d<\/strong>.<\/p>\n<p>&nbsp;<\/p>\n<p>Tambi\u00e9n asistieron dirigentes como el exministro del Interior, exsecretario de Inteligencia y exdiputado Miguel \u00c1ngel Toma; Betina Florito, candidata a gobernadora de Santa Fe; la diputada nacional por Misiones, Florencia Klipauka, y Eduardo Mondino, presidente de la fundaci\u00f3n Encuentro Federal.<\/p>\n<p>&nbsp;<\/p>\n<blockquote><p>Pichetto fue el orador principal de la jornada. \u201cSi hay PASO voy a competir dentro de la coalici\u00f3n de Juntos por el Cambio. Quiero ser presidente porque tengo ideas, una visi\u00f3n de pa\u00eds, una mirada capitalista, un equipo preparado, y porque creo que la Argentina tiene destino\u201d defini\u00f3.<\/p><\/blockquote>\n<p>&nbsp;<\/p>\n<p><img data-recalc-dims=\"1\" loading=\"lazy\" decoding=\"async\" class=\"size-full wp-image-78376 aligncenter\" src=\"https:\/\/i0.wp.com\/cdnoticias.com\/wp-content\/uploads\/2023\/03\/pichetto-precandidato.jpg?resize=567%2C315&#038;ssl=1\" alt=\"\" width=\"567\" height=\"315\" srcset=\"https:\/\/i0.wp.com\/cdnoticias.com\/wp-content\/uploads\/2023\/03\/pichetto-precandidato.jpg?w=567&amp;ssl=1 567w, https:\/\/i0.wp.com\/cdnoticias.com\/wp-content\/uploads\/2023\/03\/pichetto-precandidato.jpg?resize=300%2C167&amp;ssl=1 300w\" sizes=\"auto, (max-width: 567px) 100vw, 567px\" \/><\/p>\n<p>&nbsp;<\/p>\n<p>Desde la agrupaci\u00f3n local se hizo hincapi\u00e9 en que <strong>\u201cla precandidatura ser\u00e1 sostenida por todo Encuentro Republicano Federal a lo largo y a lo ancho del pa\u00eds<\/strong>, haciendo hincapi\u00e9 en el programa de gobierno, basado en las 100 ideas fundamentales regidas por el lema \u00b4Orden y Administraci\u00f3n\u00b4\u201d.<\/p>\n<p>&nbsp;<\/p>\n<p>Entre aplausos, Pichetto afirm\u00f3: \u201cDebemos volver a mirar a Occidente, no alinearnos con dictaduras de izquierda como Venezuela, Cuba o Nicaragua\u201d. M\u00e1s adelante proclam\u00f3: \u201cHay que basarse en una mirada capitalista, donde tenemos que<strong> emprender un cambio cultural, para derrotar el mundo del pobrismo<\/strong>, de los planes y los gerentes de la pobreza. Apoyar al productor, bajar la triple carga impositiva, fortalecer y modernizar las leyes laborales especialmente para las Pymes\u201d.<\/p>\n<p>&nbsp;<\/p>\n<p>Adem\u00e1s, sostuvo que hay que \u201crobustecer nuestras fuerzas armadas y de seguridad para poder hacer frente a los nuevos desaf\u00edos y delitos\u201d. En ese sentido, consider\u00f3 que <strong>\u201cel ej\u00e9rcito debe estar en la zona de frontera<\/strong>. Deben cuidar al territorio de las nuevas formas de peligro de p\u00e9rdida de la soberan\u00eda. El orden es inherente a la capacidad de gobernar\u201d.<\/p>\n<p>&nbsp;<\/p>\n<p><strong>\u201cQuiero ser presidente porque tengo un equipo preparado<\/strong>, y porque creo que la Argentina puede y tiene destino, hay salir de la oscuridad\u201d cerr\u00f3 el ex senador nacional para subrayar su intenci\u00f3n de buscar la precandidatura nacional.<\/p>\n<p>&nbsp;<\/p>\n","protected":false},"excerpt":{"rendered":"<p>\u201cSi hay PASO voy a competir dentro de la coalici\u00f3n de Juntos por el Cambio\u201d dijo el referente nacional de<\/p>\n","protected":false},"author":4,"featured_media":78375,"comment_status":"closed","ping_status":"closed","sticky":false,"template":"","format":"standard","meta":{"_jetpack_memberships_contains_paid_content":false,"footnotes":""},"categories":[4],"tags":[],"class_list":["post-78374","post","type-post","status-publish","format-standard","has-post-thumbnail","hentry","category-politica"],"jetpack_featured_media_url":"https:\/\/i0.wp.com\/cdnoticias.com\/wp-content\/uploads\/2023\/03\/mario-cura-pichetto.jpg?fit=800%2C444&ssl=1","jetpack_sharing_enabled":true,"_links":{"self":[{"href":"https:\/\/cdnoticias.com\/index.php\/wp-json\/wp\/v2\/posts\/78374","targetHints":{"allow":["GET"]}}],"collection":[{"href":"https:\/\/cdnoticias.com\/index.php\/wp-json\/wp\/v2\/posts"}],"about":[{"href":"https:\/\/cdnoticias.com\/index.php\/wp-json\/wp\/v2\/types\/post"}],"author":[{"embeddable":true,"href":"https:\/\/cdnoticias.com\/index.php\/wp-json\/wp\/v2\/users\/4"}],"replies":[{"embeddable":true,"href":"https:\/\/cdnoticias.com\/index.php\/wp-json\/wp\/v2\/comments?post=78374"}],"version-history":[{"count":0,"href":"https:\/\/cdnoticias.com\/index.php\/wp-json\/wp\/v2\/posts\/78374\/revisions"}],"wp:featuredmedia":[{"embeddable":true,"href":"https:\/\/cdnoticias.com\/index.php\/wp-json\/wp\/v2\/media\/78375"}],"wp:attachment":[{"href":"https:\/\/cdnoticias.com\/index.php\/wp-json\/wp\/v2\/media?parent=78374"}],"wp:term":[{"taxonomy":"category","embeddable":true,"href":"https:\/\/cdnoticias.com\/index.php\/wp-json\/wp\/v2\/categories?post=78374"},{"taxonomy":"post_tag","embeddable":true,"href":"https:\/\/cdnoticias.com\/index.php\/wp-json\/wp\/v2\/tags?post=78374"}],"curies":[{"name":"wp","href":"https:\/\/api.w.org\/{rel}","templated":true}]}}