{"id":7834,"date":"2020-11-30T19:43:37","date_gmt":"2020-11-30T22:43:37","guid":{"rendered":"http:\/\/www.centraldenoticias.com.ar\/?p=7834"},"modified":"2020-11-30T19:43:37","modified_gmt":"2020-11-30T22:43:37","slug":"entrega-de-subsidios-para-espacios-culturales-y-turisticos","status":"publish","type":"post","link":"https:\/\/cdnoticias.com\/index.php\/2020\/11\/30\/entrega-de-subsidios-para-espacios-culturales-y-turisticos\/","title":{"rendered":"Entrega de subsidios para espacios culturales y tur\u00edsticos"},"content":{"rendered":"<p>&nbsp;<\/p>\n<p>El intendente Ezequiel Galli encabez\u00f3 el acto que se concret\u00f3 en el Centro Cultural Municipal \u201cSan Jos\u00e9\u201d.<!--more--><\/p>\n<hr \/>\n<p>Al mediod\u00eda de este lunes, el intendente Ezequiel Galli \u2013en el Centro Cultural Municipal \u201cSan Jos\u00e9\u201d encabez\u00f3 la entrega de subsidios proveniente del <strong>Cat\u00e1logo Tur\u00edstico y Cultural de la provincia de Buenos Aires<\/strong>, para espacios culturales y tur\u00edsticos del Partido de Olavarr\u00eda.<\/p>\n<p>&nbsp;<\/p>\n<p><img data-recalc-dims=\"1\" loading=\"lazy\" decoding=\"async\" class=\"alignnone size-large wp-image-7839\" src=\"https:\/\/i0.wp.com\/cdnoticias.com\/wp-content\/uploads\/2020\/11\/Entrega-Subsidio-Cultura-Turismo-5-scaled.jpg?resize=800%2C534&#038;ssl=1\" alt=\"\" width=\"800\" height=\"534\" srcset=\"https:\/\/i0.wp.com\/cdnoticias.com\/wp-content\/uploads\/2020\/11\/Entrega-Subsidio-Cultura-Turismo-5-scaled.jpg?resize=1024%2C684&amp;ssl=1 1024w, https:\/\/i0.wp.com\/cdnoticias.com\/wp-content\/uploads\/2020\/11\/Entrega-Subsidio-Cultura-Turismo-5-scaled.jpg?resize=300%2C201&amp;ssl=1 300w, https:\/\/i0.wp.com\/cdnoticias.com\/wp-content\/uploads\/2020\/11\/Entrega-Subsidio-Cultura-Turismo-5-scaled.jpg?resize=768%2C513&amp;ssl=1 768w, https:\/\/i0.wp.com\/cdnoticias.com\/wp-content\/uploads\/2020\/11\/Entrega-Subsidio-Cultura-Turismo-5-scaled.jpg?resize=272%2C182&amp;ssl=1 272w, https:\/\/i0.wp.com\/cdnoticias.com\/wp-content\/uploads\/2020\/11\/Entrega-Subsidio-Cultura-Turismo-5-scaled.jpg?w=1600&amp;ssl=1 1600w, https:\/\/i0.wp.com\/cdnoticias.com\/wp-content\/uploads\/2020\/11\/Entrega-Subsidio-Cultura-Turismo-5-scaled.jpg?w=2400&amp;ssl=1 2400w\" sizes=\"auto, (max-width: 800px) 100vw, 800px\" \/><\/p>\n<p>&nbsp;<\/p>\n<p>Estuvo acompa\u00f1ado por los Secretarios de Desarrollo Humano y Calidad de Vida Diego Robbiani y de Desarrollo Econ\u00f3mico Julio Valetutto, la subsecretaria de Cultura y Educaci\u00f3n Agustina Marino, el director de Cultura Mariano Sarthou, el director de Turismo Daniel Martinez y la directora de Turismo de Reuniones y Eventos Emilia Martinese.<\/p>\n<p>&nbsp;<\/p>\n<p><img data-recalc-dims=\"1\" loading=\"lazy\" decoding=\"async\" class=\"alignnone size-large wp-image-7838\" src=\"https:\/\/i0.wp.com\/cdnoticias.com\/wp-content\/uploads\/2020\/11\/Entrega-Subsidio-Cultura-Turismo-3-scaled.jpg?resize=800%2C534&#038;ssl=1\" alt=\"\" width=\"800\" height=\"534\" srcset=\"https:\/\/i0.wp.com\/cdnoticias.com\/wp-content\/uploads\/2020\/11\/Entrega-Subsidio-Cultura-Turismo-3-scaled.jpg?resize=1024%2C684&amp;ssl=1 1024w, https:\/\/i0.wp.com\/cdnoticias.com\/wp-content\/uploads\/2020\/11\/Entrega-Subsidio-Cultura-Turismo-3-scaled.jpg?resize=300%2C201&amp;ssl=1 300w, https:\/\/i0.wp.com\/cdnoticias.com\/wp-content\/uploads\/2020\/11\/Entrega-Subsidio-Cultura-Turismo-3-scaled.jpg?resize=768%2C513&amp;ssl=1 768w, https:\/\/i0.wp.com\/cdnoticias.com\/wp-content\/uploads\/2020\/11\/Entrega-Subsidio-Cultura-Turismo-3-scaled.jpg?resize=272%2C182&amp;ssl=1 272w, https:\/\/i0.wp.com\/cdnoticias.com\/wp-content\/uploads\/2020\/11\/Entrega-Subsidio-Cultura-Turismo-3-scaled.jpg?w=1600&amp;ssl=1 1600w, https:\/\/i0.wp.com\/cdnoticias.com\/wp-content\/uploads\/2020\/11\/Entrega-Subsidio-Cultura-Turismo-3-scaled.jpg?w=2400&amp;ssl=1 2400w\" sizes=\"auto, (max-width: 800px) 100vw, 800px\" \/><\/p>\n<p>&nbsp;<\/p>\n<p><img data-recalc-dims=\"1\" loading=\"lazy\" decoding=\"async\" class=\"alignnone size-large wp-image-7835\" src=\"https:\/\/i0.wp.com\/cdnoticias.com\/wp-content\/uploads\/2020\/11\/Entrega-Subsidio-Cultura-Turismo-1-scaled.jpg?resize=800%2C534&#038;ssl=1\" alt=\"\" width=\"800\" height=\"534\" srcset=\"https:\/\/i0.wp.com\/cdnoticias.com\/wp-content\/uploads\/2020\/11\/Entrega-Subsidio-Cultura-Turismo-1-scaled.jpg?resize=1024%2C684&amp;ssl=1 1024w, https:\/\/i0.wp.com\/cdnoticias.com\/wp-content\/uploads\/2020\/11\/Entrega-Subsidio-Cultura-Turismo-1-scaled.jpg?resize=300%2C201&amp;ssl=1 300w, https:\/\/i0.wp.com\/cdnoticias.com\/wp-content\/uploads\/2020\/11\/Entrega-Subsidio-Cultura-Turismo-1-scaled.jpg?resize=768%2C513&amp;ssl=1 768w, https:\/\/i0.wp.com\/cdnoticias.com\/wp-content\/uploads\/2020\/11\/Entrega-Subsidio-Cultura-Turismo-1-scaled.jpg?resize=272%2C182&amp;ssl=1 272w, https:\/\/i0.wp.com\/cdnoticias.com\/wp-content\/uploads\/2020\/11\/Entrega-Subsidio-Cultura-Turismo-1-scaled.jpg?w=1600&amp;ssl=1 1600w, https:\/\/i0.wp.com\/cdnoticias.com\/wp-content\/uploads\/2020\/11\/Entrega-Subsidio-Cultura-Turismo-1-scaled.jpg?w=2400&amp;ssl=1 2400w\" sizes=\"auto, (max-width: 800px) 100vw, 800px\" \/><\/p>\n<p>&nbsp;<\/p>\n<p>El Intendente destac\u00f3 este apoyo <strong><em>\u201cque creemos que es importante y esperemos que sirva en este momento, que han pasado meses tan duros y que de a poquito vayamos pensando entre todos en volver a la nueva normalidad\u201d.<\/em><\/strong><\/p>\n<p>&nbsp;<\/p>\n<p>El Ministerio de Producci\u00f3n, Ciencia e Innovaci\u00f3n Tecnol\u00f3gica de la Provincia de Buenos Aires cre\u00f3 el Cat\u00e1logo TyC como un mapa para visualizar la composici\u00f3n y la distribuci\u00f3n del entramado tur\u00edstico-cultural bonaerense, con el objetivo de <strong>potenciar a los espacios e incluirlos en pol\u00edticas de respaldo y promoci\u00f3n.<\/strong><\/p>\n","protected":false},"excerpt":{"rendered":"<p>&nbsp; El intendente Ezequiel Galli encabez\u00f3 el acto que se concret\u00f3 en el Centro Cultural Municipal \u201cSan Jos\u00e9\u201d.<\/p>\n","protected":false},"author":5,"featured_media":7837,"comment_status":"closed","ping_status":"closed","sticky":false,"template":"","format":"standard","meta":{"_jetpack_memberships_contains_paid_content":false,"footnotes":""},"categories":[4,1],"tags":[],"class_list":["post-7834","post","type-post","status-publish","format-standard","has-post-thumbnail","hentry","category-politica","category-portada"],"jetpack_featured_media_url":"https:\/\/i0.wp.com\/cdnoticias.com\/wp-content\/uploads\/2020\/11\/Entrega-Subsidio-Cultura-Turismo-2-scaled.jpg?fit=2560%2C1711&ssl=1","jetpack_sharing_enabled":true,"_links":{"self":[{"href":"https:\/\/cdnoticias.com\/index.php\/wp-json\/wp\/v2\/posts\/7834","targetHints":{"allow":["GET"]}}],"collection":[{"href":"https:\/\/cdnoticias.com\/index.php\/wp-json\/wp\/v2\/posts"}],"about":[{"href":"https:\/\/cdnoticias.com\/index.php\/wp-json\/wp\/v2\/types\/post"}],"author":[{"embeddable":true,"href":"https:\/\/cdnoticias.com\/index.php\/wp-json\/wp\/v2\/users\/5"}],"replies":[{"embeddable":true,"href":"https:\/\/cdnoticias.com\/index.php\/wp-json\/wp\/v2\/comments?post=7834"}],"version-history":[{"count":0,"href":"https:\/\/cdnoticias.com\/index.php\/wp-json\/wp\/v2\/posts\/7834\/revisions"}],"wp:featuredmedia":[{"embeddable":true,"href":"https:\/\/cdnoticias.com\/index.php\/wp-json\/wp\/v2\/media\/7837"}],"wp:attachment":[{"href":"https:\/\/cdnoticias.com\/index.php\/wp-json\/wp\/v2\/media?parent=7834"}],"wp:term":[{"taxonomy":"category","embeddable":true,"href":"https:\/\/cdnoticias.com\/index.php\/wp-json\/wp\/v2\/categories?post=7834"},{"taxonomy":"post_tag","embeddable":true,"href":"https:\/\/cdnoticias.com\/index.php\/wp-json\/wp\/v2\/tags?post=7834"}],"curies":[{"name":"wp","href":"https:\/\/api.w.org\/{rel}","templated":true}]}}