{"id":78305,"date":"2023-03-02T17:40:00","date_gmt":"2023-03-02T20:40:00","guid":{"rendered":"https:\/\/www.centraldenoticias.com.ar\/?p=78305"},"modified":"2023-03-02T18:54:20","modified_gmt":"2023-03-02T21:54:20","slug":"activistas-por-la-liberacion-animal-organizan-una-marcha-contra-el-festival-de-doma-y-folklore","status":"publish","type":"post","link":"https:\/\/cdnoticias.com\/index.php\/2023\/03\/02\/activistas-por-la-liberacion-animal-organizan-una-marcha-contra-el-festival-de-doma-y-folklore\/","title":{"rendered":"Activistas por la liberaci\u00f3n animal organizan una marcha contra el Festival de Doma y Folklore"},"content":{"rendered":"<p>Exigieron a artistas y dirigentes pol\u00edticos que suspendan la jineteada. Incluso, empapelaron edificios p\u00fablicos y de instituciones involucradas con el lema \u201cBasta de domas\u201d. <!--more--><\/p>\n<hr \/>\n<p>En la previa del importante <strong>Festival de Doma y Folklore que se realizar\u00e1 este fin de semana en Olavarr\u00eda, una agrupaci\u00f3n de activistas por la liberaci\u00f3n animal realiz\u00f3 una manifestaci\u00f3n p\u00fablica por medio de pegatinas con el lema \u201cBasta de domas\u201d<\/strong> e incluso se logr\u00f3 saber que organizan una movilizaci\u00f3n para los d\u00edas del Festival.<\/p>\n<p>&nbsp;<\/p>\n<p><strong>La manifestaci\u00f3n p\u00fablica se realiz\u00f3 en el Palacio San Mart\u00edn, el Concejo Deliberante, la Sociedad Rural, entre otras instituciones,<\/strong> donde realizaron pegatinas de varios carteles para \u201cexponer\u201d quienes son \u201clos responsables del maltrato animal\u201d.<\/p>\n<p>&nbsp;<\/p>\n<blockquote><p>Si bien no se estableci\u00f3 fecha y horario de la marcha, la intenci\u00f3n es pedir por la no realizaci\u00f3n de la tradicional jineteada del festival.<\/p><\/blockquote>\n<p>&nbsp;<\/p>\n<p>En un comunicado emitido en las \u00faltimas horas en sus redes sociales, <strong>la agrupaci\u00f3n \u201cAla Olavarr\u00eda\u201d admiti\u00f3 que \u201cArgentina tiene una cultura bella y diversa\u201d, pero \u201cdentro de ella a\u00fan quedan pr\u00e1cticas crueles, como las domas\u201d.<\/strong><\/p>\n<p>&nbsp;<\/p>\n<blockquote><p>\u201cLos animales son forzados a realizar esta actividad contra su voluntad. Son torturados con relinchos y espuelas. Se han dado casos de animales que mueren durante el transporte o en el medio del relincho por resistirse\u201d.<\/p><\/blockquote>\n<p>&nbsp;<\/p>\n<p>Se\u00f1alaron que los humanos <em>\u201cbuscamos demostrar nuestra superioridad rebajando a lxs dem\u00e1s, violent\u00e1ndolos. Una sociedad que ve a las domas como entretenimiento es una sociedad violenta\u201d<\/em> y que se debe dejar de tratar a los animales como<em> \u201cjuguetes\u201d.<\/em><\/p>\n<p>&nbsp;<\/p>\n<p>En este sentido, <strong>mencionaron a todos los artistas que participar\u00e1n del Festival de Doma y Folklore<\/strong> y le pidieron que <em>\u201cno participen de la jineteada\u201d.<\/em><\/p>\n<p>&nbsp;<\/p>\n<p>En otro posteo, titulado <strong><em>\u201cLa doma es tortura\u201d<\/em> <\/strong>los activistas mencionaron a dirigentes pol\u00edticos e instituciones que acompa\u00f1an o participan de la doma y las catalogaron como \u201cc\u00f3mplices\u201d y \u201cresponsables\u201d de \u201cesta barbarie\u201d.<\/p>\n<p>&nbsp;<\/p>\n","protected":false},"excerpt":{"rendered":"<p>Exigieron a artistas y dirigentes pol\u00edticos que suspendan la jineteada. Incluso, empapelaron edificios p\u00fablicos y de instituciones involucradas con el<\/p>\n","protected":false},"author":2,"featured_media":78310,"comment_status":"closed","ping_status":"closed","sticky":false,"template":"","format":"standard","meta":{"_jetpack_memberships_contains_paid_content":false,"footnotes":""},"categories":[5,1],"tags":[],"class_list":["post-78305","post","type-post","status-publish","format-standard","has-post-thumbnail","hentry","category-informacion-general","category-portada"],"jetpack_featured_media_url":"https:\/\/i0.wp.com\/cdnoticias.com\/wp-content\/uploads\/2023\/03\/ala-olavarria-protesta.jpg?fit=1599%2C890&ssl=1","jetpack_sharing_enabled":true,"_links":{"self":[{"href":"https:\/\/cdnoticias.com\/index.php\/wp-json\/wp\/v2\/posts\/78305","targetHints":{"allow":["GET"]}}],"collection":[{"href":"https:\/\/cdnoticias.com\/index.php\/wp-json\/wp\/v2\/posts"}],"about":[{"href":"https:\/\/cdnoticias.com\/index.php\/wp-json\/wp\/v2\/types\/post"}],"author":[{"embeddable":true,"href":"https:\/\/cdnoticias.com\/index.php\/wp-json\/wp\/v2\/users\/2"}],"replies":[{"embeddable":true,"href":"https:\/\/cdnoticias.com\/index.php\/wp-json\/wp\/v2\/comments?post=78305"}],"version-history":[{"count":0,"href":"https:\/\/cdnoticias.com\/index.php\/wp-json\/wp\/v2\/posts\/78305\/revisions"}],"wp:featuredmedia":[{"embeddable":true,"href":"https:\/\/cdnoticias.com\/index.php\/wp-json\/wp\/v2\/media\/78310"}],"wp:attachment":[{"href":"https:\/\/cdnoticias.com\/index.php\/wp-json\/wp\/v2\/media?parent=78305"}],"wp:term":[{"taxonomy":"category","embeddable":true,"href":"https:\/\/cdnoticias.com\/index.php\/wp-json\/wp\/v2\/categories?post=78305"},{"taxonomy":"post_tag","embeddable":true,"href":"https:\/\/cdnoticias.com\/index.php\/wp-json\/wp\/v2\/tags?post=78305"}],"curies":[{"name":"wp","href":"https:\/\/api.w.org\/{rel}","templated":true}]}}