{"id":78297,"date":"2023-03-02T18:31:19","date_gmt":"2023-03-02T21:31:19","guid":{"rendered":"https:\/\/www.centraldenoticias.com.ar\/?p=78297"},"modified":"2023-03-02T18:31:19","modified_gmt":"2023-03-02T21:31:19","slug":"se-abrio-la-inscripcion-2023-a-las-becas-progresar","status":"publish","type":"post","link":"https:\/\/cdnoticias.com\/index.php\/2023\/03\/02\/se-abrio-la-inscripcion-2023-a-las-becas-progresar\/","title":{"rendered":"Se abri\u00f3 la inscripci\u00f3n 2023 a las Becas Progresar"},"content":{"rendered":"<p>Hasta el 31 de marzo para los interesados en recibir becas en las diferentes l\u00edneas de apoyo. Requisitos y montos.<\/p>\n<p><!--more--><\/p>\n<hr \/>\n<p><strong>El Ministerio de Educaci\u00f3n nacional abri\u00f3 la Primera Convocatoria 2023 para la inscripci\u00f3n al Programa Progresar<\/strong> en el que el gobierno nacional invertir\u00e1 143.000 millones de pesos en el otorgamiento de becas educativas y la puesta en marcha de acciones integradas en todo el territorio nacional.<\/p>\n<p>&nbsp;<\/p>\n<blockquote><p>\u201cQueremos garantizar el derecho a la educaci\u00f3n de las chicas y los chicos de nuestro pa\u00eds, para que terminen sus estudios y puedan desarrollarse profesionalmente\u201d, explic\u00f3 el Ministro de Educaci\u00f3n, Jaime Perczyk.<\/p><\/blockquote>\n<p>&nbsp;<\/p>\n<p>El per\u00edodo de inscripci\u00f3n se llevar\u00e1 a cabo<strong> desde el 1 al 31 de marzo<\/strong> para<strong> Progresar Obligatorio, Progresar Superior y Progresar Enfermer\u00eda<\/strong>. La inscripci\u00f3n a la L\u00ednea Progresar Trabajo estar\u00e1 disponible desde el mes de marzo hasta noviembre inclusive.<\/p>\n<p>&nbsp;<\/p>\n<p>Los <strong>requisitos de edad para acceder al Programa<\/strong> desarrollado por la Secretar\u00eda de Cooperaci\u00f3n Educativa y Acciones Prioritarias var\u00edan seg\u00fan la l\u00ednea de beca.<\/p>\n<p>&nbsp;<\/p>\n<blockquote class=\"twitter-tweet\">\n<p dir=\"ltr\" lang=\"es\">\ud83d\udcda PROGRESAR 2023<\/p>\n<p>\ud83d\udc49\ud83c\udffb Abrimos la primera inscripci\u00f3n del a\u00f1o para las becas en todas sus l\u00edneas: Progresar Obligatorio (incluye L\u00ednea 16 y 17), Progresar Superior, Progresar Enfermer\u00eda y Progresar Trabajo. <a href=\"https:\/\/t.co\/nz2zxAoQ8t\">pic.twitter.com\/nz2zxAoQ8t<\/a><\/p>\n<p>\u2014 ANSES (@ansesgob) <a href=\"https:\/\/twitter.com\/ansesgob\/status\/1630902965698457600?ref_src=twsrc%5Etfw\">March 1, 2023<\/a><\/p><\/blockquote>\n<p><script async src=\"https:\/\/platform.twitter.com\/widgets.js\" charset=\"utf-8\"><\/script><\/p>\n<p>&nbsp;<\/p>\n<p>Para <strong>Progresar Obligatorio<\/strong> las y los estudiantes deben tener entre 16 y 24 a\u00f1os. Para <strong>Progresar Superior<\/strong>, entre 17 y 24 o hasta 30 si son estudiantes avanzadas o avanzados. Para <strong>Progresar Trabajo<\/strong> entre 18 y 24 a\u00f1os, ampli\u00e1ndose a 40 para quienes no poseen trabajo formal registrado.<\/p>\n<p>&nbsp;<\/p>\n<p>En las tres l\u00edneas, las y los aspirantes pueden inscribirse hasta los 35 a\u00f1os si tienen hijas o hijos menores de 18 a\u00f1os a cargo y pertenecen a hogares monoparentales.<\/p>\n<p>&nbsp;<\/p>\n<p>En ning\u00fan caso se establece l\u00edmite de edad para grupos priorizados (personas trans, con discapacidad, refugiadas o pertenecientes a pueblos ind\u00edgenas y afrodescendientes). Para la <strong>l\u00ednea Enfermer\u00eda<\/strong> deben tener 17 a\u00f1os cumplidos, pero no se establece un l\u00edmite de edad m\u00e1xima.<\/p>\n<p>&nbsp;<\/p>\n<p>Por otro lado, los ingresos del grupo familiar de las y los aspirantes no deben superar tres veces el Salario M\u00ednimo Vital y M\u00f3vil vigente en Argentina. Por \u00faltimo, deber\u00e1n acreditar la asistencia a una instituci\u00f3n educativa y cumplir con los requisitos de avance acad\u00e9mico seg\u00fan la l\u00ednea.<\/p>\n<p>&nbsp;<\/p>\n<p>Seg\u00fan la Resoluci\u00f3n 442 del Ministerio de Educaci\u00f3n, el monto mensual de la L\u00ednea Becas Progresar &#8220;Finalizaci\u00f3n de la educaci\u00f3n obligatoria&#8221;, &#8220;Progresar Trabajo&#8221; y &#8220;Fomento de la educaci\u00f3n superior&#8221; para carreras universitarias y carreras de educaci\u00f3n superior no universitarias se elevar\u00e1<strong> a $ 9000 brutos<\/strong>.<\/p>\n<p>&nbsp;<\/p>\n<p><strong>Alcance<\/strong><\/p>\n<p>&nbsp;<\/p>\n<p><strong>Progresar alcanz\u00f3 durante diciembre de 2022 a 1.697.663 becarias y becarios en todo el pa\u00eds<\/strong>. El Nivel Obligatorio concentra la mayor cantidad de titulares con 924.484 (54,46 %). Lo siguen el Nivel Superior y Enfermer\u00eda, que distinguen Nivel Universitario (con 412.120, 24,28 %) y Nivel No Universitario (con 270.079, 15,91 %).<\/p>\n<p>&nbsp;<\/p>\n<p>Finalmente, la l\u00ednea que corresponde a Formaci\u00f3n Profesional totaliza 83.962 estudiantes (4,95 %). Por su parte, la l\u00ednea Egresar incorpora a 7.018 titulares que se encuentran finalizando sus estudios secundarios bajo esa modalidad.<\/p>\n<p>&nbsp;<\/p>\n<p>La secretaria de Cooperaci\u00f3n Educativa y Acciones Prioritarias, Andrea Garc\u00eda, destac\u00f3: <strong>\u201cLa importancia de esta pol\u00edtica es garantizarles a todas y todos los argentinos la posibilidad de estudiar,<\/strong> primero en la escuela secundaria para luego poder llegar a la universidad. Un pa\u00eds que piensa en sus j\u00f3venes piensa en la inversi\u00f3n y el trabajo\u201d.<\/p>\n<p>&nbsp;<\/p>\n<p>Quienes deseen inscribirse podr\u00e1n hacerlo en la web Progresar:<a href=\"https:\/\/www.argentina.gob.ar\/educacion\/progresar\" target=\"_blank\" rel=\"noopener\"><em> argentina.gob.ar\/progresar<\/em><\/a><\/p>\n<p>&nbsp;<\/p>\n","protected":false},"excerpt":{"rendered":"<p>Hasta el 31 de marzo para los interesados en recibir becas en las diferentes l\u00edneas de apoyo. Requisitos y montos.<\/p>\n","protected":false},"author":4,"featured_media":78298,"comment_status":"closed","ping_status":"closed","sticky":false,"template":"","format":"standard","meta":{"_jetpack_memberships_contains_paid_content":false,"footnotes":""},"categories":[5,1],"tags":[],"class_list":["post-78297","post","type-post","status-publish","format-standard","has-post-thumbnail","hentry","category-informacion-general","category-portada"],"jetpack_featured_media_url":"https:\/\/i0.wp.com\/cdnoticias.com\/wp-content\/uploads\/2023\/03\/becas-progresar-00.jpg?fit=800%2C445&ssl=1","jetpack_sharing_enabled":true,"_links":{"self":[{"href":"https:\/\/cdnoticias.com\/index.php\/wp-json\/wp\/v2\/posts\/78297","targetHints":{"allow":["GET"]}}],"collection":[{"href":"https:\/\/cdnoticias.com\/index.php\/wp-json\/wp\/v2\/posts"}],"about":[{"href":"https:\/\/cdnoticias.com\/index.php\/wp-json\/wp\/v2\/types\/post"}],"author":[{"embeddable":true,"href":"https:\/\/cdnoticias.com\/index.php\/wp-json\/wp\/v2\/users\/4"}],"replies":[{"embeddable":true,"href":"https:\/\/cdnoticias.com\/index.php\/wp-json\/wp\/v2\/comments?post=78297"}],"version-history":[{"count":0,"href":"https:\/\/cdnoticias.com\/index.php\/wp-json\/wp\/v2\/posts\/78297\/revisions"}],"wp:featuredmedia":[{"embeddable":true,"href":"https:\/\/cdnoticias.com\/index.php\/wp-json\/wp\/v2\/media\/78298"}],"wp:attachment":[{"href":"https:\/\/cdnoticias.com\/index.php\/wp-json\/wp\/v2\/media?parent=78297"}],"wp:term":[{"taxonomy":"category","embeddable":true,"href":"https:\/\/cdnoticias.com\/index.php\/wp-json\/wp\/v2\/categories?post=78297"},{"taxonomy":"post_tag","embeddable":true,"href":"https:\/\/cdnoticias.com\/index.php\/wp-json\/wp\/v2\/tags?post=78297"}],"curies":[{"name":"wp","href":"https:\/\/api.w.org\/{rel}","templated":true}]}}