{"id":78250,"date":"2023-03-05T19:31:45","date_gmt":"2023-03-05T22:31:45","guid":{"rendered":"https:\/\/www.centraldenoticias.com.ar\/?p=78250"},"modified":"2023-03-05T19:31:45","modified_gmt":"2023-03-05T22:31:45","slug":"la-facultad-de-ingenieria-realiza-actividades-ante-un-nuevo-8m","status":"publish","type":"post","link":"https:\/\/cdnoticias.com\/index.php\/2023\/03\/05\/la-facultad-de-ingenieria-realiza-actividades-ante-un-nuevo-8m\/","title":{"rendered":"La Facultad de Ingenier\u00eda realiza actividades ante un nuevo 8M"},"content":{"rendered":"<p>&#8220;La b\u00fasqueda de igualdad de derechos y oportunidades en carreras cient\u00edfico-tecnol\u00f3gicas se ha convertido en una cuesti\u00f3n institucional&#8221; expresaron. <!--more--><\/p>\n<hr \/>\n<p>Ante un <strong>nuevo 8 de marzo<\/strong>, en el cual se conmemora el <strong>D\u00eda Internacional de la Mujer<\/strong>, la <strong>Facultad de Ingenier\u00eda<\/strong> realizar\u00e1 diversas actividades.<\/p>\n<p>&nbsp;<\/p>\n<p><em><strong>&#8220;La b\u00fasqueda de igualdad de derechos y oportunidades en carreras cient\u00edfico-tecnol\u00f3gicas se ha convertido en una cuesti\u00f3n institucional. Los resultados en la unidad acad\u00e9mica son alentadores y marcan el ADN de la Facultad&#8221;<\/strong><\/em> expresaron desde la instituci\u00f3n.<\/p>\n<p>&nbsp;<\/p>\n<p>La primera actividad estar\u00e1 a cargo de <strong>nuevas y nuevos ingresantes 2023 <\/strong>quienes realizaron un <strong>relevamiento con el objetivo de conocer su opini\u00f3n sobre la participaci\u00f3n de las mujeres en las carreras cient\u00edfico-tecnol\u00f3gicas.<\/strong><\/p>\n<p>&nbsp;<\/p>\n<p>&#8220;El an\u00e1lisis de la informaci\u00f3n recabada permitir\u00e1 realizar algunas <strong>reflexiones sobre la tem\u00e1tica brecha de g\u00e9nero en las carreras de ciencia, tecnolog\u00eda, ingenier\u00eda y matem\u00e1tica<\/strong> (STEM, por sus siglas en ingl\u00e9s) que ser\u00e1n compartidas en el aula con los y las ingresantes y con la comunidad de la FIO&#8221; contaron.<\/p>\n<p>&nbsp;<\/p>\n<p><img data-recalc-dims=\"1\" loading=\"lazy\" decoding=\"async\" class=\"aligncenter wp-image-78257 size-full\" src=\"https:\/\/i0.wp.com\/cdnoticias.com\/wp-content\/uploads\/2023\/03\/logomifio.jpg?resize=498%2C279&#038;ssl=1\" alt=\"\" width=\"498\" height=\"279\" srcset=\"https:\/\/i0.wp.com\/cdnoticias.com\/wp-content\/uploads\/2023\/03\/logomifio.jpg?w=498&amp;ssl=1 498w, https:\/\/i0.wp.com\/cdnoticias.com\/wp-content\/uploads\/2023\/03\/logomifio.jpg?resize=300%2C168&amp;ssl=1 300w\" sizes=\"auto, (max-width: 498px) 100vw, 498px\" \/><\/p>\n<p>&nbsp;<\/p>\n<p><strong>Mujeres en Ingenier\u00eda de la FIO<\/strong> (MIFIO) es un <strong>grupo creado en 2022<\/strong> con el objetivo de nuclear acciones y continuar trabajando para propiciar las buenas pr\u00e1cticas con perspectiva de g\u00e9nero en la Facultad. Lo integran Andrea Riera, Lorena Markovina, Silvia Garc\u00eda, Bettina Bravo, Laura Ayesa, Mar\u00eda Peralta y Mar\u00eda In\u00e9s Berrino.<\/p>\n<p>&nbsp;<\/p>\n<p>En relaci\u00f3n a la actividad, el grupo convoca el pr\u00f3ximo<strong> mi\u00e9rcoles 8 en el hall de la FIO a las 12<\/strong> a la comunidad para compartir dichas reflexiones.<\/p>\n<p>&nbsp;<\/p>\n<p><strong>Presentaci\u00f3n del Libro \u201cMatilda y las Mujeres en Ingenier\u00eda en Am\u00e9rica Latina \u2013 4\u201d<\/strong><\/p>\n<p>&nbsp;<\/p>\n<p>Durante marzo, el Consejo Federal de Decanos de Ingenier\u00eda (CONFEDI)<strong> presentar\u00e1 en Argentina la cuarta edici\u00f3n del libro<\/strong> <em><strong>\u201cMatilda y las mujeres en Ingenier\u00eda en Am\u00e9rica Latina\u201d<\/strong><\/em>. La FIO estar\u00e1 presente como representante de CONFEDI en el Comit\u00e9 Ejecutivo de la C\u00e1tedra Abierta Latinoam\u00e9rica \u201cMatilda y las Mujeres en Ingenier\u00eda\u201d.<\/p>\n<p>&nbsp;<\/p>\n<p>La<strong> saga de libros Matilda<\/strong> es una obra que nace en colaboraci\u00f3n de distintas voluntades con un mismo objetivo:<strong> darles visibilidad a las mujeres en ingenier\u00eda y ciencias, contar su historia e inspirar a m\u00e1s mujeres a integrarse a carreras STEM.<\/strong><\/p>\n<p>&nbsp;<\/p>\n<p><img data-recalc-dims=\"1\" loading=\"lazy\" decoding=\"async\" class=\"aligncenter wp-image-78258 size-full\" src=\"https:\/\/i0.wp.com\/cdnoticias.com\/wp-content\/uploads\/2023\/03\/Matilda.png?resize=800%2C553&#038;ssl=1\" alt=\"\" width=\"800\" height=\"553\" srcset=\"https:\/\/i0.wp.com\/cdnoticias.com\/wp-content\/uploads\/2023\/03\/Matilda.png?w=1107&amp;ssl=1 1107w, https:\/\/i0.wp.com\/cdnoticias.com\/wp-content\/uploads\/2023\/03\/Matilda.png?resize=300%2C207&amp;ssl=1 300w, https:\/\/i0.wp.com\/cdnoticias.com\/wp-content\/uploads\/2023\/03\/Matilda.png?resize=1024%2C708&amp;ssl=1 1024w, https:\/\/i0.wp.com\/cdnoticias.com\/wp-content\/uploads\/2023\/03\/Matilda.png?resize=768%2C531&amp;ssl=1 768w, https:\/\/i0.wp.com\/cdnoticias.com\/wp-content\/uploads\/2023\/03\/Matilda.png?resize=392%2C272&amp;ssl=1 392w, https:\/\/i0.wp.com\/cdnoticias.com\/wp-content\/uploads\/2023\/03\/Matilda.png?resize=130%2C90&amp;ssl=1 130w\" sizes=\"auto, (max-width: 800px) 100vw, 800px\" \/><\/p>\n<p>&nbsp;<\/p>\n<p>A ra\u00edz de este esfuerzo surge posteriormente la <em><strong>\u201cC\u00e1tedra Abierta Latinoamericana Matilda y las Mujeres en Ingenier\u00eda\u201d<\/strong><\/em> (CAL Matilda) que re\u00fane, despu\u00e9s de dos a\u00f1os, a m\u00e1s de cien miembros individuales pertenecientes a doce pa\u00edses, trabajando por m\u00e1s vocaciones de mujeres en ingenier\u00eda y ciencias, por su retenci\u00f3n y desarrollo profesional.<\/p>\n<p>&nbsp;<\/p>\n<p>El nuevo libro en su cuarta edici\u00f3n, sumando la historia de muchas mujeres de nuestra regi\u00f3n, busca inspirar a m\u00e1s personas para ser parte de este cambio cultural e invitar a colaborar en acciones encaminadas a la equidad. La agenda se completar\u00e1 con un <strong>programa de difusi\u00f3n de voces de mujeres de la comunidad FIO referidas al rol de la mujer en carreras cient\u00edfico-tecnol\u00f3gicas.<\/strong><\/p>\n<p>&nbsp;<\/p>\n<p>&nbsp;<\/p>\n<p>&nbsp;<\/p>\n<p>&nbsp;<\/p>\n","protected":false},"excerpt":{"rendered":"<p>&#8220;La b\u00fasqueda de igualdad de derechos y oportunidades en carreras cient\u00edfico-tecnol\u00f3gicas se ha convertido en una cuesti\u00f3n institucional&#8221; expresaron.<\/p>\n","protected":false},"author":6,"featured_media":78251,"comment_status":"closed","ping_status":"closed","sticky":false,"template":"","format":"standard","meta":{"_jetpack_memberships_contains_paid_content":false,"footnotes":""},"categories":[5,1],"tags":[],"class_list":["post-78250","post","type-post","status-publish","format-standard","has-post-thumbnail","hentry","category-informacion-general","category-portada"],"jetpack_featured_media_url":"https:\/\/i0.wp.com\/cdnoticias.com\/wp-content\/uploads\/2023\/03\/mujerescientificasimagenarchivo.jpg?fit=873%2C491&ssl=1","jetpack_sharing_enabled":true,"_links":{"self":[{"href":"https:\/\/cdnoticias.com\/index.php\/wp-json\/wp\/v2\/posts\/78250","targetHints":{"allow":["GET"]}}],"collection":[{"href":"https:\/\/cdnoticias.com\/index.php\/wp-json\/wp\/v2\/posts"}],"about":[{"href":"https:\/\/cdnoticias.com\/index.php\/wp-json\/wp\/v2\/types\/post"}],"author":[{"embeddable":true,"href":"https:\/\/cdnoticias.com\/index.php\/wp-json\/wp\/v2\/users\/6"}],"replies":[{"embeddable":true,"href":"https:\/\/cdnoticias.com\/index.php\/wp-json\/wp\/v2\/comments?post=78250"}],"version-history":[{"count":0,"href":"https:\/\/cdnoticias.com\/index.php\/wp-json\/wp\/v2\/posts\/78250\/revisions"}],"wp:featuredmedia":[{"embeddable":true,"href":"https:\/\/cdnoticias.com\/index.php\/wp-json\/wp\/v2\/media\/78251"}],"wp:attachment":[{"href":"https:\/\/cdnoticias.com\/index.php\/wp-json\/wp\/v2\/media?parent=78250"}],"wp:term":[{"taxonomy":"category","embeddable":true,"href":"https:\/\/cdnoticias.com\/index.php\/wp-json\/wp\/v2\/categories?post=78250"},{"taxonomy":"post_tag","embeddable":true,"href":"https:\/\/cdnoticias.com\/index.php\/wp-json\/wp\/v2\/tags?post=78250"}],"curies":[{"name":"wp","href":"https:\/\/api.w.org\/{rel}","templated":true}]}}