{"id":78237,"date":"2023-03-02T18:28:40","date_gmt":"2023-03-02T21:28:40","guid":{"rendered":"https:\/\/www.centraldenoticias.com.ar\/?p=78237"},"modified":"2023-03-02T20:19:07","modified_gmt":"2023-03-02T23:19:07","slug":"__trashed-3","status":"publish","type":"post","link":"https:\/\/cdnoticias.com\/index.php\/2023\/03\/02\/__trashed-3\/","title":{"rendered":"Primer caso de gripe aviar en aves de corral: suspenden las exportaciones"},"content":{"rendered":"<p>El caso fue en la provincia de R\u00edo Negro. Aquellos frigor\u00edficos que exportan, podr\u00e1n comercializar sus productos en el mercado interno.<!--more--><\/p>\n<hr \/>\n<p>El Servicio Nacional de Sanidad y Calidad Agroalimentaria (Senasa) confirm\u00f3 el <strong>primer caso positivo de influenza aviar altamente pat\u00f3gena<\/strong> (IAAP) H5 <strong>en aves de corral de la provincia de R\u00edo Negro<\/strong> con lo que el pa\u00eds pierde temporariamente su estatus de libre de la enfermedad y<strong> auto-suspende la exportaci\u00f3n de productos aviares<\/strong> cumpliendo con las normas internacionales.<\/p>\n<p>&nbsp;<\/p>\n<p>En un comunicado, el ente sanitario indic\u00f3 que \u201c<em>la producci\u00f3n aviar para el consumo en el pa\u00eds continuar\u00e1 desarroll\u00e1ndose con normalidad ya que la IAAP no se transmite por el consumo de carne de pollo y huevos, al tiempo que aquellos frigor\u00edficos que exportan, podr\u00e1n comercializar sus productos en el mercado interno\u201d.<\/em><\/p>\n<p>&nbsp;<\/p>\n<p>El Senasa detall\u00f3 que \u201cel caso positivo proviene de un establecimiento de pollos parrilleros ubicado en la localidad de Mainque, provincia de R\u00edo Negro, al sur de la barrera zoofitosanitaria patag\u00f3nica, en una zona de baja densidad av\u00edcola&#8221;.<\/p>\n<p>&nbsp;<\/p>\n<p>El organismo dispuso \u201cefectuar las medidas de contenci\u00f3n correspondientes, establecidas en el manual de contingencia de influenza aviar, con el fin de <strong>evitar la dispersi\u00f3n de la enfermedad en otros establecimientos productores<\/strong> de aves destinadas al circuito comercial\u201d.<\/p>\n<p>&nbsp;<\/p>\n<p>Al mismo tiempo, siguiendo los protocolos internacionales, las autoridades del Senasa comunicar\u00e1n oficialmente la novedad a la Organizaci\u00f3n Mundial de Sanidad Animal (OMSA). Autoridades, profesionales y t\u00e9cnicos del Senasa est\u00e1n trabajando con el fin de lograr la <strong>pronta restituci\u00f3n del estatus de pa\u00eds libre de la enfermedad, y el reinicio de las exportaciones aviares.\u00a0<\/strong><\/p>\n<p>&nbsp;<\/p>\n<p>De esta manera, de las 177 notificaciones analizadas por el Laboratorio del Senasa, a la fecha, suman 25 los casos confirmados en aves silvestres (3), de traspatio (21) y sector comercial (1) distribuidos de la siguiente manera:13 en C\u00f3rdoba, 4 en Buenos Aires, 2 en R\u00edo Negro, 2 en Santa Fe, 1 en Jujuy, 1 en Neuqu\u00e9n, 1 en San Luis y 1 en Salta.<\/p>\n<p>&nbsp;<\/p>\n<p>En caso de <strong>observarse la presencia o sospecha de signos cl\u00ednicos compatibles con IAAP en aves o el hallazgo de aves dom\u00e9sticas y\/o silvestres muertas<\/strong>, notificar al Senasa concurriendo a cualquiera de sus oficinas; por medio de la aplicaci\u00f3n \u201cNotificaciones Senasa\u201d, enviando un correo electr\u00f3nico a notificaciones@senasa.gob.ar; ingresando al apartado \u201cAvisa al Senasa\u201d de la p\u00e1gina web del organismo o enviando un whatsapp al 11-5700-5704.<\/p>\n<p>&nbsp;<\/p>\n<p><em>Fuente: DIB\u00a0<\/em><\/p>\n","protected":false},"excerpt":{"rendered":"<p>El caso fue en la provincia de R\u00edo Negro. Aquellos frigor\u00edficos que exportan, podr\u00e1n comercializar sus productos en el mercado<\/p>\n","protected":false},"author":6,"featured_media":77715,"comment_status":"closed","ping_status":"closed","sticky":false,"template":"","format":"standard","meta":{"_jetpack_memberships_contains_paid_content":false,"footnotes":""},"categories":[6],"tags":[],"class_list":["post-78237","post","type-post","status-publish","format-standard","has-post-thumbnail","hentry","category-nacionales"],"jetpack_featured_media_url":"https:\/\/i0.wp.com\/cdnoticias.com\/wp-content\/uploads\/2023\/02\/gripeaviar.jpg?fit=696%2C468&ssl=1","jetpack_sharing_enabled":true,"_links":{"self":[{"href":"https:\/\/cdnoticias.com\/index.php\/wp-json\/wp\/v2\/posts\/78237","targetHints":{"allow":["GET"]}}],"collection":[{"href":"https:\/\/cdnoticias.com\/index.php\/wp-json\/wp\/v2\/posts"}],"about":[{"href":"https:\/\/cdnoticias.com\/index.php\/wp-json\/wp\/v2\/types\/post"}],"author":[{"embeddable":true,"href":"https:\/\/cdnoticias.com\/index.php\/wp-json\/wp\/v2\/users\/6"}],"replies":[{"embeddable":true,"href":"https:\/\/cdnoticias.com\/index.php\/wp-json\/wp\/v2\/comments?post=78237"}],"version-history":[{"count":0,"href":"https:\/\/cdnoticias.com\/index.php\/wp-json\/wp\/v2\/posts\/78237\/revisions"}],"wp:featuredmedia":[{"embeddable":true,"href":"https:\/\/cdnoticias.com\/index.php\/wp-json\/wp\/v2\/media\/77715"}],"wp:attachment":[{"href":"https:\/\/cdnoticias.com\/index.php\/wp-json\/wp\/v2\/media?parent=78237"}],"wp:term":[{"taxonomy":"category","embeddable":true,"href":"https:\/\/cdnoticias.com\/index.php\/wp-json\/wp\/v2\/categories?post=78237"},{"taxonomy":"post_tag","embeddable":true,"href":"https:\/\/cdnoticias.com\/index.php\/wp-json\/wp\/v2\/tags?post=78237"}],"curies":[{"name":"wp","href":"https:\/\/api.w.org\/{rel}","templated":true}]}}