{"id":78234,"date":"2023-03-01T19:00:07","date_gmt":"2023-03-01T22:00:07","guid":{"rendered":"https:\/\/www.centraldenoticias.com.ar\/?p=78234"},"modified":"2023-03-01T19:00:07","modified_gmt":"2023-03-01T22:00:07","slug":"tres-mujeres-presidieron-la-asamblea-legislativa-por-primera-vez-en-la-historia","status":"publish","type":"post","link":"https:\/\/cdnoticias.com\/index.php\/2023\/03\/01\/tres-mujeres-presidieron-la-asamblea-legislativa-por-primera-vez-en-la-historia\/","title":{"rendered":"Tres mujeres presidieron la Asamblea Legislativa por primera vez en la historia"},"content":{"rendered":"<p class=\"td-post-sub-title\">&#8220;La primera vez que somos todas mujeres&#8221;, celebr\u00f3 Cristina Kirchner y pidi\u00f3 un aplauso junto a Cecilia Moreau y Claudia Ledesma Abdala.<!--more--><\/p>\n<hr \/>\n<div class=\"td-module-meta-info\">\n<p>Por<strong> primera vez en la historia del pa\u00eds<\/strong>,<strong> tres mujeres presidieron una Asamblea Legislativa en el Congreso<\/strong>, antes del discurso de apertura de sesiones ordinarias a cargo del mandatario Alberto Fern\u00e1ndez.<\/p>\n<p>&nbsp;<\/p>\n<p>Se trata de la vicepresidenta<strong> Cristina Kirchner;<\/strong> la presidenta provisional del Senado<strong>, Claudia Ledesma Abdala;<\/strong> y la presidenta de la C\u00e1mara de Diputados,<strong> Cecilia Moreau<\/strong>. Las mujeres quedaron en la historia institucional del pa\u00eds por ser las primeras en integrar presidencias del Congreso al mismo tiempo.<\/p>\n<p>&nbsp;<\/p>\n<p>La imagen de Cristina Kirchner, Ledesma Abdala y Moreau se viraliz\u00f3 en redes sociales, donde se destac\u00f3 el detalle de la <strong>conducci\u00f3n femenina.<\/strong><\/p>\n<p>&nbsp;<\/p>\n<p><em><strong>\u201cLa primera vez que somos todas mujeres\u201d,<\/strong><\/em> celebr\u00f3 la titular del Senado durante la apertura de la Asamblea Legislativa y pidi\u00f3 un aplauso para festejar ese hecho.<\/p>\n<\/div>\n<p>&nbsp;<\/p>\n<p><em>Fuente: DIB<\/em><\/p>\n","protected":false},"excerpt":{"rendered":"<p>&#8220;La primera vez que somos todas mujeres&#8221;, celebr\u00f3 Cristina Kirchner y pidi\u00f3 un aplauso junto a Cecilia Moreau y Claudia<\/p>\n","protected":false},"author":6,"featured_media":78235,"comment_status":"closed","ping_status":"closed","sticky":false,"template":"","format":"standard","meta":{"_jetpack_memberships_contains_paid_content":false,"footnotes":""},"categories":[6,1],"tags":[],"class_list":["post-78234","post","type-post","status-publish","format-standard","has-post-thumbnail","hentry","category-nacionales","category-portada"],"jetpack_featured_media_url":"https:\/\/i0.wp.com\/cdnoticias.com\/wp-content\/uploads\/2023\/03\/CFK-696x464-1.jpg?fit=696%2C464&ssl=1","jetpack_sharing_enabled":true,"_links":{"self":[{"href":"https:\/\/cdnoticias.com\/index.php\/wp-json\/wp\/v2\/posts\/78234","targetHints":{"allow":["GET"]}}],"collection":[{"href":"https:\/\/cdnoticias.com\/index.php\/wp-json\/wp\/v2\/posts"}],"about":[{"href":"https:\/\/cdnoticias.com\/index.php\/wp-json\/wp\/v2\/types\/post"}],"author":[{"embeddable":true,"href":"https:\/\/cdnoticias.com\/index.php\/wp-json\/wp\/v2\/users\/6"}],"replies":[{"embeddable":true,"href":"https:\/\/cdnoticias.com\/index.php\/wp-json\/wp\/v2\/comments?post=78234"}],"version-history":[{"count":0,"href":"https:\/\/cdnoticias.com\/index.php\/wp-json\/wp\/v2\/posts\/78234\/revisions"}],"wp:featuredmedia":[{"embeddable":true,"href":"https:\/\/cdnoticias.com\/index.php\/wp-json\/wp\/v2\/media\/78235"}],"wp:attachment":[{"href":"https:\/\/cdnoticias.com\/index.php\/wp-json\/wp\/v2\/media?parent=78234"}],"wp:term":[{"taxonomy":"category","embeddable":true,"href":"https:\/\/cdnoticias.com\/index.php\/wp-json\/wp\/v2\/categories?post=78234"},{"taxonomy":"post_tag","embeddable":true,"href":"https:\/\/cdnoticias.com\/index.php\/wp-json\/wp\/v2\/tags?post=78234"}],"curies":[{"name":"wp","href":"https:\/\/api.w.org\/{rel}","templated":true}]}}