{"id":78225,"date":"2023-03-02T10:42:55","date_gmt":"2023-03-02T13:42:55","guid":{"rendered":"https:\/\/www.centraldenoticias.com.ar\/?p=78225"},"modified":"2023-03-02T10:42:55","modified_gmt":"2023-03-02T13:42:55","slug":"vergel-y-matrella-acompanaron-el-comienzo-de-clases-en-la-escuela-n-13-de-sierra-chica","status":"publish","type":"post","link":"https:\/\/cdnoticias.com\/index.php\/2023\/03\/02\/vergel-y-matrella-acompanaron-el-comienzo-de-clases-en-la-escuela-n-13-de-sierra-chica\/","title":{"rendered":"Vergel y Matrella acompa\u00f1aron el comienzo de clases en la Escuela N\u00b0 13 de Sierra Chica"},"content":{"rendered":"<p>El acto fue en la ma\u00f1ana de este mi\u00e9rcoles. &#8220;Que el sistema educativo se piense como base del Estado que queremos expres\u00f3 la concejala Bel\u00e9n Vergel. <!--more--><\/p>\n<hr \/>\n<p>En la ma\u00f1ana de ese mi\u00e9rcoles, los concejales de la Uni\u00f3n C\u00edvica Radical, <strong>Bel\u00e9n Vergel y Sebasti\u00e1n Matrella<\/strong>, acompa\u00f1aron el<strong> acto de inicio de clases en la Escuela Primaria N\u00b0 13<\/strong> de la localidad de <strong>Sierra Chica.<\/strong><\/p>\n<p>&nbsp;<\/p>\n<p>All\u00ed, fueron recibidos por la directora del establecimiento, Josefina Torres, docentes y personal del lugar quienes les contaron sobre el funcionamiento y desarrollo de la instituci\u00f3n. Adem\u00e1s, les brindaron un recorrido por las instalaciones.<\/p>\n<p>&nbsp;<\/p>\n<p><img data-recalc-dims=\"1\" loading=\"lazy\" decoding=\"async\" class=\"aligncenter wp-image-78227 size-full\" src=\"https:\/\/i0.wp.com\/cdnoticias.com\/wp-content\/uploads\/2023\/03\/IMG-20230301-WA0004.jpg?resize=800%2C534&#038;ssl=1\" alt=\"\" width=\"800\" height=\"534\" srcset=\"https:\/\/i0.wp.com\/cdnoticias.com\/wp-content\/uploads\/2023\/03\/IMG-20230301-WA0004.jpg?w=1342&amp;ssl=1 1342w, https:\/\/i0.wp.com\/cdnoticias.com\/wp-content\/uploads\/2023\/03\/IMG-20230301-WA0004.jpg?resize=300%2C200&amp;ssl=1 300w, https:\/\/i0.wp.com\/cdnoticias.com\/wp-content\/uploads\/2023\/03\/IMG-20230301-WA0004.jpg?resize=1024%2C683&amp;ssl=1 1024w, https:\/\/i0.wp.com\/cdnoticias.com\/wp-content\/uploads\/2023\/03\/IMG-20230301-WA0004.jpg?resize=768%2C512&amp;ssl=1 768w, https:\/\/i0.wp.com\/cdnoticias.com\/wp-content\/uploads\/2023\/03\/IMG-20230301-WA0004.jpg?resize=272%2C182&amp;ssl=1 272w\" sizes=\"auto, (max-width: 800px) 100vw, 800px\" \/><\/p>\n<p>&nbsp;<\/p>\n<p>Al respecto, Vergel manifest\u00f3 que <em>&#8220;estamos felices de poder acompa\u00f1ar en este comienzo de clases. Ver las escuelas abiertas, ilusiones renovadas y docentes comprometidos, nos permite entender que son el pilar y sustento m\u00e1s grande que tiene la educaci\u00f3n&#8221;<\/em> y agreg\u00f3 que &#8220;<em>necesitamos facilitarles su tarea y que reciban respuestas a tiempo<\/em>. <em><strong>Que el sistema educativo se piense como base del Estado que queremos&#8221;.<\/strong><\/em><\/p>\n<p>&nbsp;<\/p>\n<p><em><strong>&#8220;El inicio de clases es un d\u00eda muy especial para muchas familias. El futuro de nuestros ni\u00f1os depende de una educaci\u00f3n de calidad para que el d\u00eda de ma\u00f1ana puedan enfrentar los desaf\u00edos de la vida&#8221;<\/strong><\/em> cerr\u00f3 Matrella.<\/p>\n<p>&nbsp;<\/p>\n<p><img data-recalc-dims=\"1\" loading=\"lazy\" decoding=\"async\" class=\"alignnone size-full wp-image-78229\" src=\"https:\/\/i0.wp.com\/cdnoticias.com\/wp-content\/uploads\/2023\/03\/IMG-20230301-WA0003.jpg?resize=800%2C533&#038;ssl=1\" alt=\"\" width=\"800\" height=\"533\" srcset=\"https:\/\/i0.wp.com\/cdnoticias.com\/wp-content\/uploads\/2023\/03\/IMG-20230301-WA0003.jpg?w=1500&amp;ssl=1 1500w, https:\/\/i0.wp.com\/cdnoticias.com\/wp-content\/uploads\/2023\/03\/IMG-20230301-WA0003.jpg?resize=300%2C200&amp;ssl=1 300w, https:\/\/i0.wp.com\/cdnoticias.com\/wp-content\/uploads\/2023\/03\/IMG-20230301-WA0003.jpg?resize=1024%2C683&amp;ssl=1 1024w, https:\/\/i0.wp.com\/cdnoticias.com\/wp-content\/uploads\/2023\/03\/IMG-20230301-WA0003.jpg?resize=768%2C512&amp;ssl=1 768w, https:\/\/i0.wp.com\/cdnoticias.com\/wp-content\/uploads\/2023\/03\/IMG-20230301-WA0003.jpg?resize=272%2C182&amp;ssl=1 272w\" sizes=\"auto, (max-width: 800px) 100vw, 800px\" \/><\/p>\n<p>&nbsp;<\/p>\n<p><img data-recalc-dims=\"1\" loading=\"lazy\" decoding=\"async\" class=\"alignnone size-full wp-image-78226\" src=\"https:\/\/i0.wp.com\/cdnoticias.com\/wp-content\/uploads\/2023\/03\/IMG-20230301-WA0006.jpg?resize=800%2C533&#038;ssl=1\" alt=\"\" width=\"800\" height=\"533\" srcset=\"https:\/\/i0.wp.com\/cdnoticias.com\/wp-content\/uploads\/2023\/03\/IMG-20230301-WA0006.jpg?w=1500&amp;ssl=1 1500w, https:\/\/i0.wp.com\/cdnoticias.com\/wp-content\/uploads\/2023\/03\/IMG-20230301-WA0006.jpg?resize=300%2C200&amp;ssl=1 300w, https:\/\/i0.wp.com\/cdnoticias.com\/wp-content\/uploads\/2023\/03\/IMG-20230301-WA0006.jpg?resize=1024%2C683&amp;ssl=1 1024w, https:\/\/i0.wp.com\/cdnoticias.com\/wp-content\/uploads\/2023\/03\/IMG-20230301-WA0006.jpg?resize=768%2C512&amp;ssl=1 768w, https:\/\/i0.wp.com\/cdnoticias.com\/wp-content\/uploads\/2023\/03\/IMG-20230301-WA0006.jpg?resize=272%2C182&amp;ssl=1 272w\" sizes=\"auto, (max-width: 800px) 100vw, 800px\" \/><\/p>\n","protected":false},"excerpt":{"rendered":"<p>El acto fue en la ma\u00f1ana de este mi\u00e9rcoles. &#8220;Que el sistema educativo se piense como base del Estado que<\/p>\n","protected":false},"author":6,"featured_media":78228,"comment_status":"closed","ping_status":"closed","sticky":false,"template":"","format":"standard","meta":{"_jetpack_memberships_contains_paid_content":false,"footnotes":""},"categories":[4],"tags":[],"class_list":["post-78225","post","type-post","status-publish","format-standard","has-post-thumbnail","hentry","category-politica"],"jetpack_featured_media_url":"https:\/\/i0.wp.com\/cdnoticias.com\/wp-content\/uploads\/2023\/03\/IMG-20230301-WA0007.jpg?fit=1500%2C1000&ssl=1","jetpack_sharing_enabled":true,"_links":{"self":[{"href":"https:\/\/cdnoticias.com\/index.php\/wp-json\/wp\/v2\/posts\/78225","targetHints":{"allow":["GET"]}}],"collection":[{"href":"https:\/\/cdnoticias.com\/index.php\/wp-json\/wp\/v2\/posts"}],"about":[{"href":"https:\/\/cdnoticias.com\/index.php\/wp-json\/wp\/v2\/types\/post"}],"author":[{"embeddable":true,"href":"https:\/\/cdnoticias.com\/index.php\/wp-json\/wp\/v2\/users\/6"}],"replies":[{"embeddable":true,"href":"https:\/\/cdnoticias.com\/index.php\/wp-json\/wp\/v2\/comments?post=78225"}],"version-history":[{"count":0,"href":"https:\/\/cdnoticias.com\/index.php\/wp-json\/wp\/v2\/posts\/78225\/revisions"}],"wp:featuredmedia":[{"embeddable":true,"href":"https:\/\/cdnoticias.com\/index.php\/wp-json\/wp\/v2\/media\/78228"}],"wp:attachment":[{"href":"https:\/\/cdnoticias.com\/index.php\/wp-json\/wp\/v2\/media?parent=78225"}],"wp:term":[{"taxonomy":"category","embeddable":true,"href":"https:\/\/cdnoticias.com\/index.php\/wp-json\/wp\/v2\/categories?post=78225"},{"taxonomy":"post_tag","embeddable":true,"href":"https:\/\/cdnoticias.com\/index.php\/wp-json\/wp\/v2\/tags?post=78225"}],"curies":[{"name":"wp","href":"https:\/\/api.w.org\/{rel}","templated":true}]}}